{"id":20289,"date":"2024-11-25T14:01:15","date_gmt":"2024-11-25T19:01:15","guid":{"rendered":"https:\/\/www.elamazonico.com\/portal\/?p=20289"},"modified":"2024-11-25T14:01:15","modified_gmt":"2024-11-25T19:01:15","slug":"independiente-del-valle-vs-el-nacional-por-copa-ecuador-una-final-de-realidades-opuestas","status":"publish","type":"post","link":"https:\/\/www.elamazonico.com\/portal\/independiente-del-valle-vs-el-nacional-por-copa-ecuador-una-final-de-realidades-opuestas\/","title":{"rendered":"Independiente del Valle vs. El Nacional por Copa Ecuador: una final de realidades opuestas"},"content":{"rendered":"<p>Independiente del Valle y El Nacional jugar\u00e1n este partido con una brecha gigantesca en lo que respecta a situaci\u00f3n econ\u00f3mica, administrativa y deportiva en los \u00faltimos a\u00f1os.<\/p>\n<p>Independiente del Valle, un referente en el pa\u00eds y la regi\u00f3n<br \/>\nPor un lado, el equipo &#8216;rayado&#8217; llega a su segunda final de la Copa Ecuador y como vigente campe\u00f3n del torneo.<\/p>\n<p>Independiente del Valle se acostumbr\u00f3 a ser protagonista en todos los torneos desde 2016, cuando alcanz\u00f3 su primera final de Copa Libertadores, que la perdi\u00f3 ante Atl\u00e9tico Nacional de Medell\u00edn.<\/p>\n<p>Y entre 2019 y 2023 los &#8216;negriazules&#8217; alcanzaron dos t\u00edtulos de Copa Sudamericana (2019 y 2022), uno de LigaPro (2021), uno de Copa Ecuador (2022) y el \u00faltimo, el de la Recopa (2023).<\/p>\n<p>Pero el \u00e9xito de Independiente no solo tiene que ver con lo que pasa dentro de la cancha. Tambi\u00e9n se refleja en el trabajo en sus divisiones formativas, el nivel de su infraestructura y una gesti\u00f3n dirigencial seria y ordenada. Nada pasa por casualidad.<\/p>\n<p>Los jugadores de Independiente del Valle festejando el t\u00edtulo de la Copa Sudamericana, con una bandera que dice el &#8216;mata gigantes&#8217;, el 2 de octubre de 2022.EFE<br \/>\nEso, adem\u00e1s, ha permitido concretar el traspaso al extranjero de decenas de futbolistas, como Gonzalo Plata, Mois\u00e9s Caicedo, Piero Hincapi\u00e9, Willian Pacho, Angelo Preciado, Kendry P\u00e1ez y Justin Lerma. Solo por mencionar algunos casos.<\/p>\n<p>Independiente del Valle entendi\u00f3 a la perfecci\u00f3n el modelo del negocio. Inversi\u00f3n en formativas, desarrollo integral de los jugadores y posterior venta a cambio de millones de d\u00f3lares.<\/p>\n<p>Gracias a esa gesti\u00f3n, el club ha recaudado m\u00e1s de USD 100 millones por venta de futbolistas desde 2016, convirti\u00e9ndose as\u00ed en un referente en el pa\u00eds y en la regi\u00f3n.<\/p>\n<p>Mois\u00e9s Caicedo fue presentado por el Chelsea, el 14 de agosto de 2023.Chelsea FC<br \/>\nPero su principal mentor, Michel Deller, no se qued\u00f3 quieto. Y apost\u00f3 por m\u00e1s. En marzo de 2021 compr\u00f3 un porcentaje de Numancia de Espa\u00f1a y en mayo de 2023 adquiri\u00f3 el Atl\u00e9tico Huila de Colombia.<\/p>\n<p>Con eso se form\u00f3 el Grupo Independiente del Valle, que tambi\u00e9n aspira a comprar uno o dos equipos m\u00e1s de Europa.<\/p>\n<p>Hoy por hoy, IDV es el club m\u00e1s s\u00f3lido y transparente del pa\u00eds. En todo sentido. No tiene problemas econ\u00f3micos, con lo cual mantiene a su plantel y colaboradores al d\u00eda. Totalmente distante de lo que sucede en la mayor\u00eda de equipos de Ecuador.<\/p>\n<p>El Nacional y una crisis que no cede<br \/>\nDel otro lado, los &#8216;militares&#8217; se han visto sumergidos en una crisis econ\u00f3mica y dirigencial sin precedentes en los \u00faltimos a\u00f1os. Tambi\u00e9n deportiva, en 2020, cuando descendieron a Serie B.<\/p>\n<p>La realidad de El Nacional se deterior\u00f3 por nefastas administraciones, como la de Luc\u00eda Vallecilla, quien comand\u00f3 el club desde 2019 hasta 2023.<\/p>\n<p>Bajo la gesti\u00f3n de Vallecilla, el club acumul\u00f3 una deuda que super\u00f3 los USD 10 millones, seg\u00fan el actual presidente, Marco Pazos.<\/p>\n<p>Pero adem\u00e1s, la dirigente provoc\u00f3 una acefal\u00eda, tras no contar con el registro de su directorio en el Ministerio del Deporte. Eso, finalmente, termin\u00f3 en una intervenci\u00f3n por parte de la FEF y posterior llamado a elecciones.<\/p>\n<p>Los candidatos a la presidencia de El Nacional, Luc\u00eda Vallecilla (izquierda) y Maro Pazos (derecha) durante el debate del 31 de julio de 2023.Dom\u00e9nica Figueroa<br \/>\nPor otra parte, Vallecilla fue investigada por la Liga Profesional por emitir supuestos dobles contratos a varios futbolistas durante 2020. Caos total.<\/p>\n<p>Lo cierto es que Luc\u00eda Vallecilla dej\u00f3 el cargo a principios de 2024 y, tras las elecciones, Pazos tom\u00f3 su puesto por los pr\u00f3ximos cuatro a\u00f1os.<\/p>\n<p>Ahora, la situaci\u00f3n de El Nacional no ha mejorado. De hecho, cada vez es peor. El club no tiene plata. La mayor\u00eda de jugadores acumulan hasta cinco meses impagos y eso ha desatado, al menos, tres paralizaciones de entrenamientos.<\/p>\n<p>Incluso, el equipo fue sancionado con tres puntos menos por la FEF, por no cumplir con pagos con el exentrenador Ever Hugo Almeida.<\/p>\n<p>Los jugadores de El Nacional durante el partido ante Orense, el domingo 27 de octubre, en el estadio Atahualpa por la Fecha 11 de la LigaPro.@elnacionalec<br \/>\nLa crisis econ\u00f3mica ha trascendido a tal punto que Marcelo Zuleta, actual DT, revel\u00f3 que le pidi\u00f3 plata a su esposa porque no tiene \u00abni para comer\u00bb. Lo mismo han expresado varios futbolistas.<\/p>\n<p>El Nacional tiene deudas por todos lados. Y por ahora no hay una soluci\u00f3n a corto plazo. Eso llev\u00f3 a la dirigencia a organizar la &#8216;Radiot\u00f3n&#8217; y un &#8216;crowdfunding&#8217;, con el fin de recolectar dinero y paliar la crisis.<\/p>\n<p>Es as\u00ed como, desde el jueves 14 de noviembre hasta el 15 de diciembre, se ejecuta la campa\u00f1a &#8216;Todos juntos al Bitricampe\u00f3n lo sacamos adelante&#8217;, donde el hincha &#8216;militar&#8217; puede hacer donaciones y participar de subastas, adem\u00e1s de recibir beneficios de la instituci\u00f3n.<\/p>\n<p>M\u00e1s all\u00e1 de todas las dificultades, y contra todo pron\u00f3stico, El Nacional lleg\u00f3 a la final de la Copa Ecuador y con eso, la clasificaci\u00f3n a la Copa Libertadores 2025.<\/p>\n<p>Los &#8216;puros criollos&#8217; no ganan un t\u00edtulo desde hace 18 a\u00f1os. Y as\u00ed buscar\u00e1n la haza\u00f1a ante un rival muy superior desde todos los aspectos.<br \/>\n<strong>Fuente: Primicias<\/strong><\/p>\n","protected":false},"excerpt":{"rendered":"<p>Independiente del Valle y El Nacional jugar\u00e1n este partido con una brecha gigantesca en lo que respecta a situaci\u00f3n econ\u00f3mica, administrativa y deportiva en los \u00faltimos a\u00f1os. Independiente del Valle, un referente en el pa\u00eds y la regi\u00f3n Por un lado, el equipo &#8216;rayado&#8217; llega a su segunda final de la Copa Ecuador y como vigente campe\u00f3n del torneo. Independiente del Valle se acostumbr\u00f3 a ser protagonista en todos los torneos desde 2016, cuando alcanz\u00f3 su primera final de Copa Libertadores, que la perdi\u00f3 ante Atl\u00e9tico Nacional de Medell\u00edn. Y entre 2019 y 2023 los &#8216;negriazules&#8217; alcanzaron dos t\u00edtulos de Copa Sudamericana (2019 y 2022), uno de LigaPro (2021), uno de Copa Ecuador (2022) y el \u00faltimo, el de la Recopa (2023). Pero el \u00e9xito de Independiente no solo tiene que ver con lo que pasa dentro de la cancha. Tambi\u00e9n se refleja en el trabajo en sus divisiones formativas, el nivel de su infraestructura y una gesti\u00f3n dirigencial seria y ordenada. Nada pasa por casualidad. Los jugadores de Independiente del Valle festejando el t\u00edtulo de la Copa Sudamericana, con una bandera que dice el &#8216;mata gigantes&#8217;, el 2 de octubre de 2022.EFE Eso, adem\u00e1s, ha permitido concretar el traspaso al extranjero de decenas de futbolistas, como Gonzalo Plata, Mois\u00e9s Caicedo, Piero Hincapi\u00e9, Willian Pacho, Angelo Preciado, Kendry P\u00e1ez y Justin Lerma. Solo por mencionar algunos casos. Independiente del Valle entendi\u00f3 a la perfecci\u00f3n el modelo del negocio. Inversi\u00f3n en formativas, desarrollo integral de los jugadores y posterior venta a cambio de millones de d\u00f3lares. Gracias a esa gesti\u00f3n, el club ha recaudado m\u00e1s de USD 100 millones por venta de futbolistas desde 2016, convirti\u00e9ndose as\u00ed en un referente en el pa\u00eds y en la regi\u00f3n. Mois\u00e9s Caicedo fue presentado por el Chelsea, el 14 de agosto de 2023.Chelsea FC Pero su principal mentor, Michel Deller, no se qued\u00f3 quieto. Y apost\u00f3 por m\u00e1s. En marzo de 2021 compr\u00f3 un porcentaje de Numancia de Espa\u00f1a y en mayo de 2023 adquiri\u00f3 el Atl\u00e9tico Huila de Colombia. Con eso se form\u00f3 el Grupo Independiente del Valle, que tambi\u00e9n aspira a comprar uno o dos equipos m\u00e1s de Europa. Hoy por hoy, IDV es el club m\u00e1s s\u00f3lido y transparente del pa\u00eds. En todo sentido. No tiene problemas econ\u00f3micos, con lo cual mantiene a su plantel y colaboradores al d\u00eda. Totalmente distante de lo que sucede en la mayor\u00eda de equipos de Ecuador. El Nacional y una crisis que no cede Del otro lado, los &#8216;militares&#8217; se han visto sumergidos en una crisis econ\u00f3mica y dirigencial sin precedentes en los \u00faltimos a\u00f1os. Tambi\u00e9n deportiva, en 2020, cuando descendieron a Serie B. La realidad de El Nacional se deterior\u00f3 por nefastas administraciones, como la de Luc\u00eda Vallecilla, quien comand\u00f3 el club desde 2019 hasta 2023. Bajo la gesti\u00f3n de Vallecilla, el club acumul\u00f3 una deuda que super\u00f3 los USD 10 millones, seg\u00fan el actual presidente, Marco Pazos. Pero adem\u00e1s, la dirigente provoc\u00f3 una acefal\u00eda, tras no contar con el registro de su directorio en el Ministerio del Deporte. Eso, finalmente, termin\u00f3 en una intervenci\u00f3n por parte de la FEF y posterior llamado a elecciones. Los candidatos a la presidencia de El Nacional, Luc\u00eda Vallecilla (izquierda) y Maro Pazos (derecha) durante el debate del 31 de julio de 2023.Dom\u00e9nica Figueroa Por otra parte, Vallecilla fue investigada por la Liga Profesional por emitir supuestos dobles contratos a varios futbolistas durante 2020. Caos total. Lo cierto es que Luc\u00eda Vallecilla dej\u00f3 el cargo a principios de 2024 y, tras las elecciones, Pazos tom\u00f3 su puesto por los pr\u00f3ximos cuatro a\u00f1os. Ahora, la situaci\u00f3n de El Nacional no ha mejorado. De hecho, cada vez es peor. El club no tiene plata. La mayor\u00eda de jugadores acumulan hasta cinco meses impagos y eso ha desatado, al menos, tres paralizaciones de entrenamientos. Incluso, el equipo fue sancionado con tres puntos menos por la FEF, por no cumplir con pagos con el exentrenador Ever Hugo Almeida. Los jugadores de El Nacional durante el partido ante Orense, el domingo 27 de octubre, en el estadio Atahualpa por la Fecha 11 de la LigaPro.@elnacionalec La crisis econ\u00f3mica ha trascendido a tal punto que Marcelo Zuleta, actual DT, revel\u00f3 que le pidi\u00f3 plata a su esposa porque no tiene \u00abni para comer\u00bb. Lo mismo han expresado varios futbolistas. El Nacional tiene deudas por todos lados. Y por ahora no hay una soluci\u00f3n a corto plazo. Eso llev\u00f3 a la dirigencia a organizar la &#8216;Radiot\u00f3n&#8217; y un &#8216;crowdfunding&#8217;, con el fin de recolectar dinero y paliar la crisis. Es as\u00ed como, desde el jueves 14 de noviembre hasta el 15 de diciembre, se ejecuta la campa\u00f1a &#8216;Todos juntos al Bitricampe\u00f3n lo sacamos adelante&#8217;, donde el hincha &#8216;militar&#8217; puede hacer donaciones y participar de subastas, adem\u00e1s de recibir beneficios de la instituci\u00f3n. M\u00e1s all\u00e1 de todas las dificultades, y contra todo pron\u00f3stico, El Nacional lleg\u00f3 a la final de la Copa Ecuador y con eso, la clasificaci\u00f3n a la Copa Libertadores 2025. Los &#8216;puros criollos&#8217; no ganan un t\u00edtulo desde hace 18 a\u00f1os. Y as\u00ed buscar\u00e1n la haza\u00f1a ante un rival muy superior desde todos los aspectos. Fuente: Primicias<\/p>\n","protected":false},"author":1,"featured_media":20290,"comment_status":"open","ping_status":"open","sticky":false,"template":"","format":"standard","meta":{"footnotes":""},"categories":[6,268],"tags":[],"class_list":["post-20289","post","type-post","status-publish","format-standard","has-post-thumbnail","hentry","category-deportes","category-nacionales"],"_links":{"self":[{"href":"https:\/\/www.elamazonico.com\/portal\/wp-json\/wp\/v2\/posts\/20289","targetHints":{"allow":["GET"]}}],"collection":[{"href":"https:\/\/www.elamazonico.com\/portal\/wp-json\/wp\/v2\/posts"}],"about":[{"href":"https:\/\/www.elamazonico.com\/portal\/wp-json\/wp\/v2\/types\/post"}],"author":[{"embeddable":true,"href":"https:\/\/www.elamazonico.com\/portal\/wp-json\/wp\/v2\/users\/1"}],"replies":[{"embeddable":true,"href":"https:\/\/www.elamazonico.com\/portal\/wp-json\/wp\/v2\/comments?post=20289"}],"version-history":[{"count":1,"href":"https:\/\/www.elamazonico.com\/portal\/wp-json\/wp\/v2\/posts\/20289\/revisions"}],"predecessor-version":[{"id":20291,"href":"https:\/\/www.elamazonico.com\/portal\/wp-json\/wp\/v2\/posts\/20289\/revisions\/20291"}],"wp:featuredmedia":[{"embeddable":true,"href":"https:\/\/www.elamazonico.com\/portal\/wp-json\/wp\/v2\/media\/20290"}],"wp:attachment":[{"href":"https:\/\/www.elamazonico.com\/portal\/wp-json\/wp\/v2\/media?parent=20289"}],"wp:term":[{"taxonomy":"category","embeddable":true,"href":"https:\/\/www.elamazonico.com\/portal\/wp-json\/wp\/v2\/categories?post=20289"},{"taxonomy":"post_tag","embeddable":true,"href":"https:\/\/www.elamazonico.com\/portal\/wp-json\/wp\/v2\/tags?post=20289"}],"curies":[{"name":"wp","href":"https:\/\/api.w.org\/{rel}","templated":true}]}}