{"id":20285,"date":"2024-11-25T13:51:49","date_gmt":"2024-11-25T18:51:49","guid":{"rendered":"https:\/\/www.elamazonico.com\/portal\/?p=20285"},"modified":"2024-11-25T13:51:49","modified_gmt":"2024-11-25T18:51:49","slug":"dia-internacional-contra-la-violencia-hacia-la-mujer-ecuador-registro-66-467-emergencias-por-agresiones-en-solo-10-meses","status":"publish","type":"post","link":"https:\/\/www.elamazonico.com\/portal\/dia-internacional-contra-la-violencia-hacia-la-mujer-ecuador-registro-66-467-emergencias-por-agresiones-en-solo-10-meses\/","title":{"rendered":"D\u00eda Internacional contra la Violencia hacia la Mujer: Ecuador registr\u00f3 66.467 emergencias por agresiones en solo 10 meses"},"content":{"rendered":"<div class=\"paragraph texto\">\n<p class=\"p_0\">En el marco del D\u00eda Internacional para la Eliminaci\u00f3n de la\u00a0<b>Violencia<\/b>\u00a0contra la\u00a0<b><a href=\"https:\/\/www.vistazo.com\/actualidad\/nacional\/2024-11-19-caso-ismavisual-fotografo-ecuador-no-seria-unico-segun-ministerio-mujer-XC8343880\" target=\"_blank\" rel=\"noopener noreferrer\">Mujer<\/a><\/b>, conmemorado cada 25 de noviembre, informes recientes revelan cifras alarmantes en Ecuador. Seg\u00fan un an\u00e1lisis del ECU 911, se atendieron\u00a0<b>66.467 emergencias<\/b>\u00a0en los \u00faltimos diez meses.<\/p>\n<p class=\"p_2\">Este lunes, el presidente <b>Daniel Noboa<\/b>\u00a0resalt\u00f3 que \u00abes un problema que no tiene fronteras, que no entiende de clases sociales, de edades, ni de regiones\u00bb.<\/p>\n<p class=\"p_3\">Su declaraci\u00f3n fue realizada durante la presentaci\u00f3n de los \u00ab<b>Centros Violeta<\/b>\u00ab, una iniciativa destinada a brindar apoyo integral a las v\u00edctimas de violencia de g\u00e9nero, a la que asistieron la vicepresidenta encargada,\u00a0<b>Sariha Moya<\/b>, as\u00ed como la Ministra de la Mujer y Derechos Humanos,\u00a0<b>Arianna Tanca<\/b>.<\/p>\n<\/div>\n<h2 class=\"h2vistazo\">Violencia contra la mujer<\/h2>\n<div class=\"paragraph texto\">\n<p class=\"p_4\">El servicio de emergencia ECU 911 ha detallado que entre el 1 de enero y el 31 de octubre de 2024, se coordin\u00f3 la atenci\u00f3n de 76.417 emergencias de violencia intrafamiliar. De ese total,\u00a0<b>66.467<\/b>\u00a0reportes (87%) corresponden a\u00a0<b>agresiones<\/b>\u00a0contra\u00a0<b>mujeres<\/b>.<\/p>\n<p class=\"p_5\">En promedio,\u00a0<b>diariamente<\/b>, se coordina la atenci\u00f3n de 218 emergencias vinculadas con distintos tipos de violencia, contra la mujer.<\/p>\n<p class=\"p_6\">De acuerdo con el\u00a0<b>mapa<\/b>\u00a0de incidentes del ECU 911, estos reportes se catalogan como alertas de<b>\u00a0Clave Roja<\/b>\u00a0(cuando est\u00e1 en riesgo la vida de las personas), por lo que se coordina la atenci\u00f3n con las unidades de auxilio m\u00e1s cercanas al lugar de la emergencia.<\/p>\n<p class=\"p_7\">El \u2018Protocolo Interinstitucional para la Recepci\u00f3n de Alertas de Emergencia relacionadas con Violencia de G\u00e9nero contra las Mujeres e Intrafamiliar\u2019 da prioridad a la atenci\u00f3n a tres tipos de\u00a0<b>alertantes<\/b>:<\/p>\n<\/div>\n<ul>\n<li class=\"bulletvistazo\">Cuando la afectada se comunica al 9-1-1 mientras se desarrolla el hecho de violencia;<\/li>\n<li class=\"bulletvistazo\">Cuando una tercera persona realiza el reporte durante el desarrollo de la emergencia<\/li>\n<li class=\"bulletvistazo\">O cuando la alerta se efect\u00faa una vez que la emergencia ya sucedi\u00f3.<\/li>\n<\/ul>\n<div class=\"paragraph texto\">\n<p class=\"p_8\">Seg\u00fan el ECU 911, sus operadores est\u00e1n capacitados en primeros auxilios emocionales y contenci\u00f3n para atender estas situaciones con sensibilidad y proporcionar a las v\u00edctimas el apoyo necesario mientras se coordina la asistencia policial o m\u00e9dica de forma oportuna.<\/p>\n<div id=\"Center2\" class=\"centervist\" data-google-query-id=\"CI3Ik7CT-IkDFYKFywEdNYMPOQ\">\n<div id=\"google_ads_iframe_\/21839199781\/Vistazo\/Vistazo_Center2_0__container__\">Asimismo, se recuerda a la ciudadan\u00eda que la violencia contra la mujer es una <b>emergencia<\/b>. Ni\u00f1as, adolescentes, adultas y personas mayores que sean v\u00edctimas de cualquier tipo de violencia \u2014f\u00edsica, psicol\u00f3gica o sexual\u2014, as\u00ed como quienes presencien actos de violencia contra las mujeres, deben\u00a0<b>reportarlo\u00a0<\/b>de inmediato a la l\u00ednea de emergencias 9-1-1.<\/div>\n<\/div>\n<p class=\"p_10\">\u00abNo se deben normalizar gritos, insultos, amenazas, burlas, golpes ni presiones para mantener relaciones sexuales. La detecci\u00f3n temprana y la\u00a0<b>denuncia<\/b>\u00a0son claves para erradicar toda forma de violencia\u00bb, enfatiz\u00f3 el ECU 911.<\/p>\n<\/div>\n<h2 class=\"h2vistazo\">Lanzamiento de Centros Violeta<\/h2>\n<div class=\"paragraph texto\">\n<p class=\"p_11\">Durante la presentaci\u00f3n oficial de los &#8216;Centros Violeta&#8217;, el presidente Noboa se\u00f1al\u00f3 que son espacios creados para brindar atenci\u00f3n integral, apoyo psicol\u00f3gico, legal y social a todas las\u00a0<b>mujeres<\/b>\u00a0que han sido v\u00edctimas de violencia.<\/p>\n<p class=\"p_12\">\u00abLa violencia de g\u00e9nero afecta a las mujeres en todos los rincones de nuestro pa\u00eds y del mundo. Su\u00a0<b>erradicaci\u00f3n<\/b>\u00a0es una\u00a0<b>prioridad<\/b>\u00a0para mi Gobierno\u00bb, afirm\u00f3 Noboa, al resaltar que, en conjunto con la Polic\u00eda Nacional, \u00abhemos logrado reducir los\u00a0<b>femicidios<\/b>\u00a0en un 35%, en comparaci\u00f3n al 2023&#8243;.<\/p>\n<p class=\"p_13\">El mandatario acot\u00f3 que se debe comenzar a romper\u00a0<b>patrones<\/b>\u00a0para las futuras generaciones, garantizando que las mujeres de este pa\u00eds puedan vivir sin miedo, con oportunidades y sobre todo con dignidad<\/p>\n<p class=\"p_14\">\u00abEl ejemplo perfecto es que somos el\u00a0<b>primer<\/b>\u00a0<b>gabinete<\/b>\u00a0<b>paritario<\/b>\u00a0en la historia del Ecuador, es m\u00e1s, ocupamos los primeros puestos en Am\u00e9rica, en participaci\u00f3n pol\u00edtica y en toma de decisiones de parte de mujeres\u00bb, celebr\u00f3 Noboa.<\/p>\n<p class=\"p_15\">Por \u00faltimo, dijo que estos Centros Violeta son puntos de empoderamiento, donde cada mujer encuentre el respaldo necesario para sanar, recuperar su vida, su dignidad y evitar su revictimizaci\u00f3n.<\/p>\n<\/div>\n","protected":false},"excerpt":{"rendered":"<p>En el marco del D\u00eda Internacional para la Eliminaci\u00f3n de la\u00a0Violencia\u00a0contra la\u00a0Mujer, conmemorado cada 25 de noviembre, informes recientes revelan cifras alarmantes en Ecuador. Seg\u00fan un an\u00e1lisis del ECU 911, se atendieron\u00a066.467 emergencias\u00a0en los \u00faltimos diez meses. Este lunes, el presidente Daniel Noboa\u00a0resalt\u00f3 que \u00abes un problema que no tiene fronteras, que no entiende de clases sociales, de edades, ni de regiones\u00bb. Su declaraci\u00f3n fue realizada durante la presentaci\u00f3n de los \u00abCentros Violeta\u00ab, una iniciativa destinada a brindar apoyo integral a las v\u00edctimas de violencia de g\u00e9nero, a la que asistieron la vicepresidenta encargada,\u00a0Sariha Moya, as\u00ed como la Ministra de la Mujer y Derechos Humanos,\u00a0Arianna Tanca. Violencia contra la mujer El servicio de emergencia ECU 911 ha detallado que entre el 1 de enero y el 31 de octubre de 2024, se coordin\u00f3 la atenci\u00f3n de 76.417 emergencias de violencia intrafamiliar. De ese total,\u00a066.467\u00a0reportes (87%) corresponden a\u00a0agresiones\u00a0contra\u00a0mujeres. En promedio,\u00a0diariamente, se coordina la atenci\u00f3n de 218 emergencias vinculadas con distintos tipos de violencia, contra la mujer. De acuerdo con el\u00a0mapa\u00a0de incidentes del ECU 911, estos reportes se catalogan como alertas de\u00a0Clave Roja\u00a0(cuando est\u00e1 en riesgo la vida de las personas), por lo que se coordina la atenci\u00f3n con las unidades de auxilio m\u00e1s cercanas al lugar de la emergencia. El \u2018Protocolo Interinstitucional para la Recepci\u00f3n de Alertas de Emergencia relacionadas con Violencia de G\u00e9nero contra las Mujeres e Intrafamiliar\u2019 da prioridad a la atenci\u00f3n a tres tipos de\u00a0alertantes: Cuando la afectada se comunica al 9-1-1 mientras se desarrolla el hecho de violencia; Cuando una tercera persona realiza el reporte durante el desarrollo de la emergencia O cuando la alerta se efect\u00faa una vez que la emergencia ya sucedi\u00f3. Seg\u00fan el ECU 911, sus operadores est\u00e1n capacitados en primeros auxilios emocionales y contenci\u00f3n para atender estas situaciones con sensibilidad y proporcionar a las v\u00edctimas el apoyo necesario mientras se coordina la asistencia policial o m\u00e9dica de forma oportuna. Asimismo, se recuerda a la ciudadan\u00eda que la violencia contra la mujer es una emergencia. Ni\u00f1as, adolescentes, adultas y personas mayores que sean v\u00edctimas de cualquier tipo de violencia \u2014f\u00edsica, psicol\u00f3gica o sexual\u2014, as\u00ed como quienes presencien actos de violencia contra las mujeres, deben\u00a0reportarlo\u00a0de inmediato a la l\u00ednea de emergencias 9-1-1. \u00abNo se deben normalizar gritos, insultos, amenazas, burlas, golpes ni presiones para mantener relaciones sexuales. La detecci\u00f3n temprana y la\u00a0denuncia\u00a0son claves para erradicar toda forma de violencia\u00bb, enfatiz\u00f3 el ECU 911. Lanzamiento de Centros Violeta Durante la presentaci\u00f3n oficial de los &#8216;Centros Violeta&#8217;, el presidente Noboa se\u00f1al\u00f3 que son espacios creados para brindar atenci\u00f3n integral, apoyo psicol\u00f3gico, legal y social a todas las\u00a0mujeres\u00a0que han sido v\u00edctimas de violencia. \u00abLa violencia de g\u00e9nero afecta a las mujeres en todos los rincones de nuestro pa\u00eds y del mundo. Su\u00a0erradicaci\u00f3n\u00a0es una\u00a0prioridad\u00a0para mi Gobierno\u00bb, afirm\u00f3 Noboa, al resaltar que, en conjunto con la Polic\u00eda Nacional, \u00abhemos logrado reducir los\u00a0femicidios\u00a0en un 35%, en comparaci\u00f3n al 2023&#8243;. El mandatario acot\u00f3 que se debe comenzar a romper\u00a0patrones\u00a0para las futuras generaciones, garantizando que las mujeres de este pa\u00eds puedan vivir sin miedo, con oportunidades y sobre todo con dignidad \u00abEl ejemplo perfecto es que somos el\u00a0primer\u00a0gabinete\u00a0paritario\u00a0en la historia del Ecuador, es m\u00e1s, ocupamos los primeros puestos en Am\u00e9rica, en participaci\u00f3n pol\u00edtica y en toma de decisiones de parte de mujeres\u00bb, celebr\u00f3 Noboa. Por \u00faltimo, dijo que estos Centros Violeta son puntos de empoderamiento, donde cada mujer encuentre el respaldo necesario para sanar, recuperar su vida, su dignidad y evitar su revictimizaci\u00f3n.<\/p>\n","protected":false},"author":1,"featured_media":20286,"comment_status":"open","ping_status":"open","sticky":false,"template":"","format":"standard","meta":{"footnotes":""},"categories":[268],"tags":[],"class_list":["post-20285","post","type-post","status-publish","format-standard","has-post-thumbnail","hentry","category-nacionales"],"_links":{"self":[{"href":"https:\/\/www.elamazonico.com\/portal\/wp-json\/wp\/v2\/posts\/20285","targetHints":{"allow":["GET"]}}],"collection":[{"href":"https:\/\/www.elamazonico.com\/portal\/wp-json\/wp\/v2\/posts"}],"about":[{"href":"https:\/\/www.elamazonico.com\/portal\/wp-json\/wp\/v2\/types\/post"}],"author":[{"embeddable":true,"href":"https:\/\/www.elamazonico.com\/portal\/wp-json\/wp\/v2\/users\/1"}],"replies":[{"embeddable":true,"href":"https:\/\/www.elamazonico.com\/portal\/wp-json\/wp\/v2\/comments?post=20285"}],"version-history":[{"count":1,"href":"https:\/\/www.elamazonico.com\/portal\/wp-json\/wp\/v2\/posts\/20285\/revisions"}],"predecessor-version":[{"id":20287,"href":"https:\/\/www.elamazonico.com\/portal\/wp-json\/wp\/v2\/posts\/20285\/revisions\/20287"}],"wp:featuredmedia":[{"embeddable":true,"href":"https:\/\/www.elamazonico.com\/portal\/wp-json\/wp\/v2\/media\/20286"}],"wp:attachment":[{"href":"https:\/\/www.elamazonico.com\/portal\/wp-json\/wp\/v2\/media?parent=20285"}],"wp:term":[{"taxonomy":"category","embeddable":true,"href":"https:\/\/www.elamazonico.com\/portal\/wp-json\/wp\/v2\/categories?post=20285"},{"taxonomy":"post_tag","embeddable":true,"href":"https:\/\/www.elamazonico.com\/portal\/wp-json\/wp\/v2\/tags?post=20285"}],"curies":[{"name":"wp","href":"https:\/\/api.w.org\/{rel}","templated":true}]}}