{"id":20255,"date":"2024-11-22T07:54:10","date_gmt":"2024-11-22T12:54:10","guid":{"rendered":"https:\/\/www.elamazonico.com\/portal\/?p=20255"},"modified":"2024-11-22T07:54:10","modified_gmt":"2024-11-22T12:54:10","slug":"daniel-noboa-cumple-un-ano-en-el-poder-cuales-son-los-aciertos-y-fracasos-de-su-administracion","status":"publish","type":"post","link":"https:\/\/www.elamazonico.com\/portal\/daniel-noboa-cumple-un-ano-en-el-poder-cuales-son-los-aciertos-y-fracasos-de-su-administracion\/","title":{"rendered":"Daniel Noboa cumple un a\u00f1o en el poder: \u00bfCu\u00e1les son los aciertos y fracasos de su administraci\u00f3n?"},"content":{"rendered":"<div class=\"paragraph texto\">\n<p class=\"p_0\"><b>Incertidumbre, desesperanza e improvisaci\u00f3n<\/b>\u00a0son las palabras m\u00e1s frecuentes que utilizan analistas pol\u00edticos para describir al Gobierno del presidente\u00a0<b><a href=\"https:\/\/www.vistazo.com\/cronologia\/-\/meta\/daniel-noboa\">Daniel Noboa<\/a><\/b>, quien cumple un a\u00f1o liderando el Ecuador. Ha sido un tiempo en el que la\u00a0<u>crisis energ\u00e9tica colaps\u00f3 y problemas como la inseguridad siguen palpables<\/u>. Como aspectos positivos, los expertos destacan la intervenci\u00f3n militar en las c\u00e1rceles y la continuidad de la\u00a0<u>pol\u00edtica en turismo<\/u>.<\/p>\n<p class=\"p_2\">Noboa asumi\u00f3 el poder el pasado 23 de noviembre del 2023, luego de ganar las elecciones anticipadas que se produjeron tras la\u00a0<a href=\"https:\/\/www.vistazo.com\/politica\/nacional\/presidente-lasso-firma-decreto-de-muerte-cruzada-se-confirma-la-disolucion-de-la-asamblea-nacional-MF5153961\">declaraci\u00f3n de la muerte cruzada<\/a>\u00a0por parte de\u00a0<b>Guillermo Lasso<\/b>. Noboa, quien inici\u00f3 su carrera pol\u00edtica como asamble\u00edsta, se lanz\u00f3 a una campa\u00f1a por Carondelet con bajos puntos de aceptaci\u00f3n en las encuestas, pero su destacada participaci\u00f3n en el debate y su interacci\u00f3n en redes sociales lo ayud\u00f3 a subir de manera vertiginosa.<\/p>\n<p class=\"p_3\">El joven empresario triunf\u00f3 con el 51.83% de los votos frente a la candidata corre\u00edsta Luisa Gonz\u00e1lez, q\u200b\u200b\u200bue se qued\u00f3<i>\u00a0<\/i>con un 48.17% en la segunda vuelta. Tanto en la campa\u00f1a como en sus primeros meses al frente de la Presidencia, Noboa se present\u00f3 como\u00a0<b>un pol\u00edtico que promov\u00eda la unidad\u00a0<\/b>y\u00a0<u>no se encasillaba en ning\u00fan extremo<\/u>: ni en los anti ni en los \u00edsmos.<\/p>\n<div>\n<div>\n<div class=\"trv-player-container\">\n<div class=\"trv-wrapper\">\n<div id=\"br_video_player_887c480a7cee72152754537347c46c5a7a4d6079\" class=\"trvd_video_player trvdinstream\">\n<div class=\"media-player\">\n<div class=\"trv-poster\">Una vez que lleg\u00f3 al poder form\u00f3 un <b>pacto<\/b>\u00a0en la Asamblea con el corre\u00edsmo y el Partido Social Cristiano (PSC), lo que le permiti\u00f3 la aprobaci\u00f3n de\u00a0<b>cinco leyes de car\u00e1cter urgente<\/b>\u00a0en tan solo cuatro meses. Sin embargo, la historia cambi\u00f3 tras la<a href=\"https:\/\/www.vistazo.com\/cronologia\/-\/meta\/embajada-de-mexico\">\u00a0irrupci\u00f3n de la Embajada de M\u00e9xico en Quito\u00a0<\/a>para capturar a\u00a0<b><a href=\"https:\/\/www.vistazo.com\/cronologia\/-\/meta\/Jorge-Glas\">Jorge Glas<\/a><\/b>. La alianza termin\u00f3 y empez\u00f3 una disputa con el Legislativo y otros actores pol\u00edticos.<\/div>\n<\/div>\n<\/div>\n<\/div>\n<\/div>\n<\/div>\n<\/div>\n<p class=\"p_5\">\u201cHoy tenemos un presidente diferente,\u00a0<b>totalmente anticorre\u00edsta<\/b>, ha radicalizado su puesta en escena. De hecho, dijo que puede ser el peor enemigo\u201d, recuerda la consultora pol\u00edtica,\u00a0<u><b>Grace Jim\u00e9nez<\/b><\/u>.<\/p>\n<p class=\"p_6\">Actualmente, el mandatario mantiene disputas con\u00a0<u><a href=\"https:\/\/www.vistazo.com\/cronologia\/-\/meta\/aquiles-alvarez\">Aquiles Alvarez<\/a><\/u>, alcalde de Guayaquil,\u00a0<a href=\"https:\/\/www.vistazo.com\/cronologia\/-\/meta\/jan-topic\">Jan Topic\u00a0<\/a>y la empresa de su familia\u00a0<b>Telconet<\/b>, entre otros personajes. Un cap\u00edtulo aparente es la pelea con la vicepresidenta\u00a0<b><a href=\"https:\/\/www.vistazo.com\/cronologia\/-\/meta\/veronica-abad\">Ver\u00f3nica Abad<\/a><\/b>, a quien envi\u00f3 como Embajadora a Israel y Turqu\u00eda; aunque luego el\u00a0<b>Ministerio del Trabajo la despoj\u00f3 de su puesto<\/b>\u00a0con una sanci\u00f3n de 150 d\u00edas.<\/p>\n<p class=\"p_7\">En cuanto a seguridad, Noboa mostr\u00f3 una nueva forma de contener el avance de los grupos criminales cuando declar\u00f3\u00a0<b>conflicto armado interno<\/b>\u00a0y pas\u00f3 a llamar a las bandas delictivas como\u00a0<b>terroristas<\/b>. As\u00ed mismo, los militares intervinieron las c\u00e1rceles del pa\u00eds. Estas medidas se tomaron despu\u00e9s del asalto en vivo a la cadena TC Televisi\u00f3n, lo cual caus\u00f3 consternaci\u00f3n nacional.<\/p>\n<p class=\"p_8\">Teniendo en cuenta este panorama, Noboa tambi\u00e9n impuls\u00f3 una\u00a0<b>consulta popular\u00a0<\/b>con 11 preguntas, en su mayor\u00eda relacionadas a la lucha contra el crimen. Finalmente,<u>\u00a0gan\u00f3 en nueve de sus propuestas y perdi\u00f3 en el trabajo por horas y arbitraje internacional<\/u>.<\/p>\n<p class=\"p_9\">Asimismo,<b>\u00a0aument\u00f3 el Impuesto al Valor Agregado (IVA)\u00a0<\/b>de 12% a 15% y elimin\u00f3 parte del<b>\u00a0subsidio a las gasolinas Extra y Ecopa\u00eds<\/b>, algo que en Gobiernos pasados era casi impensable, puesto que estas medidas hab\u00edan provocado\u00a0<u>paros nacionales<\/u>\u00a0por parte de los colectivos sociales e ind\u00edgenas.<\/p>\n<p class=\"p_10\">Por otro lado, la econom\u00eda del pa\u00eds sigue inestable sobre todo por la crisis energ\u00e9tica que deja\u00a0<b>p\u00e9rdidas de 12 millones de d\u00f3lares por cada hora sin luz<\/b>, seg\u00fan gremios empresariales. Noboa ha dicho que los apagones terminar\u00e1n en diciembre, pero nuevamente hay incertidumbre sobre esa promesa.<\/p>\n<p class=\"p_11\">Esta falta de certeza, entre otros aspectos, han hecho que la popularidad del presidente baje notablemente. Una reciente encuesta de la empresa<b>\u00a0Comunicaliza<\/b>\u00a0muestra que el jefe de Estado ha ca\u00eddo seis puntos en la intenci\u00f3n del voto, pero\u00a0<u>sigue en primer lugar con 27,5%<\/u>, seguido de la corre\u00edsta Luisa Gonz\u00e1lez con el 26,7%.<\/p>\n<p class=\"p_12\">Con este panorama,<u>\u00a0tres analistas pol\u00edticos<\/u>\u00a0eval\u00faan los aspectos positivos y negativos del a\u00f1o de Gobierno de Daniel Noboa.<\/p>\n<p class=\"p_13\"><b>Lea tambi\u00e9n:\u00a0<a href=\"https:\/\/www.vistazo.com\/actualidad\/nacional\/2024-11-16-masacre-penitenciaria-litoral-funcionado-intervencion-militar-EJ8319446\">Masacre en la Penitenciar\u00eda del Litoral: la intervenci\u00f3n militar en las c\u00e1rceles, una medida insuficiente<\/a><\/b><\/p>\n<\/div>\n<div class=\"multimediaMacroWrapper img lateral\">\n<figure class=\"contentMedia art-img\">\n<div><img fetchpriority=\"high\" decoding=\"async\" class=\" lazyloaded\" title=\"Daniel Noboa cumple un a\u00f1o en el poder en medio del avance del narco, apagones, bajo crecimiento econ\u00f3mico.\" src=\"https:\/\/www.vistazo.com\/placeholder\/svg\/viewbox\/768x614\" sizes=\"100vw\" srcset=\"\/\/www.vistazo.com\/binrepository\/768x614\/0c0\/0d0\/none\/12727\/PCUI\/an-adir-un-subti-tulo-2_1867860_20241121183220.jpg 768w,\/\/www.vistazo.com\/binrepository\/640x512\/0c0\/0d0\/none\/12727\/PCUC\/an-adir-un-subti-tulo-2_1867860_20241121183220.jpg 640w,\/\/www.vistazo.com\/binrepository\/512x409\/0c0\/0d0\/none\/12727\/PCUJ\/an-adir-un-subti-tulo-2_1867860_20241121183220.jpg 512w,\/\/www.vistazo.com\/binrepository\/384x307\/0c0\/0d0\/none\/12727\/PCUJ\/an-adir-un-subti-tulo-2_1867860_20241121183220.jpg 384w,\/\/www.vistazo.com\/binrepository\/300x240\/0c0\/0d0\/none\/12727\/PCUD\/an-adir-un-subti-tulo-2_1867860_20241121183220.jpg 300w\" alt=\"$!Daniel Noboa cumple un a\u00f1o en el poder en medio del avance del narco, apagones, bajo crecimiento econ\u00f3mico.\" width=\"768\" height=\"614\" data-srcset=\"\/\/www.vistazo.com\/binrepository\/768x614\/0c0\/0d0\/none\/12727\/PCUI\/an-adir-un-subti-tulo-2_1867860_20241121183220.jpg 768w,\/\/www.vistazo.com\/binrepository\/640x512\/0c0\/0d0\/none\/12727\/PCUC\/an-adir-un-subti-tulo-2_1867860_20241121183220.jpg 640w,\/\/www.vistazo.com\/binrepository\/512x409\/0c0\/0d0\/none\/12727\/PCUJ\/an-adir-un-subti-tulo-2_1867860_20241121183220.jpg 512w,\/\/www.vistazo.com\/binrepository\/384x307\/0c0\/0d0\/none\/12727\/PCUJ\/an-adir-un-subti-tulo-2_1867860_20241121183220.jpg 384w,\/\/www.vistazo.com\/binrepository\/300x240\/0c0\/0d0\/none\/12727\/PCUD\/an-adir-un-subti-tulo-2_1867860_20241121183220.jpg 300w\" \/><\/div>\n<div class=\"cutline-byline\"><span class=\"cutline-text\">Daniel Noboa cumple un a\u00f1o en el poder en medio del avance del narco, apagones, bajo crecimiento econ\u00f3mico.\u00a0<\/span><span class=\"byline-image\">(Fotos: archivo )<\/span><\/div>\n<\/figure>\n<\/div>\n<h2 class=\"h2vistazo\">ACIERTOS<\/h2>\n<div class=\"paragraph texto\">\n<p class=\"p_14\"><b>1. Militarizaci\u00f3n en c\u00e1rceles y calles:\u00a0<\/b>los expertos coinciden en que\u00a0<u>se mantiene un relativo control en los reclusorios del pa\u00eds<\/u>, aunque hace una semana hubo un<a href=\"https:\/\/www.vistazo.com\/actualidad\/nacional\/2024-11-16-masacre-penitenciaria-litoral-funcionado-intervencion-militar-EJ8319446\">\u00a0nuevo brote de violencia en la Penitenciar\u00eda del Litoral<\/a>, que dej\u00f3 al menos 17 reos asesinados.<\/p>\n<p class=\"p_15\">\u201cMuchos dir\u00e1n que hay denuncias sobre violaciones y maltratos en materia de Derechos Humanos, pero\u00a0<u>al menos hay una diferencia con respecto a a\u00f1os pasados<\/u>, cuando ve\u00edamos matanzas voraces. Las decisiones que se han tomado han surtido alg\u00fan tipo de efecto\u201d, comenta\u00a0<u>Caroline \u00c1vila<\/u>, catedr\u00e1tica y doctora en comunicaci\u00f3n.<\/p>\n<p class=\"p_16\">Por su parte, el polit\u00f3logo\u00a0<u>Santiago Basabe<\/u>\u00a0menciona que hay una mayor presencia policial y militar en \u00e1reas conflictivas, \u201clo cual no necesariamente implica que el riesgo y el delito se hayan reducido, pero s\u00ed es positivo y quiz\u00e1s eso explique por qu\u00e9 el gobierno mantiene una popularidad alta, a pesar de todas las dificultades\u201d.<\/p>\n<p class=\"p_17\"><b>2. Turismo:<\/b>\u00a0teniendo en cuenta las m\u00faltiples cr\u00edticas que ha recibido esta cartera de Estado, la analista Caroline \u00c1vila destaca se han impulsado acciones positivas como\u00a0<u>refrescar la marca pa\u00eds y posicionarla a nivel internacional\u00a0<\/u>en eventos como la Feria Internacional de Turismo, FITUR 2024, en la que Ecuador gan\u00f3 como mejor stand para mostrar los atractivos para visitar el pa\u00eds.<\/p>\n<p class=\"p_18\">De igual manera, la\u00a0<u>Cumbre Iberoamericana<\/u>\u00a0realizada en Cuenca fue un fracaso a nivel pol\u00edtico por la ausencia de presidentes latinoamericanos, \u201cpero la ciudad se benefici\u00f3 con el movimiento tur\u00edstico\u201d, apunta \u00c1vila.<\/p>\n<p class=\"p_19\"><b>3. Gesti\u00f3n financiera:<\/b>\u00a0en mayo pasado, el directorio del FMI aprob\u00f3 para Ecuador un programa de cr\u00e9dito a 48 meses, con un monto total de\u00a0<u>4.000 millones de d\u00f3lares<\/u>, de los cuales 1.000 millones fueron desembolsados de inmediato. Adem\u00e1s,\u00a0<a href=\"https:\/\/www.vistazo.com\/politica\/nacional\/2024-10-03-fmi-confirma-ecuador-nuevo-credito-resiliencia-FX8101052\">el gobierno ecuatoriano eval\u00faa un nuevo cr\u00e9dito de resiliencia<\/a>.<\/p>\n<p class=\"p_20\">\u201cTeniendo en cuenta los riesgos que implica tener un acuerdo con el FMI, esta gesti\u00f3n ha hecho que tengamos algo de liquidez y se ha podido pagar a los GAD o las deudas hist\u00f3ricas que ten\u00eda el IESS con Solca\u201d, resalta Caroline \u00c1vila.<\/p>\n<div id=\"Center2\" class=\"centervist\" data-google-query-id=\"CNnQ2qX774kDFWcIswAdiB0Hwg\">\n<div id=\"google_ads_iframe_\/21839199781\/Vistazo\/Vistazo_Center2_0__container__\"><b>4. Comunicaci\u00f3n: <\/b>Noboa ha mostrado una nueva forma de comunicaci\u00f3n encaminada a estar presente en redes sociales. Esto de alguna manera le ha permitido\u00a0<u>surfear las olas de las crisis<\/u>\u00a0y dominar, en ciertos casos, la narrativa sobre la distribuci\u00f3n de las culpas sobre ciertos temas como los apagones.<\/div>\n<\/div>\n<p class=\"p_22\">\u201cEsta\u00a0<u>forma de comunicaci\u00f3n poco conocida est\u00e1 alejada de la realidad de la gente<\/u>, pero de alguna forma entretienen, logra ser tendencia a pesar de que no solventa los problemas del pa\u00eds\u201d, apunta la analista Grace Jim\u00e9nez.<\/p>\n<p class=\"p_23\"><b>Lea tambi\u00e9n:\u00a0<a href=\"https:\/\/www.vistazo.com\/actualidad\/nacional\/2024-11-04-cifra-ninos-rescatados-ecuador-duplica-victimas-explotacion-alquiler-XG8239891\">Cifra de ni\u00f1os rescatados en calles de Ecuador se duplica: v\u00edctimas de explotaci\u00f3n y alquiler<\/a><\/b><\/p>\n<\/div>\n<div class=\"multimediaMacroWrapper img lateral\">\n<figure class=\"contentMedia art-img\">\n<div><img decoding=\"async\" class=\" lazyloaded\" title=\"La pol\u00edtica tur\u00edstica y la intervenci\u00f3n militar como medida inicial de contenci\u00f3n de la criminalidad son destacadas por los expertos.\" src=\"https:\/\/www.vistazo.com\/placeholder\/svg\/viewbox\/768x614\" sizes=\"100vw\" srcset=\"\/\/www.vistazo.com\/binrepository\/768x614\/0c0\/0d0\/none\/12727\/RBUI\/an-adir-un-subti-tulo-3_1867872_20241121183753.jpg 768w,\/\/www.vistazo.com\/binrepository\/640x512\/0c0\/0d0\/none\/12727\/RBUC\/an-adir-un-subti-tulo-3_1867872_20241121183753.jpg 640w,\/\/www.vistazo.com\/binrepository\/512x409\/0c0\/0d0\/none\/12727\/RBUJ\/an-adir-un-subti-tulo-3_1867872_20241121183753.jpg 512w,\/\/www.vistazo.com\/binrepository\/384x307\/0c0\/0d0\/none\/12727\/RBUJ\/an-adir-un-subti-tulo-3_1867872_20241121183753.jpg 384w,\/\/www.vistazo.com\/binrepository\/300x240\/0c0\/0d0\/none\/12727\/RBUD\/an-adir-un-subti-tulo-3_1867872_20241121183753.jpg 300w\" alt=\"$!La pol\u00edtica tur\u00edstica y la intervenci\u00f3n militar como medida inicial de contenci\u00f3n de la criminalidad son destacadas por los expertos.\" width=\"768\" height=\"614\" data-srcset=\"\/\/www.vistazo.com\/binrepository\/768x614\/0c0\/0d0\/none\/12727\/RBUI\/an-adir-un-subti-tulo-3_1867872_20241121183753.jpg 768w,\/\/www.vistazo.com\/binrepository\/640x512\/0c0\/0d0\/none\/12727\/RBUC\/an-adir-un-subti-tulo-3_1867872_20241121183753.jpg 640w,\/\/www.vistazo.com\/binrepository\/512x409\/0c0\/0d0\/none\/12727\/RBUJ\/an-adir-un-subti-tulo-3_1867872_20241121183753.jpg 512w,\/\/www.vistazo.com\/binrepository\/384x307\/0c0\/0d0\/none\/12727\/RBUJ\/an-adir-un-subti-tulo-3_1867872_20241121183753.jpg 384w,\/\/www.vistazo.com\/binrepository\/300x240\/0c0\/0d0\/none\/12727\/RBUD\/an-adir-un-subti-tulo-3_1867872_20241121183753.jpg 300w\" \/><\/div>\n<div class=\"cutline-byline\"><span class=\"cutline-text\">La pol\u00edtica tur\u00edstica y la intervenci\u00f3n militar como medida inicial de contenci\u00f3n de la criminalidad son destacadas por los expertos.\u00a0<\/span><span class=\"byline-image\">(Fotos: archivo )<\/span><\/div>\n<\/figure>\n<\/div>\n<h2 class=\"h2vistazo\">DESACIERTOS<\/h2>\n<div class=\"paragraph texto\">\n<p class=\"p_24\"><b>1. Inseguridad:\u00a0<\/b>a inicios de noviembre, la ministra del Interior,\u00a0<a href=\"https:\/\/www.vistazo.com\/cronologia\/-\/meta\/monica-palencia\">M\u00f3nica Palencia<\/a>, asegur\u00f3 que la tasa de homicidios se ha reducido en un 17,6% en comparaci\u00f3n con el a\u00f1o pasado. Sin embargo,\u00a0<u>otros delitos siguen en aumento<\/u>. De acuerdo a un reporte de Ecuavisa, hasta septiembre de este a\u00f1o, se contabilizan\u00a0<u>2.108 secuestros y 10.781 extorsiones en todo el pa\u00eds<\/u>.<\/p>\n<p class=\"p_25\">Asimismo, los\u00a0<u>continuos estados de excepci\u00f3n\u00a0<\/u>no han detenido el avance de los grupos criminales. Por ejemplo, en Dur\u00e1n solo en el mes de septiembre se contabilizaron alrededor de 71 personas acribilladas. Este cant\u00f3n guayasense sigue siendo el m\u00e1s violento del pa\u00eds.<\/p>\n<p class=\"p_26\">Las intervenciones focalizadas del bloque de seguridad tambi\u00e9n han sido de alguna manera contraproducentes, puesto que los\u00a0<a href=\"https:\/\/www.vistazo.com\/actualidad\/nacional\/2024-10-14-delincuentes-migran-desde-costa-quito-gobernanza-criminal-extenderse-JX8145568\">terroristas han empezado a desplazarse a otras ciudades m\u00e1s tranquilas como Quito<\/a>, seg\u00fan explic\u00f3 el experto en seguridad, Mario Pazmi\u00f1o, a Vistazo en octubre pasado.<\/p>\n<p class=\"p_27\">As\u00ed mismo, los analistas critican que, por el momento, las preguntas de la Consulta Popular, que\u00a0<u>le cost\u00f3 al Estado unos 60 millones de d\u00f3lares<\/u>, no han tenido un efecto significativo en la lucha contra el crimen organizado.<\/p>\n<p class=\"p_28\"><b>2. Relaciones Internacionales:\u00a0<\/b>este tema parece se una de las mayores debilidades del Gobierno de Noboa.\u00a0<a href=\"https:\/\/www.vistazo.com\/politica\/nacional\/daniel-noboa-desata-la-furia-del-kremlin-por-canje-de-chatarra-rusa-con-ee-uu-MK6628970\">Inici\u00f3 en enero de este a\u00f1o<\/a>\u00a0desatando la furia del Kremlin, cuando anunci\u00f3 que intercambiar\u00e1 con Estados Unidos \u201cchatarra\u201d de origen ruso, por armamento de \u00faltima generaci\u00f3n.<\/p>\n<p class=\"p_29\">Luego, vino la intervenci\u00f3n a la Embajada de M\u00e9xico en Quito, lo cual caus\u00f3 el rechazo de casi todos los pa\u00edses del mundo. Mientras en junio,\u00a0<a href=\"https:\/\/www.vistazo.com\/politica\/nacional\/daniel-noboa-lanza-polemicas-declaraciones-contra-petro-bukele-y-milei-snob-arrogantes-y-llenos-de-si-mismos-DE7503306\">Noboa lanz\u00f3 pol\u00e9micas declaraciones\u00a0<\/a>contra varios presidentes de la regi\u00f3n como\u00a0<u>Gustavo Petro<\/u>\u00a0al que llam\u00f3 \u201csnob izquierdista\u201d en entrevista con The New Yorker.<\/p>\n<p class=\"p_30\">Esta debilidad tambi\u00e9n se evidenci\u00f3 en la Cumbre Iberoamericana en Cuenca, ya que ning\u00fan presidente de la regi\u00f3n lleg\u00f3 a la cita. Esto teniendo en cuenta que en d\u00edas previos, el Ministerio del Trabajo sancion\u00f3 a la vicepresidenta\u00a0<u>Ver\u00f3nica Abad<\/u>, lo cual encendi\u00f3 alarmas de organismos internacionales sobre el riesgo de la democracia en el pa\u00eds.<\/p>\n<p class=\"p_31\"><b>3. Retroceso en materia de derechos:<\/b>\u00a0la catedr\u00e1tica Caroline \u00c1vila menciona que en este a\u00f1o evidencia<u>\u00a0\u201cuna capacidad de persecuci\u00f3n y atropellamiento de herramientas legales\u201d<\/u>\u00a0por parte del presidente. Por ejemplo, al sumario administrativo que se le impuso a la vicepresidenta con tal de que no asuma la Presidencia.<\/p>\n<p class=\"p_32\">Asimismo, en el control en las c\u00e1rceles, la experta recuerda que \u201chay reportes de violaciones a los derechos de los privados de la libertad\u201d y el Gobierno en vez de establecer una ruta de verdadero control, \u201cse ha enfocado en ideas demag\u00f3gicas\u201d.<\/p>\n<\/div>\n<div class=\"multimediaMacroWrapper img lateral\">\n<figure class=\"contentMedia art-img\">\n<div><img decoding=\"async\" class=\" lazyloaded\" title=\"Masacre en Manta: m\u00faltiples muertos y heridos tras ataque en una fiesta.\" src=\"https:\/\/www.vistazo.com\/placeholder\/svg\/viewbox\/768x614\" sizes=\"100vw\" srcset=\"\/\/www.vistazo.com\/binrepository\/768x614\/0c0\/0d0\/none\/12727\/PAUI\/an-adir-un-subti-tulo-4_1867921_20241121185604.jpg 768w,\/\/www.vistazo.com\/binrepository\/640x512\/0c0\/0d0\/none\/12727\/PAUC\/an-adir-un-subti-tulo-4_1867921_20241121185604.jpg 640w,\/\/www.vistazo.com\/binrepository\/512x409\/0c0\/0d0\/none\/12727\/PAUJ\/an-adir-un-subti-tulo-4_1867921_20241121185604.jpg 512w,\/\/www.vistazo.com\/binrepository\/384x307\/0c0\/0d0\/none\/12727\/PAUJ\/an-adir-un-subti-tulo-4_1867921_20241121185604.jpg 384w,\/\/www.vistazo.com\/binrepository\/300x240\/0c0\/0d0\/none\/12727\/PAUD\/an-adir-un-subti-tulo-4_1867921_20241121185604.jpg 300w\" alt=\"$!Masacre en Manta: m\u00faltiples muertos y heridos tras ataque en una fiesta.\" width=\"768\" height=\"614\" data-srcset=\"\/\/www.vistazo.com\/binrepository\/768x614\/0c0\/0d0\/none\/12727\/PAUI\/an-adir-un-subti-tulo-4_1867921_20241121185604.jpg 768w,\/\/www.vistazo.com\/binrepository\/640x512\/0c0\/0d0\/none\/12727\/PAUC\/an-adir-un-subti-tulo-4_1867921_20241121185604.jpg 640w,\/\/www.vistazo.com\/binrepository\/512x409\/0c0\/0d0\/none\/12727\/PAUJ\/an-adir-un-subti-tulo-4_1867921_20241121185604.jpg 512w,\/\/www.vistazo.com\/binrepository\/384x307\/0c0\/0d0\/none\/12727\/PAUJ\/an-adir-un-subti-tulo-4_1867921_20241121185604.jpg 384w,\/\/www.vistazo.com\/binrepository\/300x240\/0c0\/0d0\/none\/12727\/PAUD\/an-adir-un-subti-tulo-4_1867921_20241121185604.jpg 300w\" \/><\/div>\n<div class=\"cutline-byline\"><span class=\"cutline-text\">Masacre en Manta: m\u00faltiples muertos y heridos tras ataque en una fiesta.<\/span>\u00a0<span class=\"byline-image\">(Fotos: API)<\/span><\/div>\n<\/figure>\n<\/div>\n<div class=\"paragraph texto\">\n<p class=\"p_33\"><b>4. Empleo joven:<\/b>\u00a0Si bien el Gobierno recientemente impuls\u00f3 el\u00a0<a href=\"https:\/\/www.vistazo.com\/politica\/nacional\/2024-11-0-6-bono-usd-400-jovenes-accion-daniel-noboa-requisitos-AA8255938\">programa \u2018J\u00f3venes en acci\u00f3n\u2019\u00a0<\/a>para que unos 80.000 j\u00f3venes accedan a un trabajo de tres meses y asegura haber entregado m\u00e1s de 100 mil becas; todav\u00eda hay chicos que prefieren salir del Ecuador en busca de mejores oportunidades.<\/p>\n<p class=\"p_34\">La\u00a0<a href=\"https:\/\/ecuador.iom.int\/sites\/g\/files\/tmzbdl776\/files\/documents\/2024-08\/flujo-migratorio-de-poblacion-ecuatoriana_0.pdf\" rel=\"nofollow\">Encuesta de Intenciones y Din\u00e1micas Migratorias en Ecuador<\/a>, realizada por la OIM, estima que 1,2 millones de ecuatorianos tiene la intenci\u00f3n de migrar al extranjero. De esta estimaci\u00f3n, el 57,3% son hombres, en su mayor\u00eda con nivel de instrucci\u00f3n secundario (bachillerato). As\u00ed tambi\u00e9n, se destaca que\u00a0<u>cerca 370.000 j\u00f3venes de entre 18 y 29 a\u00f1os quieren migrar al exterior<\/u>.<\/p>\n<p class=\"p_35\"><b>5. Falta de gesti\u00f3n p\u00fablica:\u00a0<\/b>El analista pol\u00edtico Santiago Basabe evidencia falta de gesti\u00f3n p\u00fablica en todos los sectores, especialmente en el tema energ\u00e9tico y social.<\/p>\n<p class=\"p_36\">\u201cCreo que es un gobierno\u00a0<u>relativamente intrascendente<\/u>\u00a0con pocas ejecutorias de fondo, con algunos chispazos en la pol\u00edtica econ\u00f3mica, pensando en los subsidios y el aumento del IVA; pero en t\u00e9rminos generales es m\u00e1s bien un gobierno discreto\u201d, describe el experto.<\/p>\n<p class=\"p_37\"><b>6. Crisis energ\u00e9tica:\u00a0<\/b>la consultora pol\u00edtica Grace Jim\u00e9nez recuerda que todos los problemas que tiene Noboa son heredados, \u201cpero \u00e9l tiene la responsabilidad de gestionar las crisis\u201d, lo cual no ha ocurrido de manera eficiente en el tema energ\u00e9tico.<\/p>\n<p class=\"p_38\"><u>\u201cNo se reaccion\u00f3 a tiempo y tampoco se plante\u00f3 un plan de acciones urgentes a mediano y largo plazo\u201d<\/u>, apunta Jim\u00e9nez. Y es que Noboa empez\u00f3 su mandato en medio de apagones y desde el 2023 se ven\u00eda alertando de las condiciones clim\u00e1ticas que afectar\u00edan al pa\u00eds.<\/p>\n<p class=\"p_39\">Sin embargo, a inicios del 2024 hubo una primera ronda de apagones, causados seg\u00fan el presidente por el ocultamiento de informaci\u00f3n por parte de la entonces ministra\u00a0<u>Andrea Arrobo<\/u>. Luego, se dijo que no habr\u00eda cortes de luz, pero desde septiembre han vuelto los apagones de hasta 14 horas. <strong>Fuente: Vistazo<\/strong><\/p>\n<\/div>\n","protected":false},"excerpt":{"rendered":"<p>Incertidumbre, desesperanza e improvisaci\u00f3n\u00a0son las palabras m\u00e1s frecuentes que utilizan analistas pol\u00edticos para describir al Gobierno del presidente\u00a0Daniel Noboa, quien cumple un a\u00f1o liderando el Ecuador. Ha sido un tiempo en el que la\u00a0crisis energ\u00e9tica colaps\u00f3 y problemas como la inseguridad siguen palpables. Como aspectos positivos, los expertos destacan la intervenci\u00f3n militar en las c\u00e1rceles y la continuidad de la\u00a0pol\u00edtica en turismo. Noboa asumi\u00f3 el poder el pasado 23 de noviembre del 2023, luego de ganar las elecciones anticipadas que se produjeron tras la\u00a0declaraci\u00f3n de la muerte cruzada\u00a0por parte de\u00a0Guillermo Lasso. Noboa, quien inici\u00f3 su carrera pol\u00edtica como asamble\u00edsta, se lanz\u00f3 a una campa\u00f1a por Carondelet con bajos puntos de aceptaci\u00f3n en las encuestas, pero su destacada participaci\u00f3n en el debate y su interacci\u00f3n en redes sociales lo ayud\u00f3 a subir de manera vertiginosa. El joven empresario triunf\u00f3 con el 51.83% de los votos frente a la candidata corre\u00edsta Luisa Gonz\u00e1lez, q\u200b\u200b\u200bue se qued\u00f3\u00a0con un 48.17% en la segunda vuelta. Tanto en la campa\u00f1a como en sus primeros meses al frente de la Presidencia, Noboa se present\u00f3 como\u00a0un pol\u00edtico que promov\u00eda la unidad\u00a0y\u00a0no se encasillaba en ning\u00fan extremo: ni en los anti ni en los \u00edsmos. Una vez que lleg\u00f3 al poder form\u00f3 un pacto\u00a0en la Asamblea con el corre\u00edsmo y el Partido Social Cristiano (PSC), lo que le permiti\u00f3 la aprobaci\u00f3n de\u00a0cinco leyes de car\u00e1cter urgente\u00a0en tan solo cuatro meses. Sin embargo, la historia cambi\u00f3 tras la\u00a0irrupci\u00f3n de la Embajada de M\u00e9xico en Quito\u00a0para capturar a\u00a0Jorge Glas. La alianza termin\u00f3 y empez\u00f3 una disputa con el Legislativo y otros actores pol\u00edticos. \u201cHoy tenemos un presidente diferente,\u00a0totalmente anticorre\u00edsta, ha radicalizado su puesta en escena. De hecho, dijo que puede ser el peor enemigo\u201d, recuerda la consultora pol\u00edtica,\u00a0Grace Jim\u00e9nez. Actualmente, el mandatario mantiene disputas con\u00a0Aquiles Alvarez, alcalde de Guayaquil,\u00a0Jan Topic\u00a0y la empresa de su familia\u00a0Telconet, entre otros personajes. Un cap\u00edtulo aparente es la pelea con la vicepresidenta\u00a0Ver\u00f3nica Abad, a quien envi\u00f3 como Embajadora a Israel y Turqu\u00eda; aunque luego el\u00a0Ministerio del Trabajo la despoj\u00f3 de su puesto\u00a0con una sanci\u00f3n de 150 d\u00edas. En cuanto a seguridad, Noboa mostr\u00f3 una nueva forma de contener el avance de los grupos criminales cuando declar\u00f3\u00a0conflicto armado interno\u00a0y pas\u00f3 a llamar a las bandas delictivas como\u00a0terroristas. As\u00ed mismo, los militares intervinieron las c\u00e1rceles del pa\u00eds. Estas medidas se tomaron despu\u00e9s del asalto en vivo a la cadena TC Televisi\u00f3n, lo cual caus\u00f3 consternaci\u00f3n nacional. Teniendo en cuenta este panorama, Noboa tambi\u00e9n impuls\u00f3 una\u00a0consulta popular\u00a0con 11 preguntas, en su mayor\u00eda relacionadas a la lucha contra el crimen. Finalmente,\u00a0gan\u00f3 en nueve de sus propuestas y perdi\u00f3 en el trabajo por horas y arbitraje internacional. Asimismo,\u00a0aument\u00f3 el Impuesto al Valor Agregado (IVA)\u00a0de 12% a 15% y elimin\u00f3 parte del\u00a0subsidio a las gasolinas Extra y Ecopa\u00eds, algo que en Gobiernos pasados era casi impensable, puesto que estas medidas hab\u00edan provocado\u00a0paros nacionales\u00a0por parte de los colectivos sociales e ind\u00edgenas. Por otro lado, la econom\u00eda del pa\u00eds sigue inestable sobre todo por la crisis energ\u00e9tica que deja\u00a0p\u00e9rdidas de 12 millones de d\u00f3lares por cada hora sin luz, seg\u00fan gremios empresariales. Noboa ha dicho que los apagones terminar\u00e1n en diciembre, pero nuevamente hay incertidumbre sobre esa promesa. Esta falta de certeza, entre otros aspectos, han hecho que la popularidad del presidente baje notablemente. Una reciente encuesta de la empresa\u00a0Comunicaliza\u00a0muestra que el jefe de Estado ha ca\u00eddo seis puntos en la intenci\u00f3n del voto, pero\u00a0sigue en primer lugar con 27,5%, seguido de la corre\u00edsta Luisa Gonz\u00e1lez con el 26,7%. Con este panorama,\u00a0tres analistas pol\u00edticos\u00a0eval\u00faan los aspectos positivos y negativos del a\u00f1o de Gobierno de Daniel Noboa. Lea tambi\u00e9n:\u00a0Masacre en la Penitenciar\u00eda del Litoral: la intervenci\u00f3n militar en las c\u00e1rceles, una medida insuficiente Daniel Noboa cumple un a\u00f1o en el poder en medio del avance del narco, apagones, bajo crecimiento econ\u00f3mico.\u00a0(Fotos: archivo ) ACIERTOS 1. Militarizaci\u00f3n en c\u00e1rceles y calles:\u00a0los expertos coinciden en que\u00a0se mantiene un relativo control en los reclusorios del pa\u00eds, aunque hace una semana hubo un\u00a0nuevo brote de violencia en la Penitenciar\u00eda del Litoral, que dej\u00f3 al menos 17 reos asesinados. \u201cMuchos dir\u00e1n que hay denuncias sobre violaciones y maltratos en materia de Derechos Humanos, pero\u00a0al menos hay una diferencia con respecto a a\u00f1os pasados, cuando ve\u00edamos matanzas voraces. Las decisiones que se han tomado han surtido alg\u00fan tipo de efecto\u201d, comenta\u00a0Caroline \u00c1vila, catedr\u00e1tica y doctora en comunicaci\u00f3n. Por su parte, el polit\u00f3logo\u00a0Santiago Basabe\u00a0menciona que hay una mayor presencia policial y militar en \u00e1reas conflictivas, \u201clo cual no necesariamente implica que el riesgo y el delito se hayan reducido, pero s\u00ed es positivo y quiz\u00e1s eso explique por qu\u00e9 el gobierno mantiene una popularidad alta, a pesar de todas las dificultades\u201d. 2. Turismo:\u00a0teniendo en cuenta las m\u00faltiples cr\u00edticas que ha recibido esta cartera de Estado, la analista Caroline \u00c1vila destaca se han impulsado acciones positivas como\u00a0refrescar la marca pa\u00eds y posicionarla a nivel internacional\u00a0en eventos como la Feria Internacional de Turismo, FITUR 2024, en la que Ecuador gan\u00f3 como mejor stand para mostrar los atractivos para visitar el pa\u00eds. De igual manera, la\u00a0Cumbre Iberoamericana\u00a0realizada en Cuenca fue un fracaso a nivel pol\u00edtico por la ausencia de presidentes latinoamericanos, \u201cpero la ciudad se benefici\u00f3 con el movimiento tur\u00edstico\u201d, apunta \u00c1vila. 3. Gesti\u00f3n financiera:\u00a0en mayo pasado, el directorio del FMI aprob\u00f3 para Ecuador un programa de cr\u00e9dito a 48 meses, con un monto total de\u00a04.000 millones de d\u00f3lares, de los cuales 1.000 millones fueron desembolsados de inmediato. Adem\u00e1s,\u00a0el gobierno ecuatoriano eval\u00faa un nuevo cr\u00e9dito de resiliencia. \u201cTeniendo en cuenta los riesgos que implica tener un acuerdo con el FMI, esta gesti\u00f3n ha hecho que tengamos algo de liquidez y se ha podido pagar a los GAD o las deudas hist\u00f3ricas que ten\u00eda el IESS con Solca\u201d, resalta Caroline \u00c1vila. 4. Comunicaci\u00f3n: Noboa ha mostrado una nueva forma de comunicaci\u00f3n encaminada a estar presente en redes sociales. Esto de alguna manera le ha permitido\u00a0surfear las olas de las crisis\u00a0y dominar, en ciertos casos, la narrativa sobre la distribuci\u00f3n de las culpas sobre ciertos temas como los apagones. \u201cEsta\u00a0forma de comunicaci\u00f3n poco conocida est\u00e1 alejada<\/p>\n","protected":false},"author":1,"featured_media":20256,"comment_status":"open","ping_status":"open","sticky":false,"template":"","format":"standard","meta":{"footnotes":""},"categories":[268],"tags":[],"class_list":["post-20255","post","type-post","status-publish","format-standard","has-post-thumbnail","hentry","category-nacionales"],"_links":{"self":[{"href":"https:\/\/www.elamazonico.com\/portal\/wp-json\/wp\/v2\/posts\/20255","targetHints":{"allow":["GET"]}}],"collection":[{"href":"https:\/\/www.elamazonico.com\/portal\/wp-json\/wp\/v2\/posts"}],"about":[{"href":"https:\/\/www.elamazonico.com\/portal\/wp-json\/wp\/v2\/types\/post"}],"author":[{"embeddable":true,"href":"https:\/\/www.elamazonico.com\/portal\/wp-json\/wp\/v2\/users\/1"}],"replies":[{"embeddable":true,"href":"https:\/\/www.elamazonico.com\/portal\/wp-json\/wp\/v2\/comments?post=20255"}],"version-history":[{"count":1,"href":"https:\/\/www.elamazonico.com\/portal\/wp-json\/wp\/v2\/posts\/20255\/revisions"}],"predecessor-version":[{"id":20257,"href":"https:\/\/www.elamazonico.com\/portal\/wp-json\/wp\/v2\/posts\/20255\/revisions\/20257"}],"wp:featuredmedia":[{"embeddable":true,"href":"https:\/\/www.elamazonico.com\/portal\/wp-json\/wp\/v2\/media\/20256"}],"wp:attachment":[{"href":"https:\/\/www.elamazonico.com\/portal\/wp-json\/wp\/v2\/media?parent=20255"}],"wp:term":[{"taxonomy":"category","embeddable":true,"href":"https:\/\/www.elamazonico.com\/portal\/wp-json\/wp\/v2\/categories?post=20255"},{"taxonomy":"post_tag","embeddable":true,"href":"https:\/\/www.elamazonico.com\/portal\/wp-json\/wp\/v2\/tags?post=20255"}],"curies":[{"name":"wp","href":"https:\/\/api.w.org\/{rel}","templated":true}]}}