{"id":20247,"date":"2024-11-21T07:38:13","date_gmt":"2024-11-21T12:38:13","guid":{"rendered":"https:\/\/www.elamazonico.com\/portal\/?p=20247"},"modified":"2024-11-21T07:38:13","modified_gmt":"2024-11-21T12:38:13","slug":"el-consejo-de-la-judicatura-decidira-el-futuro-del-concurso-de-jueces","status":"publish","type":"post","link":"https:\/\/www.elamazonico.com\/portal\/el-consejo-de-la-judicatura-decidira-el-futuro-del-concurso-de-jueces\/","title":{"rendered":"El Consejo de la Judicatura decidir\u00e1 el futuro del concurso de jueces"},"content":{"rendered":"<p>El presidente del\u00a0<strong>Consejo de la Judicatura<\/strong>, Mario Godoy convoc\u00f3 a sesi\u00f3n del Pleno, este jueves 21 de noviembre para definir el futuro del concurso de jueces de la\u00a0 Corte Nacional de Justicia.<\/p>\n<p>A trav\u00e9s de su cuenta de X, el titular de este organismo indic\u00f3 que \u201cen sesi\u00f3n ordinaria\u00a0<strong>N.\u00b0 132-2024<\/strong>\u00a0del Pleno del Consejo de la Judicatura, que se llevar\u00e1 a cabo a las 13:45, se analizar\u00e1n y adoptar\u00e1n decisiones claves sobre el Concurso de Selecci\u00f3n y Designaci\u00f3n de Jueces y Conjueces de la Corte Nacional de Justicia.\u201d<\/p>\n<p>Godoy inform\u00f3 indic\u00f3 que \u201cla Direcci\u00f3n Nacional de Talento Humano presentar\u00e1 su an\u00e1lisis e informe t\u00e9cnico, proporcionando insumos fundamentales para que el Pleno tome decisiones s\u00f3lidamente fundamentadas y alineadas con el marco legal. Este proceso refleja nuestro compromiso con la transparencia, legalidad y meritocracia en la selecci\u00f3n de las m\u00e1ximas autoridades judiciales,\u201d mencion\u00f3 el juez.<\/p>\n<p>Godoy enfatiz\u00f3 en \u201chacer un llamado a la ciudadan\u00eda para que, juntos, defendamos la transparencia del concurso, asegurando que ning\u00fan inter\u00e9s pol\u00edtico interfiera con la integridad y la percepci\u00f3n de este proceso crucial,\u201d coment\u00f3.<\/p>\n<p>El pasado 26 de agosto, el Pleno de la Judicatura anul\u00f3 de forma parcial con jueces relacionada con el proceso de fases de confianza con presuntas irregularidades.<\/p>\n","protected":false},"excerpt":{"rendered":"<p>El presidente del\u00a0Consejo de la Judicatura, Mario Godoy convoc\u00f3 a sesi\u00f3n del Pleno, este jueves 21 de noviembre para definir el futuro del concurso de jueces de la\u00a0 Corte Nacional de Justicia. A trav\u00e9s de su cuenta de X, el titular de este organismo indic\u00f3 que \u201cen sesi\u00f3n ordinaria\u00a0N.\u00b0 132-2024\u00a0del Pleno del Consejo de la Judicatura, que se llevar\u00e1 a cabo a las 13:45, se analizar\u00e1n y adoptar\u00e1n decisiones claves sobre el Concurso de Selecci\u00f3n y Designaci\u00f3n de Jueces y Conjueces de la Corte Nacional de Justicia.\u201d Godoy inform\u00f3 indic\u00f3 que \u201cla Direcci\u00f3n Nacional de Talento Humano presentar\u00e1 su an\u00e1lisis e informe t\u00e9cnico, proporcionando insumos fundamentales para que el Pleno tome decisiones s\u00f3lidamente fundamentadas y alineadas con el marco legal. Este proceso refleja nuestro compromiso con la transparencia, legalidad y meritocracia en la selecci\u00f3n de las m\u00e1ximas autoridades judiciales,\u201d mencion\u00f3 el juez. Godoy enfatiz\u00f3 en \u201chacer un llamado a la ciudadan\u00eda para que, juntos, defendamos la transparencia del concurso, asegurando que ning\u00fan inter\u00e9s pol\u00edtico interfiera con la integridad y la percepci\u00f3n de este proceso crucial,\u201d coment\u00f3. El pasado 26 de agosto, el Pleno de la Judicatura anul\u00f3 de forma parcial con jueces relacionada con el proceso de fases de confianza con presuntas irregularidades.<\/p>\n","protected":false},"author":1,"featured_media":20248,"comment_status":"open","ping_status":"open","sticky":false,"template":"","format":"standard","meta":{"footnotes":""},"categories":[268],"tags":[],"class_list":["post-20247","post","type-post","status-publish","format-standard","has-post-thumbnail","hentry","category-nacionales"],"_links":{"self":[{"href":"https:\/\/www.elamazonico.com\/portal\/wp-json\/wp\/v2\/posts\/20247","targetHints":{"allow":["GET"]}}],"collection":[{"href":"https:\/\/www.elamazonico.com\/portal\/wp-json\/wp\/v2\/posts"}],"about":[{"href":"https:\/\/www.elamazonico.com\/portal\/wp-json\/wp\/v2\/types\/post"}],"author":[{"embeddable":true,"href":"https:\/\/www.elamazonico.com\/portal\/wp-json\/wp\/v2\/users\/1"}],"replies":[{"embeddable":true,"href":"https:\/\/www.elamazonico.com\/portal\/wp-json\/wp\/v2\/comments?post=20247"}],"version-history":[{"count":1,"href":"https:\/\/www.elamazonico.com\/portal\/wp-json\/wp\/v2\/posts\/20247\/revisions"}],"predecessor-version":[{"id":20249,"href":"https:\/\/www.elamazonico.com\/portal\/wp-json\/wp\/v2\/posts\/20247\/revisions\/20249"}],"wp:featuredmedia":[{"embeddable":true,"href":"https:\/\/www.elamazonico.com\/portal\/wp-json\/wp\/v2\/media\/20248"}],"wp:attachment":[{"href":"https:\/\/www.elamazonico.com\/portal\/wp-json\/wp\/v2\/media?parent=20247"}],"wp:term":[{"taxonomy":"category","embeddable":true,"href":"https:\/\/www.elamazonico.com\/portal\/wp-json\/wp\/v2\/categories?post=20247"},{"taxonomy":"post_tag","embeddable":true,"href":"https:\/\/www.elamazonico.com\/portal\/wp-json\/wp\/v2\/tags?post=20247"}],"curies":[{"name":"wp","href":"https:\/\/api.w.org\/{rel}","templated":true}]}}