{"id":20223,"date":"2024-11-20T17:16:35","date_gmt":"2024-11-20T22:16:35","guid":{"rendered":"https:\/\/www.elamazonico.com\/portal\/?p=20223"},"modified":"2024-11-20T17:16:35","modified_gmt":"2024-11-20T22:16:35","slug":"caso-encuentro-danilo-carrera-es-sentenciado-a-10-anos-por-delincuencia-organizada","status":"publish","type":"post","link":"https:\/\/www.elamazonico.com\/portal\/caso-encuentro-danilo-carrera-es-sentenciado-a-10-anos-por-delincuencia-organizada\/","title":{"rendered":"Caso Encuentro: Danilo Carrera es sentenciado a 10 a\u00f1os por delincuencia organizada"},"content":{"rendered":"<p>Danilo Carrera Drouet, cu\u00f1ado del expresidente Guillermo Lasso, fue sentenciado por delincuencia organizada este 20 de noviembre de 2024, en Quito. El Tribunal Anticorrupci\u00f3n decidi\u00f3 que el empresario guayaquile\u00f1o merece una pena de 10 a\u00f1os de prisi\u00f3n.<\/p>\n<p>Pero el juez aclar\u00f3 que deber\u00e1 cumplirlos en un centro de privaci\u00f3n de libertad, pese a tener 83 a\u00f1os, y que se le descontar\u00e1 de la pena el tiempo que lleva en arresto domiciliario.<\/p>\n<p>La audiencia se desarroll\u00f3 de forma tel\u00e9matica, desde las 14:00, y alrededor de las 16:20, el Tribunal dio a conocer la resoluci\u00f3n. En la decisi\u00f3n tambi\u00e9n fue sentenciado Antonio Icaza,\u00a0exgerente de la Corporaci\u00f3n Nacional de Electricidad (CNEL), a nueve a\u00f1os y cuatro meses de prisi\u00f3n.<\/p>\n<p>Adem\u00e1s, el Tribunal acept\u00f3 el pedido de la Fiscal\u00eda de que se les ordene el pago de USD 682.188 a cada uno por reparaci\u00f3n integral. Por lo que dispuso que se proh\u00edba la enajenaci\u00f3n de bienes y se retengan los recursos de las cuentas bancarias de los sentenciados, para garantizar el cumplimiento.<\/p>\n<p>El Tribunal consider\u00f3 que toda la documentaci\u00f3n presentada por la Fiscal\u00eda y los testimonios establecen que \u00abefectivamente existi\u00f3 una estructura, en la cual existi\u00f3 una direcci\u00f3n de mando, que estaba distribuida por varias personas\u00bb.<\/p>\n<p>Seg\u00fan el Tribunal, \u00abuna de las personas que ten\u00eda la direcci\u00f3n era el se\u00f1or Danilo Carrera y una de las personas que ejerci\u00f3 de colaborador es quien est\u00e1 actualmente como procesado, que es el se\u00f1or Antonio Icaza\u00bb.<\/p>\n<p>Para el Tribunal, las transcripciones de las conversaciones y los seguimientos a Carrera y el fallecido Rub\u00e9n Cherres, \u00abse ha determinado que efectivamente cumpli\u00f3 un rol preponderante, imperativo, de mando, dentro de este grupo estructurado\u00bb.<\/p>\n<p><strong>El proceso<\/strong><br \/>\nSeg\u00fan la teor\u00eda del Ministerio P\u00fablico, Danilo Carrera y su amigo Rub\u00e9n Cherres, asesinado en marzo de 2023, aprovecharon las posiciones de Hern\u00e1n Luque y de Antonio Icaza dentro de las empresas p\u00fablicas, para direccionar millonarios contratos con el Estado, a trav\u00e9s de cuatro empresarios se\u00f1alados.<\/p>\n<p>De todos ellos, solo Carrera e Icaza\u00a0fueron enjuiciados en estos meses. Pero la red de corrupci\u00f3n estaba conformada por cinco personas m\u00e1s:<\/p>\n<p>Hern\u00e1n Luque, expresidente de la Empresa P\u00fablica Coordinadora de Empresas P\u00fablicas (EMCO), quien est\u00e1 pr\u00f3fugo en Argentina.<br \/>\nLeonardo Cortazar, empresario.<br \/>\nNain Massuh, empresario.<br \/>\nKaren Cornejo, empresaria.<br \/>\nEricka Far\u00edas, empresaria.<br \/>\nSobre todos ellos pesan medidas de prisi\u00f3n preventiva, pero, como se encuentran pr\u00f3fugos, no pueden ser juzgados en ausencia por el delito de delincuencia organizada.<\/p>\n<p><strong>El inicio del caso<\/strong><br \/>\nLa investigaci\u00f3n del caso Encuentro se origin\u00f3 en enero de 2023, tras la filtraci\u00f3n de La Posta de varios audios de llamadas entre los supuestos involucrados. En las grabaciones se habla de una estructura criminal que habr\u00eda manejado los contratos del sector el\u00e9ctrico ecuatoriano.<\/p>\n<p>El 20 de enero de ese a\u00f1o, la Fiscal\u00eda ejecut\u00f3 ocho allanamientos. Y en octubre solicit\u00f3 fecha y hora para formular cargos, en contra de siete involucrados, por el presunto delito de delincuencia organizada. Adem\u00e1s, se acumul\u00f3 la investigaci\u00f3n del denominado caso \u201cLe\u00f3n de Troya\u201d.<\/p>\n<p>La Fiscal\u00eda asegura que este grupo ten\u00eda el poder para \u00abinterferir en instituciones p\u00fablicas como: CNEL EP, BanEcuador y Servicio Nacional de Aduanas\u00bb.<\/p>\n<p>Finalmente, el 26 de junio de 2024 se instal\u00f3 la audiencia preparatoria de juicio, que fue suspendida en tres ocasiones, mientras la Fiscal\u00eda y los abogados defensores presentaban sus argumentos. Y, el 1 de agosto, el juez decret\u00f3 el llamado a juicio. <strong>Fuente: Primicias<\/strong><\/p>\n","protected":false},"excerpt":{"rendered":"<p>Danilo Carrera Drouet, cu\u00f1ado del expresidente Guillermo Lasso, fue sentenciado por delincuencia organizada este 20 de noviembre de 2024, en Quito. El Tribunal Anticorrupci\u00f3n decidi\u00f3 que el empresario guayaquile\u00f1o merece una pena de 10 a\u00f1os de prisi\u00f3n. Pero el juez aclar\u00f3 que deber\u00e1 cumplirlos en un centro de privaci\u00f3n de libertad, pese a tener 83 a\u00f1os, y que se le descontar\u00e1 de la pena el tiempo que lleva en arresto domiciliario. La audiencia se desarroll\u00f3 de forma tel\u00e9matica, desde las 14:00, y alrededor de las 16:20, el Tribunal dio a conocer la resoluci\u00f3n. En la decisi\u00f3n tambi\u00e9n fue sentenciado Antonio Icaza,\u00a0exgerente de la Corporaci\u00f3n Nacional de Electricidad (CNEL), a nueve a\u00f1os y cuatro meses de prisi\u00f3n. Adem\u00e1s, el Tribunal acept\u00f3 el pedido de la Fiscal\u00eda de que se les ordene el pago de USD 682.188 a cada uno por reparaci\u00f3n integral. Por lo que dispuso que se proh\u00edba la enajenaci\u00f3n de bienes y se retengan los recursos de las cuentas bancarias de los sentenciados, para garantizar el cumplimiento. El Tribunal consider\u00f3 que toda la documentaci\u00f3n presentada por la Fiscal\u00eda y los testimonios establecen que \u00abefectivamente existi\u00f3 una estructura, en la cual existi\u00f3 una direcci\u00f3n de mando, que estaba distribuida por varias personas\u00bb. Seg\u00fan el Tribunal, \u00abuna de las personas que ten\u00eda la direcci\u00f3n era el se\u00f1or Danilo Carrera y una de las personas que ejerci\u00f3 de colaborador es quien est\u00e1 actualmente como procesado, que es el se\u00f1or Antonio Icaza\u00bb. Para el Tribunal, las transcripciones de las conversaciones y los seguimientos a Carrera y el fallecido Rub\u00e9n Cherres, \u00abse ha determinado que efectivamente cumpli\u00f3 un rol preponderante, imperativo, de mando, dentro de este grupo estructurado\u00bb. El proceso Seg\u00fan la teor\u00eda del Ministerio P\u00fablico, Danilo Carrera y su amigo Rub\u00e9n Cherres, asesinado en marzo de 2023, aprovecharon las posiciones de Hern\u00e1n Luque y de Antonio Icaza dentro de las empresas p\u00fablicas, para direccionar millonarios contratos con el Estado, a trav\u00e9s de cuatro empresarios se\u00f1alados. De todos ellos, solo Carrera e Icaza\u00a0fueron enjuiciados en estos meses. Pero la red de corrupci\u00f3n estaba conformada por cinco personas m\u00e1s: Hern\u00e1n Luque, expresidente de la Empresa P\u00fablica Coordinadora de Empresas P\u00fablicas (EMCO), quien est\u00e1 pr\u00f3fugo en Argentina. Leonardo Cortazar, empresario. Nain Massuh, empresario. Karen Cornejo, empresaria. Ericka Far\u00edas, empresaria. Sobre todos ellos pesan medidas de prisi\u00f3n preventiva, pero, como se encuentran pr\u00f3fugos, no pueden ser juzgados en ausencia por el delito de delincuencia organizada. El inicio del caso La investigaci\u00f3n del caso Encuentro se origin\u00f3 en enero de 2023, tras la filtraci\u00f3n de La Posta de varios audios de llamadas entre los supuestos involucrados. En las grabaciones se habla de una estructura criminal que habr\u00eda manejado los contratos del sector el\u00e9ctrico ecuatoriano. El 20 de enero de ese a\u00f1o, la Fiscal\u00eda ejecut\u00f3 ocho allanamientos. Y en octubre solicit\u00f3 fecha y hora para formular cargos, en contra de siete involucrados, por el presunto delito de delincuencia organizada. Adem\u00e1s, se acumul\u00f3 la investigaci\u00f3n del denominado caso \u201cLe\u00f3n de Troya\u201d. La Fiscal\u00eda asegura que este grupo ten\u00eda el poder para \u00abinterferir en instituciones p\u00fablicas como: CNEL EP, BanEcuador y Servicio Nacional de Aduanas\u00bb. Finalmente, el 26 de junio de 2024 se instal\u00f3 la audiencia preparatoria de juicio, que fue suspendida en tres ocasiones, mientras la Fiscal\u00eda y los abogados defensores presentaban sus argumentos. Y, el 1 de agosto, el juez decret\u00f3 el llamado a juicio. Fuente: Primicias<\/p>\n","protected":false},"author":1,"featured_media":20224,"comment_status":"open","ping_status":"open","sticky":false,"template":"","format":"standard","meta":{"footnotes":""},"categories":[268],"tags":[],"class_list":["post-20223","post","type-post","status-publish","format-standard","has-post-thumbnail","hentry","category-nacionales"],"_links":{"self":[{"href":"https:\/\/www.elamazonico.com\/portal\/wp-json\/wp\/v2\/posts\/20223","targetHints":{"allow":["GET"]}}],"collection":[{"href":"https:\/\/www.elamazonico.com\/portal\/wp-json\/wp\/v2\/posts"}],"about":[{"href":"https:\/\/www.elamazonico.com\/portal\/wp-json\/wp\/v2\/types\/post"}],"author":[{"embeddable":true,"href":"https:\/\/www.elamazonico.com\/portal\/wp-json\/wp\/v2\/users\/1"}],"replies":[{"embeddable":true,"href":"https:\/\/www.elamazonico.com\/portal\/wp-json\/wp\/v2\/comments?post=20223"}],"version-history":[{"count":1,"href":"https:\/\/www.elamazonico.com\/portal\/wp-json\/wp\/v2\/posts\/20223\/revisions"}],"predecessor-version":[{"id":20225,"href":"https:\/\/www.elamazonico.com\/portal\/wp-json\/wp\/v2\/posts\/20223\/revisions\/20225"}],"wp:featuredmedia":[{"embeddable":true,"href":"https:\/\/www.elamazonico.com\/portal\/wp-json\/wp\/v2\/media\/20224"}],"wp:attachment":[{"href":"https:\/\/www.elamazonico.com\/portal\/wp-json\/wp\/v2\/media?parent=20223"}],"wp:term":[{"taxonomy":"category","embeddable":true,"href":"https:\/\/www.elamazonico.com\/portal\/wp-json\/wp\/v2\/categories?post=20223"},{"taxonomy":"post_tag","embeddable":true,"href":"https:\/\/www.elamazonico.com\/portal\/wp-json\/wp\/v2\/tags?post=20223"}],"curies":[{"name":"wp","href":"https:\/\/api.w.org\/{rel}","templated":true}]}}