{"id":20220,"date":"2024-11-20T17:02:45","date_gmt":"2024-11-20T22:02:45","guid":{"rendered":"https:\/\/www.elamazonico.com\/portal\/?p=20220"},"modified":"2024-11-20T17:02:45","modified_gmt":"2024-11-20T22:02:45","slug":"walter-s-es-detenido-por-la-interpol-en-mexico","status":"publish","type":"post","link":"https:\/\/www.elamazonico.com\/portal\/walter-s-es-detenido-por-la-interpol-en-mexico\/","title":{"rendered":"Walter S. es detenido por la Interpol en M\u00e9xico"},"content":{"rendered":"<p>El\u00a0<strong>exministro de Transporte y Obras P\u00fablicas (MTOP)<\/strong>, del gobierno de Rafael Correa,\u00a0<strong>Walter S.,<\/strong>\u00a0fue detenido en M\u00e9xico por la Interpol, en donde permanec\u00eda como refugiado.<\/p>\n<div class=\"google-auto-placed ap_container\"><ins class=\"adsbygoogle adsbygoogle-noablate\" data-ad-format=\"auto\" data-ad-client=\"ca-pub-4257119852434871\" data-adsbygoogle-status=\"done\" data-ad-status=\"unfilled\"><\/p>\n<div id=\"aswift_3_host\">Walter S. es investigado por el presunto delito de peculado dentro del caso <strong>Reconstrucci\u00f3n de Manab\u00ed<\/strong>, en el que tambi\u00e9n est\u00e1 procesado el exvicepresidente del corre\u00edsmo,\u00a0<strong>Jorge G.<\/strong><\/div>\n<p><\/ins><\/div>\n<p>La noticia la difundieron medios mexicanos, que aseguraron que la presidenta de ese pa\u00eds\u00a0<strong>Claudia<\/strong>\u00a0<strong>Sheinbaum,<\/strong>\u00a0confirm\u00f3 la detenci\u00f3n del exministro.<\/p>\n<p>En d\u00edas anteriores, el juez de la\u00a0<strong>Corte Nacional de Justicia<\/strong>, Julio C\u00e9sar Inga solicit\u00f3 el pedido de extradici\u00f3n. Esta decisi\u00f3n surge meses despu\u00e9s de que la Fiscal\u00eda solicit\u00f3 prisi\u00f3n preventiva para Walter S., el pasado 12 de abril. <strong>Fuente: El Tel\u00e9grafo<\/strong><\/p>\n","protected":false},"excerpt":{"rendered":"<p>El\u00a0exministro de Transporte y Obras P\u00fablicas (MTOP), del gobierno de Rafael Correa,\u00a0Walter S.,\u00a0fue detenido en M\u00e9xico por la Interpol, en donde permanec\u00eda como refugiado. Walter S. es investigado por el presunto delito de peculado dentro del caso Reconstrucci\u00f3n de Manab\u00ed, en el que tambi\u00e9n est\u00e1 procesado el exvicepresidente del corre\u00edsmo,\u00a0Jorge G. La noticia la difundieron medios mexicanos, que aseguraron que la presidenta de ese pa\u00eds\u00a0Claudia\u00a0Sheinbaum,\u00a0confirm\u00f3 la detenci\u00f3n del exministro. En d\u00edas anteriores, el juez de la\u00a0Corte Nacional de Justicia, Julio C\u00e9sar Inga solicit\u00f3 el pedido de extradici\u00f3n. Esta decisi\u00f3n surge meses despu\u00e9s de que la Fiscal\u00eda solicit\u00f3 prisi\u00f3n preventiva para Walter S., el pasado 12 de abril. Fuente: El Tel\u00e9grafo<\/p>\n","protected":false},"author":1,"featured_media":20221,"comment_status":"open","ping_status":"open","sticky":false,"template":"","format":"standard","meta":{"footnotes":""},"categories":[268],"tags":[],"class_list":["post-20220","post","type-post","status-publish","format-standard","has-post-thumbnail","hentry","category-nacionales"],"_links":{"self":[{"href":"https:\/\/www.elamazonico.com\/portal\/wp-json\/wp\/v2\/posts\/20220","targetHints":{"allow":["GET"]}}],"collection":[{"href":"https:\/\/www.elamazonico.com\/portal\/wp-json\/wp\/v2\/posts"}],"about":[{"href":"https:\/\/www.elamazonico.com\/portal\/wp-json\/wp\/v2\/types\/post"}],"author":[{"embeddable":true,"href":"https:\/\/www.elamazonico.com\/portal\/wp-json\/wp\/v2\/users\/1"}],"replies":[{"embeddable":true,"href":"https:\/\/www.elamazonico.com\/portal\/wp-json\/wp\/v2\/comments?post=20220"}],"version-history":[{"count":1,"href":"https:\/\/www.elamazonico.com\/portal\/wp-json\/wp\/v2\/posts\/20220\/revisions"}],"predecessor-version":[{"id":20222,"href":"https:\/\/www.elamazonico.com\/portal\/wp-json\/wp\/v2\/posts\/20220\/revisions\/20222"}],"wp:featuredmedia":[{"embeddable":true,"href":"https:\/\/www.elamazonico.com\/portal\/wp-json\/wp\/v2\/media\/20221"}],"wp:attachment":[{"href":"https:\/\/www.elamazonico.com\/portal\/wp-json\/wp\/v2\/media?parent=20220"}],"wp:term":[{"taxonomy":"category","embeddable":true,"href":"https:\/\/www.elamazonico.com\/portal\/wp-json\/wp\/v2\/categories?post=20220"},{"taxonomy":"post_tag","embeddable":true,"href":"https:\/\/www.elamazonico.com\/portal\/wp-json\/wp\/v2\/tags?post=20220"}],"curies":[{"name":"wp","href":"https:\/\/api.w.org\/{rel}","templated":true}]}}