{"id":20217,"date":"2024-11-20T09:44:55","date_gmt":"2024-11-20T14:44:55","guid":{"rendered":"https:\/\/www.elamazonico.com\/portal\/?p=20217"},"modified":"2024-11-20T09:44:55","modified_gmt":"2024-11-20T14:44:55","slug":"veronica-abad-regresa-a-ecuador-este-miercoles-20-de-noviembre-tras-suspension-de-150-dias-por-abandono-del-cargo","status":"publish","type":"post","link":"https:\/\/www.elamazonico.com\/portal\/veronica-abad-regresa-a-ecuador-este-miercoles-20-de-noviembre-tras-suspension-de-150-dias-por-abandono-del-cargo\/","title":{"rendered":"Ver\u00f3nica Abad regresa a Ecuador, este mi\u00e9rcoles 20 de noviembre, tras suspensi\u00f3n de 150 d\u00edas por &#8216;abandono del cargo&#8217;"},"content":{"rendered":"<div class=\"paragraph texto\">\n<p class=\"p_0\">La vicepresidenta de la Rep\u00fablica,\u00a0<b><a href=\"https:\/\/www.vistazo.com\/politica\/nacional\/2024-11-13-veronica-abad-asamblea-rechaza-desconoce-sancion-NE8305843\" target=\"_blank\" rel=\"noopener noreferrer\">Ver\u00f3nica Abad<\/a><\/b>, regresa este mi\u00e9rcoles, 20 de noviembre, a Ecuador tras cumplir una suspensi\u00f3n de 150 d\u00edas impuesta por el Ministerio de Trabajo.<\/p>\n<p class=\"p_1\">Est\u00e1 previsto que Abad arribe a\u00a0<b>Quito\u00a0<\/b>a las 09:00, donde ofrecer\u00e1 una rueda de prensa en la sala protocolar del aeropuerto Mariscal Sucre.<\/p>\n<p class=\"p_3\">Abad vuelve al pa\u00eds desde Ankara, <b>Turqu\u00eda<\/b>, donde fue designada para cumplir funciones como embajadora tras haber sido trasladada desde Tel Aviv, Israel.<\/p>\n<p class=\"p_4\">Su suspensi\u00f3n fue el resultado de un proceso administrativo iniciado el 9 de noviembre por el\u00a0<b>Ministerio de Trabajo<\/b>, que la sancion\u00f3 por presunto \u00ababandono del cargo\u00bb. Seg\u00fan el Gobierno, la vicepresidenta no se present\u00f3 en Ankara en el plazo establecido.<\/p>\n<p class=\"p_5\">Luego de su comparecencia en Quito, Abad tiene previsto viajar a\u00a0<b>Cuenca<\/b>, su ciudad natal, para reunirse con su familia.<\/p>\n<p>Reemplazo de Noboa<\/p><\/div>\n<div class=\"paragraph texto\">\n<p class=\"p_7\">Dentro del enfrentamiento que mantienen Noboa y Abad, la vicepresidenta ha denunciado al mandatario por presunto acoso y\u00a0<b>violencia pol\u00edtica de g\u00e9nero<\/b>\u00a0para supuestamente forzarla a renunciar y as\u00ed evitar tener que delegar en ella las funciones presidenciales.<\/p>\n<p class=\"p_8\">El 9 de noviembre, el\u00a0<b>Ministerio de Trabajo\u00a0<\/b>sancion\u00f3 a Abad con una suspensi\u00f3n de 150 d\u00edas, impidi\u00e9ndole reemplazar al presidente durante su ausencia. Mientras que, dos d\u00edas despu\u00e9s, Noboa design\u00f3 a\u00a0<b>Sariha Moya<\/b>\u00a0como vicepresidenta encargada.<\/p>\n<p class=\"p_9\">El ministro de Gobierno,\u00a0<b>Jos\u00e9 de la Gasca<\/b>, abord\u00f3 ayer el tema de la sucesi\u00f3n presidencial, al referirse a la audiencia de\u00a0<b>acci\u00f3n de protecci\u00f3n<\/b>\u00a0presentada por Abad, programada para el pr\u00f3ximo 27 de noviembre, con la que se busca revertir la suspensi\u00f3n del cargo.<\/p>\n<p class=\"p_10\">De la Gasca destac\u00f3 que los temas relacionados con la vicepresidenta Ver\u00f3nica Abad ser\u00e1n tratados exclusivamente por la justicia, \u00abreafirmando el compromiso del gobierno con el respeto a la independencia de los poderes y el debido proceso\u00bb.<\/p>\n<p class=\"p_11\">Sin embargo, dijo que en caso de un fallo favorable para Abad, \u00abexisten otros caminos legales y constitucionales\u00bb que se aplicar\u00e1n. \u00abLa gobernabilidad y el respeto a la Constituci\u00f3n van a seguir\u00bb, enfatiz\u00f3 el ministro.<\/p>\n<p class=\"p_12\">De La Gasca adelant\u00f3 que una vez que Daniel Noboa comience a hacer campa\u00f1a para las elecciones generales de 2025, la vicepresidenta designada,\u00a0<b>Sariha Moya<\/b>, ser\u00e1 quien asuma el cargo.<\/p>\n<p class=\"p_13\">Adem\u00e1s, se\u00f1al\u00f3 que no hay un ambiente de confianza con Ver\u00f3nica Abad, al recordar que la vicepresidenta ha solicitado la\u00a0<b>destituci\u00f3n\u00a0<\/b>del presidente Noboa en el Tribunal Contencioso Electoral (TCE).<\/p>\n<p class=\"p_14\">El funcionario asegur\u00f3 que se trataba de un acto pol\u00edtico\u00a0<b>desestabilizador\u00a0<\/b>y destac\u00f3 que la Asamblea Nacional no emiti\u00f3 ning\u00fan pronunciamiento al respecto.<strong> Fuente: Vistazo<\/strong><\/p>\n<\/div>\n","protected":false},"excerpt":{"rendered":"<p>La vicepresidenta de la Rep\u00fablica,\u00a0Ver\u00f3nica Abad, regresa este mi\u00e9rcoles, 20 de noviembre, a Ecuador tras cumplir una suspensi\u00f3n de 150 d\u00edas impuesta por el Ministerio de Trabajo. Est\u00e1 previsto que Abad arribe a\u00a0Quito\u00a0a las 09:00, donde ofrecer\u00e1 una rueda de prensa en la sala protocolar del aeropuerto Mariscal Sucre. Abad vuelve al pa\u00eds desde Ankara, Turqu\u00eda, donde fue designada para cumplir funciones como embajadora tras haber sido trasladada desde Tel Aviv, Israel. Su suspensi\u00f3n fue el resultado de un proceso administrativo iniciado el 9 de noviembre por el\u00a0Ministerio de Trabajo, que la sancion\u00f3 por presunto \u00ababandono del cargo\u00bb. Seg\u00fan el Gobierno, la vicepresidenta no se present\u00f3 en Ankara en el plazo establecido. Luego de su comparecencia en Quito, Abad tiene previsto viajar a\u00a0Cuenca, su ciudad natal, para reunirse con su familia. Reemplazo de Noboa Dentro del enfrentamiento que mantienen Noboa y Abad, la vicepresidenta ha denunciado al mandatario por presunto acoso y\u00a0violencia pol\u00edtica de g\u00e9nero\u00a0para supuestamente forzarla a renunciar y as\u00ed evitar tener que delegar en ella las funciones presidenciales. El 9 de noviembre, el\u00a0Ministerio de Trabajo\u00a0sancion\u00f3 a Abad con una suspensi\u00f3n de 150 d\u00edas, impidi\u00e9ndole reemplazar al presidente durante su ausencia. Mientras que, dos d\u00edas despu\u00e9s, Noboa design\u00f3 a\u00a0Sariha Moya\u00a0como vicepresidenta encargada. El ministro de Gobierno,\u00a0Jos\u00e9 de la Gasca, abord\u00f3 ayer el tema de la sucesi\u00f3n presidencial, al referirse a la audiencia de\u00a0acci\u00f3n de protecci\u00f3n\u00a0presentada por Abad, programada para el pr\u00f3ximo 27 de noviembre, con la que se busca revertir la suspensi\u00f3n del cargo. De la Gasca destac\u00f3 que los temas relacionados con la vicepresidenta Ver\u00f3nica Abad ser\u00e1n tratados exclusivamente por la justicia, \u00abreafirmando el compromiso del gobierno con el respeto a la independencia de los poderes y el debido proceso\u00bb. Sin embargo, dijo que en caso de un fallo favorable para Abad, \u00abexisten otros caminos legales y constitucionales\u00bb que se aplicar\u00e1n. \u00abLa gobernabilidad y el respeto a la Constituci\u00f3n van a seguir\u00bb, enfatiz\u00f3 el ministro. De La Gasca adelant\u00f3 que una vez que Daniel Noboa comience a hacer campa\u00f1a para las elecciones generales de 2025, la vicepresidenta designada,\u00a0Sariha Moya, ser\u00e1 quien asuma el cargo. Adem\u00e1s, se\u00f1al\u00f3 que no hay un ambiente de confianza con Ver\u00f3nica Abad, al recordar que la vicepresidenta ha solicitado la\u00a0destituci\u00f3n\u00a0del presidente Noboa en el Tribunal Contencioso Electoral (TCE). El funcionario asegur\u00f3 que se trataba de un acto pol\u00edtico\u00a0desestabilizador\u00a0y destac\u00f3 que la Asamblea Nacional no emiti\u00f3 ning\u00fan pronunciamiento al respecto. Fuente: Vistazo<\/p>\n","protected":false},"author":1,"featured_media":20218,"comment_status":"open","ping_status":"open","sticky":false,"template":"","format":"standard","meta":{"footnotes":""},"categories":[268],"tags":[],"class_list":["post-20217","post","type-post","status-publish","format-standard","has-post-thumbnail","hentry","category-nacionales"],"_links":{"self":[{"href":"https:\/\/www.elamazonico.com\/portal\/wp-json\/wp\/v2\/posts\/20217","targetHints":{"allow":["GET"]}}],"collection":[{"href":"https:\/\/www.elamazonico.com\/portal\/wp-json\/wp\/v2\/posts"}],"about":[{"href":"https:\/\/www.elamazonico.com\/portal\/wp-json\/wp\/v2\/types\/post"}],"author":[{"embeddable":true,"href":"https:\/\/www.elamazonico.com\/portal\/wp-json\/wp\/v2\/users\/1"}],"replies":[{"embeddable":true,"href":"https:\/\/www.elamazonico.com\/portal\/wp-json\/wp\/v2\/comments?post=20217"}],"version-history":[{"count":1,"href":"https:\/\/www.elamazonico.com\/portal\/wp-json\/wp\/v2\/posts\/20217\/revisions"}],"predecessor-version":[{"id":20219,"href":"https:\/\/www.elamazonico.com\/portal\/wp-json\/wp\/v2\/posts\/20217\/revisions\/20219"}],"wp:featuredmedia":[{"embeddable":true,"href":"https:\/\/www.elamazonico.com\/portal\/wp-json\/wp\/v2\/media\/20218"}],"wp:attachment":[{"href":"https:\/\/www.elamazonico.com\/portal\/wp-json\/wp\/v2\/media?parent=20217"}],"wp:term":[{"taxonomy":"category","embeddable":true,"href":"https:\/\/www.elamazonico.com\/portal\/wp-json\/wp\/v2\/categories?post=20217"},{"taxonomy":"post_tag","embeddable":true,"href":"https:\/\/www.elamazonico.com\/portal\/wp-json\/wp\/v2\/tags?post=20217"}],"curies":[{"name":"wp","href":"https:\/\/api.w.org\/{rel}","templated":true}]}}