{"id":20205,"date":"2024-11-19T16:18:14","date_gmt":"2024-11-19T21:18:14","guid":{"rendered":"https:\/\/www.elamazonico.com\/portal\/?p=20205"},"modified":"2024-11-19T16:18:14","modified_gmt":"2024-11-19T21:18:14","slug":"telconet-califica-de-ilegal-y-con-una-clarisima-connotacion-politica-la-resolucion-de-arcotel-sobre-cable-submarino","status":"publish","type":"post","link":"https:\/\/www.elamazonico.com\/portal\/telconet-califica-de-ilegal-y-con-una-clarisima-connotacion-politica-la-resolucion-de-arcotel-sobre-cable-submarino\/","title":{"rendered":"Telconet califica de \u00abilegal\u00bb y \u00abcon una clar\u00edsima connotaci\u00f3n pol\u00edtica\u00bb la resoluci\u00f3n de Arcotel sobre cable submarino"},"content":{"rendered":"<p>La compa\u00f1\u00eda Telconet Latam anunci\u00f3 este 19 de noviembre que apelar\u00e1 la decisi\u00f3n de la Agencia de Regulaci\u00f3n y Control de las Telecomunicaciones (Arcotel) de extinguir el t\u00edtulo habilitante de su proveedor de cable submarino de Internet, Cable Andino S.A. Corpoandino, por supuestas irregularidades en su adjudicaci\u00f3n.<\/p>\n<p>La Arcotel asegura que las irregularidades tienen relaci\u00f3n con la ausencia de garant\u00eda de fiel cumplimiento, seguro para todo riesgo, ausencia de una viabilidad financiera para el inicio de su operaci\u00f3n y la existencia de un examen especial con conclusiones por parte de la Contralor\u00eda General del Estado.<\/p>\n<p>Tomislav Topic, fundador de Telconet, dijo a PRIMICIAS que la resoluci\u00f3n de la Arcotel es \u00abilegal e ileg\u00edtima\u00bb, porque las supuestas irregularidades detectadas en su adjudicaci\u00f3n \u00abocurrieron hace m\u00e1s de nueve a\u00f1os\u00bb.<\/p>\n<p>\u00abSobre esas supuestas irregularidades, la misma Arcotel nos dio la raz\u00f3n, diciendo &#8216;no se necesitaba la garant\u00eda&#8217;. Sobre esas mismas irregularidades de la Contralor\u00eda, tenemos sentencia ejecutoriada a nuestro favor\u00bb. Tomislav Topic, fundador de Telconet.<\/p>\n<p>El empresario asegur\u00f3 que las \u00absupuestas irregularidades\u00bb detectadas se refieren \u00aba que la Arcotel no estaba de acuerdo con una previsi\u00f3n o estimaci\u00f3n del modelo financiero del cable\u00bb y que la empresa envi\u00f3 la propuesta con una inversi\u00f3n de USD 300 millones para todo el cable submarino.<\/p>\n<p>El consorcio que opera el cable submarino est\u00e1 conformado adem\u00e1s por Telef\u00f3nica (Espa\u00f1a), Cable &amp; Wireless Communications, Setar y United Telecommunication Services (UTS).<\/p>\n<p>Asamblea: Bancada oficialista analiza fiscalizar contratos estatales con la empresa Telconet<br \/>\nSeg\u00fan Topic, se afin\u00f3 la estimaci\u00f3n del modelo financiero \u00aby la Arcotel dijo &#8216;perfecto, autorizamos la construcci\u00f3n (del cable)'\u00bb.<\/p>\n<p>La segunda \u00abirregularidad\u00bb, apunta Topic, es una garant\u00eda \u00abque no pod\u00edamos presentarla porque no estaba reglamentada ni nos hab\u00edan dicho el valor. Tanto es as\u00ed que la misma Arcotel nos dijo &#8216;esa garant\u00eda no la presenten'\u00bb.<\/p>\n<blockquote><p>\n\u00abHan pasado nueve a\u00f1os (2015), tres gobiernos, la misma Arcotel nos dio la raz\u00f3n, tenemos sentencia ejecutoriada en contra de la Contralor\u00eda\u00bb.\u00a0Tomislav Topic.<\/p><\/blockquote>\n<p>Por este cable pasa la mayor parte del Internet de Ecuador. Para Topic, esta resoluci\u00f3n pone en riesgo la conectividad del pa\u00eds y de los sistemas financiero, de seguridad, de un mill\u00f3n de clientes de Megadatos, Netlife y Ecuanet y de otros 500.000 clientes de varias empresas.<\/p>\n<p>El impacto tecnol\u00f3gico, asegura el empresario, es similar al de los apagones y agrega que el Estado nunca ha administrado un cable mar\u00edtimo de \u00faltima tecnolog\u00eda, por lo que pone en duda que Arcotel pueda operar, como ha ofrecido, este tipo de redes.<\/p>\n<p>Por ello, Topic aduce que la resoluci\u00f3n de la Arcotel tiene \u00abuna clar\u00edsima connotaci\u00f3n pol\u00edtica\u00bb, originada por las cr\u00edticas de su hijo, el excandidato presidencial Jan Topic, al gobierno de Daniel Noboa, por lo que impugnar\u00e1n la resoluci\u00f3n \u00abque nos lleg\u00f3 sin ninguna motivaci\u00f3n\u00bb. <strong>Fuente: Primicias<\/strong><\/p>\n<blockquote class=\"twitter-tweet\" data-width=\"550\" data-dnt=\"true\">\n<p lang=\"es\" dir=\"ltr\">Garantizamos la continuidad de los servicios de internet fijo en el Ecuador. <a href=\"https:\/\/t.co\/ODej9J9lHk\">pic.twitter.com\/ODej9J9lHk<\/a><\/p>\n<p>&mdash; Arcotel Ecuador (@Arcotel_ec) <a href=\"https:\/\/twitter.com\/Arcotel_ec\/status\/1858957075201561086?ref_src=twsrc%5Etfw\">November 19, 2024<\/a><\/p><\/blockquote>\n<p><script async src=\"https:\/\/platform.twitter.com\/widgets.js\" charset=\"utf-8\"><\/script><\/p>\n","protected":false},"excerpt":{"rendered":"<p>La compa\u00f1\u00eda Telconet Latam anunci\u00f3 este 19 de noviembre que apelar\u00e1 la decisi\u00f3n de la Agencia de Regulaci\u00f3n y Control de las Telecomunicaciones (Arcotel) de extinguir el t\u00edtulo habilitante de su proveedor de cable submarino de Internet, Cable Andino S.A. Corpoandino, por supuestas irregularidades en su adjudicaci\u00f3n. La Arcotel asegura que las irregularidades tienen relaci\u00f3n con la ausencia de garant\u00eda de fiel cumplimiento, seguro para todo riesgo, ausencia de una viabilidad financiera para el inicio de su operaci\u00f3n y la existencia de un examen especial con conclusiones por parte de la Contralor\u00eda General del Estado. Tomislav Topic, fundador de Telconet, dijo a PRIMICIAS que la resoluci\u00f3n de la Arcotel es \u00abilegal e ileg\u00edtima\u00bb, porque las supuestas irregularidades detectadas en su adjudicaci\u00f3n \u00abocurrieron hace m\u00e1s de nueve a\u00f1os\u00bb. \u00abSobre esas supuestas irregularidades, la misma Arcotel nos dio la raz\u00f3n, diciendo &#8216;no se necesitaba la garant\u00eda&#8217;. Sobre esas mismas irregularidades de la Contralor\u00eda, tenemos sentencia ejecutoriada a nuestro favor\u00bb. Tomislav Topic, fundador de Telconet. El empresario asegur\u00f3 que las \u00absupuestas irregularidades\u00bb detectadas se refieren \u00aba que la Arcotel no estaba de acuerdo con una previsi\u00f3n o estimaci\u00f3n del modelo financiero del cable\u00bb y que la empresa envi\u00f3 la propuesta con una inversi\u00f3n de USD 300 millones para todo el cable submarino. El consorcio que opera el cable submarino est\u00e1 conformado adem\u00e1s por Telef\u00f3nica (Espa\u00f1a), Cable &amp; Wireless Communications, Setar y United Telecommunication Services (UTS). Asamblea: Bancada oficialista analiza fiscalizar contratos estatales con la empresa Telconet Seg\u00fan Topic, se afin\u00f3 la estimaci\u00f3n del modelo financiero \u00aby la Arcotel dijo &#8216;perfecto, autorizamos la construcci\u00f3n (del cable)&#8217;\u00bb. La segunda \u00abirregularidad\u00bb, apunta Topic, es una garant\u00eda \u00abque no pod\u00edamos presentarla porque no estaba reglamentada ni nos hab\u00edan dicho el valor. Tanto es as\u00ed que la misma Arcotel nos dijo &#8216;esa garant\u00eda no la presenten&#8217;\u00bb. \u00abHan pasado nueve a\u00f1os (2015), tres gobiernos, la misma Arcotel nos dio la raz\u00f3n, tenemos sentencia ejecutoriada en contra de la Contralor\u00eda\u00bb.\u00a0Tomislav Topic. Por este cable pasa la mayor parte del Internet de Ecuador. Para Topic, esta resoluci\u00f3n pone en riesgo la conectividad del pa\u00eds y de los sistemas financiero, de seguridad, de un mill\u00f3n de clientes de Megadatos, Netlife y Ecuanet y de otros 500.000 clientes de varias empresas. El impacto tecnol\u00f3gico, asegura el empresario, es similar al de los apagones y agrega que el Estado nunca ha administrado un cable mar\u00edtimo de \u00faltima tecnolog\u00eda, por lo que pone en duda que Arcotel pueda operar, como ha ofrecido, este tipo de redes. Por ello, Topic aduce que la resoluci\u00f3n de la Arcotel tiene \u00abuna clar\u00edsima connotaci\u00f3n pol\u00edtica\u00bb, originada por las cr\u00edticas de su hijo, el excandidato presidencial Jan Topic, al gobierno de Daniel Noboa, por lo que impugnar\u00e1n la resoluci\u00f3n \u00abque nos lleg\u00f3 sin ninguna motivaci\u00f3n\u00bb. Fuente: Primicias Garantizamos la continuidad de los servicios de internet fijo en el Ecuador. pic.twitter.com\/ODej9J9lHk &mdash; Arcotel Ecuador (@Arcotel_ec) November 19, 2024<\/p>\n","protected":false},"author":1,"featured_media":20206,"comment_status":"open","ping_status":"open","sticky":false,"template":"","format":"standard","meta":{"footnotes":""},"categories":[268],"tags":[],"class_list":["post-20205","post","type-post","status-publish","format-standard","has-post-thumbnail","hentry","category-nacionales"],"_links":{"self":[{"href":"https:\/\/www.elamazonico.com\/portal\/wp-json\/wp\/v2\/posts\/20205","targetHints":{"allow":["GET"]}}],"collection":[{"href":"https:\/\/www.elamazonico.com\/portal\/wp-json\/wp\/v2\/posts"}],"about":[{"href":"https:\/\/www.elamazonico.com\/portal\/wp-json\/wp\/v2\/types\/post"}],"author":[{"embeddable":true,"href":"https:\/\/www.elamazonico.com\/portal\/wp-json\/wp\/v2\/users\/1"}],"replies":[{"embeddable":true,"href":"https:\/\/www.elamazonico.com\/portal\/wp-json\/wp\/v2\/comments?post=20205"}],"version-history":[{"count":1,"href":"https:\/\/www.elamazonico.com\/portal\/wp-json\/wp\/v2\/posts\/20205\/revisions"}],"predecessor-version":[{"id":20207,"href":"https:\/\/www.elamazonico.com\/portal\/wp-json\/wp\/v2\/posts\/20205\/revisions\/20207"}],"wp:featuredmedia":[{"embeddable":true,"href":"https:\/\/www.elamazonico.com\/portal\/wp-json\/wp\/v2\/media\/20206"}],"wp:attachment":[{"href":"https:\/\/www.elamazonico.com\/portal\/wp-json\/wp\/v2\/media?parent=20205"}],"wp:term":[{"taxonomy":"category","embeddable":true,"href":"https:\/\/www.elamazonico.com\/portal\/wp-json\/wp\/v2\/categories?post=20205"},{"taxonomy":"post_tag","embeddable":true,"href":"https:\/\/www.elamazonico.com\/portal\/wp-json\/wp\/v2\/tags?post=20205"}],"curies":[{"name":"wp","href":"https:\/\/api.w.org\/{rel}","templated":true}]}}