{"id":20139,"date":"2024-11-16T07:12:05","date_gmt":"2024-11-16T12:12:05","guid":{"rendered":"https:\/\/www.elamazonico.com\/portal\/?p=20139"},"modified":"2024-11-16T07:13:07","modified_gmt":"2024-11-16T12:13:07","slug":"asamblea-nacional-llama-a-comparecer-a-ministra-de-trabajo-por-la-suspension-de-la-vicepresidenta-veronica-abad","status":"publish","type":"post","link":"https:\/\/www.elamazonico.com\/portal\/asamblea-nacional-llama-a-comparecer-a-ministra-de-trabajo-por-la-suspension-de-la-vicepresidenta-veronica-abad\/","title":{"rendered":"Asamblea Nacional llama a comparecer a ministra de Trabajo por la suspensi\u00f3n de la vicepresidenta Ver\u00f3nica Abad"},"content":{"rendered":"<p class=\"p_0\"><b>La Asamblea Nacional cit\u00f3 a la ministra de Trabajo, Ivonne N\u00fa\u00f1ez, a comparecer el pr\u00f3ximo martes, 19 de noviembre, con la finalidad de que explique su gesti\u00f3n en torno al sumario administrativo que deriv\u00f3 en la suspensi\u00f3n de funciones por 150 d\u00edas para la vicepresidenta Ver\u00f3nica Abad.<\/b><\/p>\n<p class=\"p_1\">El Legislativo<b>\u00a0convoc\u00f3 a la titular de la cartera referida<\/b>\u00a0tras condenar este martes, con la mayor\u00eda de votos, las acciones que emprendi\u00f3 en contra de la segunda mandataria, referidas como ilegales e inconstitucionales por la mayor\u00eda de los legisladores.<\/p>\n<p class=\"p_2\">En adici\u00f3n<b>, la Asamblea pidi\u00f3 a la Corte Constitucional una acci\u00f3n de interpretaci\u00f3n<\/b>\u00a0a los art\u00edculos 146, 149, 150 y 154 numeral 1 de la Constituci\u00f3n, que abordan el reemplazo del presidente de Ecuador si llega a ausentarse de forma temporal.<\/p>\n<p class=\"p_3\">El mandatario Daniel Noboa deber\u00e1<b>\u00a0pedir licencia\u00a0<\/b>para llevar a cabo su campa\u00f1a electoral, pues buscar\u00e1 la<b>\u00a0reelecci\u00f3n en febrero\u00a0<\/b>del pr\u00f3ximo a\u00f1o, en los comicios generales para los que su candidatura ya est\u00e1 en firme, al igual que la de otros 14 aspirantes.<\/p>\n<div class=\"paragraph texto\">\n<p class=\"p_4\">Dos d\u00edas despu\u00e9s de la sanci\u00f3n contra Abad,\u00a0<b>Noboa nombr\u00f3 a Sariha Moya<\/b>, quien estaba a cargo de la Secretar\u00eda de Planificaci\u00f3n, como Vicepresidenta encargada.<\/p>\n<div id=\"Center2\" class=\"centervist\" data-google-query-id=\"CMC23Pzo4IkDFfXFZQMdV1U3mQ\">\n<div id=\"google_ads_iframe_\/21839199781\/Vistazo\/Vistazo_Center2_0__container__\">El Ministerio de Trabajo dio a conocer el pasado s\u00e1bado la resoluci\u00f3n administrativa que no solo suspendi\u00f3 por 150 d\u00edas a Abad, sino que la deja sin remuneraci\u00f3n esos meses. Esta fue tramitada por un <b>\u201cabandono injustificado del trabajo por tres o m\u00e1s d\u00edas laborales consecutivos\u201d\u00a0<\/b>por parte de la segunda mandataria.<\/div>\n<\/div>\n<\/div>\n<div class=\"paragraph texto\">\n<p class=\"p_6\">La\u00a0<b>suspensi\u00f3n\u00a0<\/b>es un cap\u00edtulo m\u00e1s del enfrentamiento que mantienen Noboa y Abad desde incluso antes de asumir el poder, y que ha derivado en que el jefe de Estado<b>\u00a0se reh\u00fase a delegar las funciones presidenciales en ella<\/b>\u00a0durante la campa\u00f1a electoral de los comicios de 2025 donde buscar\u00e1 su reelecci\u00f3n.<\/p>\n<\/div>\n<div class=\"paragraph texto\">\n<p class=\"p_7\">Abad, enviada en diciembre del anterior a\u00f1o a Israel bajo disposici\u00f3n del presidente con la finalidad de fungir como embajadora, ha acusado a Noboa de<b>\u00a0presuntamente preparar un \u00abgolpe de Estado\u00bb<\/b>\u00a0en enero pr\u00f3ximo, al considerar que no le encargar\u00e1 su puesto, como manda la Constituci\u00f3n.<\/p>\n<p class=\"p_8\">N\u00fa\u00f1ez, por otro lado La ministra de Trabajo, Ivonne N\u00fa\u00f1ez, dijo este mi\u00e9rcoles qu<b>e las cr\u00edticas que ha recibido por la sanci\u00f3n<\/b>\u00a0que impuso a la vicepresidenta y embajadora en Israel, Ver\u00f3nica Abad, son<b>\u00a0\u00abparte de una estrategia de desprestigio\u00bb<\/b> que ella y el resto del Gobierno reciben \u00abtodos los d\u00edas\u00bb por su \u00ablucha contra el crimen organizado y la impunidad\u00bb. <strong>Fuente: Vistazo<\/strong><\/p>\n<\/div>\n","protected":false},"excerpt":{"rendered":"<p>La Asamblea Nacional cit\u00f3 a la ministra de Trabajo, Ivonne N\u00fa\u00f1ez, a comparecer el pr\u00f3ximo martes, 19 de noviembre, con la finalidad de que explique su gesti\u00f3n en torno al sumario administrativo que deriv\u00f3 en la suspensi\u00f3n de funciones por 150 d\u00edas para la vicepresidenta Ver\u00f3nica Abad. El Legislativo\u00a0convoc\u00f3 a la titular de la cartera referida\u00a0tras condenar este martes, con la mayor\u00eda de votos, las acciones que emprendi\u00f3 en contra de la segunda mandataria, referidas como ilegales e inconstitucionales por la mayor\u00eda de los legisladores. En adici\u00f3n, la Asamblea pidi\u00f3 a la Corte Constitucional una acci\u00f3n de interpretaci\u00f3n\u00a0a los art\u00edculos 146, 149, 150 y 154 numeral 1 de la Constituci\u00f3n, que abordan el reemplazo del presidente de Ecuador si llega a ausentarse de forma temporal. El mandatario Daniel Noboa deber\u00e1\u00a0pedir licencia\u00a0para llevar a cabo su campa\u00f1a electoral, pues buscar\u00e1 la\u00a0reelecci\u00f3n en febrero\u00a0del pr\u00f3ximo a\u00f1o, en los comicios generales para los que su candidatura ya est\u00e1 en firme, al igual que la de otros 14 aspirantes. Dos d\u00edas despu\u00e9s de la sanci\u00f3n contra Abad,\u00a0Noboa nombr\u00f3 a Sariha Moya, quien estaba a cargo de la Secretar\u00eda de Planificaci\u00f3n, como Vicepresidenta encargada. El Ministerio de Trabajo dio a conocer el pasado s\u00e1bado la resoluci\u00f3n administrativa que no solo suspendi\u00f3 por 150 d\u00edas a Abad, sino que la deja sin remuneraci\u00f3n esos meses. Esta fue tramitada por un \u201cabandono injustificado del trabajo por tres o m\u00e1s d\u00edas laborales consecutivos\u201d\u00a0por parte de la segunda mandataria. La\u00a0suspensi\u00f3n\u00a0es un cap\u00edtulo m\u00e1s del enfrentamiento que mantienen Noboa y Abad desde incluso antes de asumir el poder, y que ha derivado en que el jefe de Estado\u00a0se reh\u00fase a delegar las funciones presidenciales en ella\u00a0durante la campa\u00f1a electoral de los comicios de 2025 donde buscar\u00e1 su reelecci\u00f3n. Abad, enviada en diciembre del anterior a\u00f1o a Israel bajo disposici\u00f3n del presidente con la finalidad de fungir como embajadora, ha acusado a Noboa de\u00a0presuntamente preparar un \u00abgolpe de Estado\u00bb\u00a0en enero pr\u00f3ximo, al considerar que no le encargar\u00e1 su puesto, como manda la Constituci\u00f3n. N\u00fa\u00f1ez, por otro lado La ministra de Trabajo, Ivonne N\u00fa\u00f1ez, dijo este mi\u00e9rcoles que las cr\u00edticas que ha recibido por la sanci\u00f3n\u00a0que impuso a la vicepresidenta y embajadora en Israel, Ver\u00f3nica Abad, son\u00a0\u00abparte de una estrategia de desprestigio\u00bb que ella y el resto del Gobierno reciben \u00abtodos los d\u00edas\u00bb por su \u00ablucha contra el crimen organizado y la impunidad\u00bb. Fuente: Vistazo<\/p>\n","protected":false},"author":1,"featured_media":20143,"comment_status":"open","ping_status":"open","sticky":false,"template":"","format":"standard","meta":{"footnotes":""},"categories":[268],"tags":[],"class_list":["post-20139","post","type-post","status-publish","format-standard","has-post-thumbnail","hentry","category-nacionales"],"_links":{"self":[{"href":"https:\/\/www.elamazonico.com\/portal\/wp-json\/wp\/v2\/posts\/20139","targetHints":{"allow":["GET"]}}],"collection":[{"href":"https:\/\/www.elamazonico.com\/portal\/wp-json\/wp\/v2\/posts"}],"about":[{"href":"https:\/\/www.elamazonico.com\/portal\/wp-json\/wp\/v2\/types\/post"}],"author":[{"embeddable":true,"href":"https:\/\/www.elamazonico.com\/portal\/wp-json\/wp\/v2\/users\/1"}],"replies":[{"embeddable":true,"href":"https:\/\/www.elamazonico.com\/portal\/wp-json\/wp\/v2\/comments?post=20139"}],"version-history":[{"count":1,"href":"https:\/\/www.elamazonico.com\/portal\/wp-json\/wp\/v2\/posts\/20139\/revisions"}],"predecessor-version":[{"id":20140,"href":"https:\/\/www.elamazonico.com\/portal\/wp-json\/wp\/v2\/posts\/20139\/revisions\/20140"}],"wp:featuredmedia":[{"embeddable":true,"href":"https:\/\/www.elamazonico.com\/portal\/wp-json\/wp\/v2\/media\/20143"}],"wp:attachment":[{"href":"https:\/\/www.elamazonico.com\/portal\/wp-json\/wp\/v2\/media?parent=20139"}],"wp:term":[{"taxonomy":"category","embeddable":true,"href":"https:\/\/www.elamazonico.com\/portal\/wp-json\/wp\/v2\/categories?post=20139"},{"taxonomy":"post_tag","embeddable":true,"href":"https:\/\/www.elamazonico.com\/portal\/wp-json\/wp\/v2\/tags?post=20139"}],"curies":[{"name":"wp","href":"https:\/\/api.w.org\/{rel}","templated":true}]}}