{"id":20135,"date":"2024-11-15T16:49:29","date_gmt":"2024-11-15T21:49:29","guid":{"rendered":"https:\/\/www.elamazonico.com\/portal\/?p=20135"},"modified":"2024-11-15T16:49:29","modified_gmt":"2024-11-15T21:49:29","slug":"hubo-posiciones-diferentes-entre-paises-dice-canciller-de-ecuador-tras-cierre-de-la-cumbre-en-cuenca","status":"publish","type":"post","link":"https:\/\/www.elamazonico.com\/portal\/hubo-posiciones-diferentes-entre-paises-dice-canciller-de-ecuador-tras-cierre-de-la-cumbre-en-cuenca\/","title":{"rendered":"\u00abHubo posiciones diferentes entre pa\u00edses\u00bb, dice Canciller de Ecuador tras cierre de la Cumbre en Cuenca"},"content":{"rendered":"<p>La XXIX Cumbre Iberoamericana de Presidentes cerr\u00f3 este viernes 15 de noviembre sin una declaraci\u00f3n oficial aprobada por delegaciones de los 19 pa\u00edses, que llegaron a la cita.<\/p>\n<p>Todos los pa\u00edses, excepto Argentina, estaban de acuerdo en apoyar un documento que inclu\u00eda acuerdos en materia de equidad de g\u00e9nero, acciones para luchar contra el cambio clim\u00e1tico, impulsar la Agenda 2030 de los Objetivos de Desarrollo Sostenible (ODS) y condenar el embargo comercial de Estados Unidos contra Cuba, entre otros asuntos.<\/p>\n<p>Pero el representante del presidente Javier Milei, el embajador Eduardo Acevedo, expres\u00f3 la negativa del Gobierno argentino a suscribir esos art\u00edculos.<\/p>\n<p>En contrapartida, Acevedo propuso que los 19 firmaran un documento que recogiera s\u00f3lo las materias de com\u00fan acuerdo, algo a lo que se opuso Cuba y el resto de los pa\u00edses.<\/p>\n<p><strong>Acuerdo no pol\u00edtico<\/strong><br \/>\nTras el cierre de la Cumbre, la canciller de Ecuador, Gabriela Sommerfeld, inform\u00f3 que los 19 pa\u00edses participantes aprobaron la Declaraci\u00f3n de Cuenca de pa\u00edses integrantes en el marco de la XXIX Cumbre Iberoamericana<\/p>\n<blockquote><p>\u201cHay una declaraci\u00f3n en el marco de la Cumbre Iberoamericana, no dentro de la Cumbre, ya que hubo unas posiciones radicales entre algunos pa\u00edses y eso provoc\u00f3 que 19 pa\u00edses se unan para salvar la declaraci\u00f3n y realizar una declaraci\u00f3n de Cuenca en el marco de la Cumbre Iberoamericana\u201d.<em> Gabriela Sommerfeld, canciller de Ecuador<\/em><\/p>\n<p>En el marco de la cumbre firmaron 24 declaraciones especiales que incluyen l\u00edneas de acci\u00f3n para el fortalecimiento de la comunidad en temas de:<\/p><\/blockquote>\n<p>Lucha contra la delincuencia organizada transnacional<br \/>\nPromoci\u00f3n del empleo de adultos-j\u00f3venes en la regi\u00f3n<br \/>\nErradicaci\u00f3n de la desnutrici\u00f3n cr\u00f3nica infantil<br \/>\nFortalecimiento de la cooperaci\u00f3n internacional<br \/>\nMedidas para la lucha del cambio clim\u00e1tico<br \/>\nImplementaci\u00f3n de la carta medio ambiental iberoamericana<br \/>\nCarta Iberoamericana de principios y derechos en los entornos digitales<br \/>\nLos representantes de los pa\u00edses agregaron un p\u00e1rrafo relacionado para apoyar a Hait\u00ed, que est\u00e1 bajo la revisi\u00f3n de Cuba.<\/p>\n<p>Durante su intervenci\u00f3n, Sommerfeld tambi\u00e9n expres\u00f3 su solidaridad con Espa\u00f1a por p\u00e9rdidas humanas por la DANA, con Cuba por los huracanes Boris y Rafael, as\u00ed como con otros pa\u00edses por las cat\u00e1strofes naturales.<\/p>\n<p>Por otra parte, el secretario General Iberoamericano, Andr\u00e9s Allamand, quien fue ratificado en la plenaria, se refiri\u00f3 a la falta de una declaraci\u00f3n conjunta.<\/p>\n<p>Explic\u00f3 que en las cumbres las resoluciones se adoptan por consensos, como ocurri\u00f3 con el programa de acci\u00f3n.<\/p>\n<blockquote><p>\u00abNo hubo ese consenso en lo que podr\u00edamos denominar la declaraci\u00f3n macro en pol\u00edtica y, en consecuencia, los pa\u00edses que concurrieron a ese acuerdo hicieron una declaraci\u00f3n en el marco de la cumbre\u00bb. <em>Andr\u00e9s Allamand, secretario General Iberoamericano.<\/em><\/p><\/blockquote>\n<p>Aclar\u00f3 que esta es una situaci\u00f3n com\u00fan y que el compromiso de los 22 pa\u00edses que integran la comunidad \u201cse encuentra absolutamente normal\u201d.<\/p>\n<p><strong>Cuestionamientos y solidaridad<\/strong><br \/>\nDurante la sesi\u00f3n, el n\u00facleo de la Cumbre, cada un de los Jefes de Estado analiz\u00f3 los temas que afectan a sus pa\u00edses y a sus pares, sus diferencias, cuestionamientos sobre el irrespeto a la democracia, solidaridad con los pa\u00edses afectados por fen\u00f3menos naturales\u00a0y necesidad de coordinaci\u00f3n entre los actores de desarrollo.<\/p>\n<p>La reuni\u00f3n estuvo encabezada por Noboa, el secretario general dela Cumbre y la canciller de Ecuador, Gabriela Sommerfeld.<\/p>\n<p>\u00abEstamos viviendo momentos duros para Iberoam\u00e9rica, y tenemos la responsabilidad, como jefes de Estado, de sacar adelante la regi\u00f3n\u00bb, dijo el mandatario ecuatoriano en el inicio de sesi\u00f3n plenaria.<\/p>\n<p>El rey Felipe VI destac\u00f3 el encuentro entre Latinoam\u00e9rica y los pa\u00edses ib\u00e9ricos. \u00abEs mucho m\u00e1s lo que nos une que lo que nos separa\u201d, dijo el monarca durante la sesi\u00f3n plenaria.<\/p>\n<p>La viceministra de Chile, habl\u00f3 del respeto a la democracia y a los procesos electorales.<\/p>\n<p>Por su parte el vicecanciller Uruguay, Nicol\u00e1s Albertoni, lament\u00f3 que no hayan estado presentes los mandatarios de todos los pa\u00edses, porque \u00abaunque estos eventos puede ser criticados, si algo sigue siendo cierto es que este un espacio donde se puede hablar de frente\u00bb.<\/p>\n<blockquote><p>\u00abHubiera sido importante decirle a Venezuela, de frente, que es imperioso que retome la senda democr\u00e1tica y que si el 10 de enero no hay un traspaso de poder al candidato opositor leg\u00edtimamente electo, estar\u00eda terminando por consolidar una nueva dictadura en la regi\u00f3n\u00bb. <em>Nicol\u00e1s Albertoni, vicecanciller Uruguay.\u00a0<\/em><\/p><\/blockquote>\n<p>Rodolfo Ben\u00edtez, coordinador nacional de Cuba, reclam\u00f3 su derecho \u00aba vivir en paz y sin bloqueo\u00bb, mientras que Eduardo Acevedo, embajador de Argentina en Ecuador, pidi\u00f3 a Cuba restablecer la democracia y respetar la libertad.<\/p>\n<p><strong>Cambio de la Secretar\u00eda pro tempore<\/strong><br \/>\nDurante la sesi\u00f3n tambi\u00e9n se dio paso a la secretar\u00eda pro tempore, que pas\u00f3 de Chile a Espa\u00f1a.<\/p>\n<p><strong>Dos d\u00edas de Cumbre<\/strong><br \/>\nCon esta Sesi\u00f3n Plenaria y la foto oficial, cierran los dos d\u00edas de la Cumbre Iberoamericana que tuvo como sede a la ciudad de Cuenca.<\/p>\n<p>El jueves los Jefes de Estado y los delegados de los pa\u00edses mantuvieron una agenda que incluy\u00f3 el cierre de la XV Cumbre Empresarial Iberoamericana.\u00a0 <strong>Fuente: Primicias<\/strong><\/p>\n","protected":false},"excerpt":{"rendered":"<p>La XXIX Cumbre Iberoamericana de Presidentes cerr\u00f3 este viernes 15 de noviembre sin una declaraci\u00f3n oficial aprobada por delegaciones de los 19 pa\u00edses, que llegaron a la cita. Todos los pa\u00edses, excepto Argentina, estaban de acuerdo en apoyar un documento que inclu\u00eda acuerdos en materia de equidad de g\u00e9nero, acciones para luchar contra el cambio clim\u00e1tico, impulsar la Agenda 2030 de los Objetivos de Desarrollo Sostenible (ODS) y condenar el embargo comercial de Estados Unidos contra Cuba, entre otros asuntos. Pero el representante del presidente Javier Milei, el embajador Eduardo Acevedo, expres\u00f3 la negativa del Gobierno argentino a suscribir esos art\u00edculos. En contrapartida, Acevedo propuso que los 19 firmaran un documento que recogiera s\u00f3lo las materias de com\u00fan acuerdo, algo a lo que se opuso Cuba y el resto de los pa\u00edses. Acuerdo no pol\u00edtico Tras el cierre de la Cumbre, la canciller de Ecuador, Gabriela Sommerfeld, inform\u00f3 que los 19 pa\u00edses participantes aprobaron la Declaraci\u00f3n de Cuenca de pa\u00edses integrantes en el marco de la XXIX Cumbre Iberoamericana \u201cHay una declaraci\u00f3n en el marco de la Cumbre Iberoamericana, no dentro de la Cumbre, ya que hubo unas posiciones radicales entre algunos pa\u00edses y eso provoc\u00f3 que 19 pa\u00edses se unan para salvar la declaraci\u00f3n y realizar una declaraci\u00f3n de Cuenca en el marco de la Cumbre Iberoamericana\u201d. Gabriela Sommerfeld, canciller de Ecuador En el marco de la cumbre firmaron 24 declaraciones especiales que incluyen l\u00edneas de acci\u00f3n para el fortalecimiento de la comunidad en temas de: Lucha contra la delincuencia organizada transnacional Promoci\u00f3n del empleo de adultos-j\u00f3venes en la regi\u00f3n Erradicaci\u00f3n de la desnutrici\u00f3n cr\u00f3nica infantil Fortalecimiento de la cooperaci\u00f3n internacional Medidas para la lucha del cambio clim\u00e1tico Implementaci\u00f3n de la carta medio ambiental iberoamericana Carta Iberoamericana de principios y derechos en los entornos digitales Los representantes de los pa\u00edses agregaron un p\u00e1rrafo relacionado para apoyar a Hait\u00ed, que est\u00e1 bajo la revisi\u00f3n de Cuba. Durante su intervenci\u00f3n, Sommerfeld tambi\u00e9n expres\u00f3 su solidaridad con Espa\u00f1a por p\u00e9rdidas humanas por la DANA, con Cuba por los huracanes Boris y Rafael, as\u00ed como con otros pa\u00edses por las cat\u00e1strofes naturales. Por otra parte, el secretario General Iberoamericano, Andr\u00e9s Allamand, quien fue ratificado en la plenaria, se refiri\u00f3 a la falta de una declaraci\u00f3n conjunta. Explic\u00f3 que en las cumbres las resoluciones se adoptan por consensos, como ocurri\u00f3 con el programa de acci\u00f3n. \u00abNo hubo ese consenso en lo que podr\u00edamos denominar la declaraci\u00f3n macro en pol\u00edtica y, en consecuencia, los pa\u00edses que concurrieron a ese acuerdo hicieron una declaraci\u00f3n en el marco de la cumbre\u00bb. Andr\u00e9s Allamand, secretario General Iberoamericano. Aclar\u00f3 que esta es una situaci\u00f3n com\u00fan y que el compromiso de los 22 pa\u00edses que integran la comunidad \u201cse encuentra absolutamente normal\u201d. Cuestionamientos y solidaridad Durante la sesi\u00f3n, el n\u00facleo de la Cumbre, cada un de los Jefes de Estado analiz\u00f3 los temas que afectan a sus pa\u00edses y a sus pares, sus diferencias, cuestionamientos sobre el irrespeto a la democracia, solidaridad con los pa\u00edses afectados por fen\u00f3menos naturales\u00a0y necesidad de coordinaci\u00f3n entre los actores de desarrollo. La reuni\u00f3n estuvo encabezada por Noboa, el secretario general dela Cumbre y la canciller de Ecuador, Gabriela Sommerfeld. \u00abEstamos viviendo momentos duros para Iberoam\u00e9rica, y tenemos la responsabilidad, como jefes de Estado, de sacar adelante la regi\u00f3n\u00bb, dijo el mandatario ecuatoriano en el inicio de sesi\u00f3n plenaria. El rey Felipe VI destac\u00f3 el encuentro entre Latinoam\u00e9rica y los pa\u00edses ib\u00e9ricos. \u00abEs mucho m\u00e1s lo que nos une que lo que nos separa\u201d, dijo el monarca durante la sesi\u00f3n plenaria. La viceministra de Chile, habl\u00f3 del respeto a la democracia y a los procesos electorales. Por su parte el vicecanciller Uruguay, Nicol\u00e1s Albertoni, lament\u00f3 que no hayan estado presentes los mandatarios de todos los pa\u00edses, porque \u00abaunque estos eventos puede ser criticados, si algo sigue siendo cierto es que este un espacio donde se puede hablar de frente\u00bb. \u00abHubiera sido importante decirle a Venezuela, de frente, que es imperioso que retome la senda democr\u00e1tica y que si el 10 de enero no hay un traspaso de poder al candidato opositor leg\u00edtimamente electo, estar\u00eda terminando por consolidar una nueva dictadura en la regi\u00f3n\u00bb. Nicol\u00e1s Albertoni, vicecanciller Uruguay.\u00a0 Rodolfo Ben\u00edtez, coordinador nacional de Cuba, reclam\u00f3 su derecho \u00aba vivir en paz y sin bloqueo\u00bb, mientras que Eduardo Acevedo, embajador de Argentina en Ecuador, pidi\u00f3 a Cuba restablecer la democracia y respetar la libertad. Cambio de la Secretar\u00eda pro tempore Durante la sesi\u00f3n tambi\u00e9n se dio paso a la secretar\u00eda pro tempore, que pas\u00f3 de Chile a Espa\u00f1a. Dos d\u00edas de Cumbre Con esta Sesi\u00f3n Plenaria y la foto oficial, cierran los dos d\u00edas de la Cumbre Iberoamericana que tuvo como sede a la ciudad de Cuenca. El jueves los Jefes de Estado y los delegados de los pa\u00edses mantuvieron una agenda que incluy\u00f3 el cierre de la XV Cumbre Empresarial Iberoamericana.\u00a0 Fuente: Primicias<\/p>\n","protected":false},"author":1,"featured_media":20136,"comment_status":"open","ping_status":"open","sticky":false,"template":"","format":"standard","meta":{"footnotes":""},"categories":[268],"tags":[],"class_list":["post-20135","post","type-post","status-publish","format-standard","has-post-thumbnail","hentry","category-nacionales"],"_links":{"self":[{"href":"https:\/\/www.elamazonico.com\/portal\/wp-json\/wp\/v2\/posts\/20135","targetHints":{"allow":["GET"]}}],"collection":[{"href":"https:\/\/www.elamazonico.com\/portal\/wp-json\/wp\/v2\/posts"}],"about":[{"href":"https:\/\/www.elamazonico.com\/portal\/wp-json\/wp\/v2\/types\/post"}],"author":[{"embeddable":true,"href":"https:\/\/www.elamazonico.com\/portal\/wp-json\/wp\/v2\/users\/1"}],"replies":[{"embeddable":true,"href":"https:\/\/www.elamazonico.com\/portal\/wp-json\/wp\/v2\/comments?post=20135"}],"version-history":[{"count":1,"href":"https:\/\/www.elamazonico.com\/portal\/wp-json\/wp\/v2\/posts\/20135\/revisions"}],"predecessor-version":[{"id":20137,"href":"https:\/\/www.elamazonico.com\/portal\/wp-json\/wp\/v2\/posts\/20135\/revisions\/20137"}],"wp:featuredmedia":[{"embeddable":true,"href":"https:\/\/www.elamazonico.com\/portal\/wp-json\/wp\/v2\/media\/20136"}],"wp:attachment":[{"href":"https:\/\/www.elamazonico.com\/portal\/wp-json\/wp\/v2\/media?parent=20135"}],"wp:term":[{"taxonomy":"category","embeddable":true,"href":"https:\/\/www.elamazonico.com\/portal\/wp-json\/wp\/v2\/categories?post=20135"},{"taxonomy":"post_tag","embeddable":true,"href":"https:\/\/www.elamazonico.com\/portal\/wp-json\/wp\/v2\/tags?post=20135"}],"curies":[{"name":"wp","href":"https:\/\/api.w.org\/{rel}","templated":true}]}}