{"id":20130,"date":"2024-11-15T16:00:29","date_gmt":"2024-11-15T21:00:29","guid":{"rendered":"https:\/\/www.elamazonico.com\/portal\/?p=20130"},"modified":"2024-11-15T16:01:27","modified_gmt":"2024-11-15T21:01:27","slug":"miles-de-indigenas-se-movilizaron-este-viernes-15-de-noviembre-en-latacunga-atendiendo-el-llamado-de-la-confederacion-de-nacionalidades-indigenas-del-ecuador-conaie-cuyo-presidente-leonidas-iza-in","status":"publish","type":"post","link":"https:\/\/www.elamazonico.com\/portal\/miles-de-indigenas-se-movilizaron-este-viernes-15-de-noviembre-en-latacunga-atendiendo-el-llamado-de-la-confederacion-de-nacionalidades-indigenas-del-ecuador-conaie-cuyo-presidente-leonidas-iza-in\/","title":{"rendered":"Ecuador vs. Bolivia: La Tricolor recuper\u00f3 la punter\u00eda y gole\u00f3"},"content":{"rendered":"<p><strong>Ecuador<\/strong>\u00a0gole\u00f3 a Bolivia\u00a0<strong>4-0<\/strong>, la noche de este jueves 14 de noviembre de 2024, en el estadio\u00a0<strong>Monumental<\/strong>\u00a0de Guayaquil, por la fecha 11 de las\u00a0<strong>Eliminatorias<\/strong>\u00a0al Mundial 2026.<\/p>\n<p>El equipo tricolor tuvo que luchar durante<strong>\u00a0242 minutos<\/strong>\u00a0para volver a anotar en el camino eliminatorio. El \u00faltimo gol fue en el minuto 54 ante Per\u00fa y despu\u00e9s tuvo dos 0-0 consecutivos (Paraguay y Uruguay). Y la espera vali\u00f3 la pena.<\/p>\n<p>Ante Bolivia sali\u00f3 con una propuesta muy\u00a0<strong>ofensiva<\/strong>. Lo encerr\u00f3 y bombarde\u00f3 desde el pitazo inicial. Aunque al principio la deuda segu\u00eda siendo la misma: la definici\u00f3n.<\/p>\n<p>Sin embargo, el partido se abri\u00f3 al minuto 26, cuando\u00a0<strong>Enner Valencia<\/strong>\u00a0anot\u00f3 el gol de penal.<\/p>\n<div class=\"twitter-tweet twitter-tweet-rendered\"><iframe id=\"twitter-widget-1\" class=\"\" title=\"X Post\" src=\"https:\/\/platform.twitter.com\/embed\/Tweet.html?creatorScreenName=el_telegrafo&amp;dnt=false&amp;embedId=twitter-widget-1&amp;features=eyJ0ZndfdGltZWxpbmVfbGlzdCI6eyJidWNrZXQiOltdLCJ2ZXJzaW9uIjpudWxsfSwidGZ3X2ZvbGxvd2VyX2NvdW50X3N1bnNldCI6eyJidWNrZXQiOnRydWUsInZlcnNpb24iOm51bGx9LCJ0ZndfdHdlZXRfZWRpdF9iYWNrZW5kIjp7ImJ1Y2tldCI6Im9uIiwidmVyc2lvbiI6bnVsbH0sInRmd19yZWZzcmNfc2Vzc2lvbiI6eyJidWNrZXQiOiJvbiIsInZlcnNpb24iOm51bGx9LCJ0ZndfZm9zbnJfc29mdF9pbnRlcnZlbnRpb25zX2VuYWJsZWQiOnsiYnVja2V0Ijoib24iLCJ2ZXJzaW9uIjpudWxsfSwidGZ3X21peGVkX21lZGlhXzE1ODk3Ijp7ImJ1Y2tldCI6InRyZWF0bWVudCIsInZlcnNpb24iOm51bGx9LCJ0ZndfZXhwZXJpbWVudHNfY29va2llX2V4cGlyYXRpb24iOnsiYnVja2V0IjoxMjA5NjAwLCJ2ZXJzaW9uIjpudWxsfSwidGZ3X3Nob3dfYmlyZHdhdGNoX3Bpdm90c19lbmFibGVkIjp7ImJ1Y2tldCI6Im9uIiwidmVyc2lvbiI6bnVsbH0sInRmd19kdXBsaWNhdGVfc2NyaWJlc190b19zZXR0aW5ncyI6eyJidWNrZXQiOiJvbiIsInZlcnNpb24iOm51bGx9LCJ0ZndfdXNlX3Byb2ZpbGVfaW1hZ2Vfc2hhcGVfZW5hYmxlZCI6eyJidWNrZXQiOiJvbiIsInZlcnNpb24iOm51bGx9LCJ0ZndfdmlkZW9faGxzX2R5bmFtaWNfbWFuaWZlc3RzXzE1MDgyIjp7ImJ1Y2tldCI6InRydWVfYml0cmF0ZSIsInZlcnNpb24iOm51bGx9LCJ0ZndfbGVnYWN5X3RpbWVsaW5lX3N1bnNldCI6eyJidWNrZXQiOnRydWUsInZlcnNpb24iOm51bGx9LCJ0ZndfdHdlZXRfZWRpdF9mcm9udGVuZCI6eyJidWNrZXQiOiJvbiIsInZlcnNpb24iOm51bGx9fQ%3D%3D&amp;frame=false&amp;hideCard=false&amp;hideThread=false&amp;id=1857219247048442221&amp;lang=es&amp;maxWidth=560px&amp;origin=https%3A%2F%2Fwww.eltelegrafo.com.ec%2Fdeportes%2Fdeportes%2F7%2Fecuador-vs-bolivia-la-tricolor-gana-al-finalizar-el-primer-tiempo&amp;sessionId=2159e3b4a4f660c62c085e3bb1320ce3515905b1&amp;siteScreenName=el_telegrafo&amp;theme=light&amp;widgetsVersion=2615f7e52b7e0%3A1702314776716&amp;width=550px\" frameborder=\"0\" scrolling=\"no\" allowfullscreen=\"allowfullscreen\" data-tweet-id=\"1857219247048442221\" data-mce-fragment=\"1\"><\/iframe><\/div>\n<p>En la jugada previa, el defensa visitante\u00a0<strong>Jos\u00e9 Sagredo<\/strong> meti\u00f3 la mano dentro del \u00e1rea y se fue expulsado.<\/p>\n<p>La alegr\u00eda tricolor fue mayor dos minutos despu\u00e9s, cuando\u00a0<strong>Gonzalo Plata<\/strong>\u00a0anot\u00f3 un golazo, definiendo por encima del golero, tras un pase de Enner Valencia.<\/p>\n<div class=\"twitter-tweet twitter-tweet-rendered\"><iframe id=\"twitter-widget-2\" class=\"\" title=\"X Post\" src=\"https:\/\/platform.twitter.com\/embed\/Tweet.html?creatorScreenName=el_telegrafo&amp;dnt=false&amp;embedId=twitter-widget-2&amp;features=eyJ0ZndfdGltZWxpbmVfbGlzdCI6eyJidWNrZXQiOltdLCJ2ZXJzaW9uIjpudWxsfSwidGZ3X2ZvbGxvd2VyX2NvdW50X3N1bnNldCI6eyJidWNrZXQiOnRydWUsInZlcnNpb24iOm51bGx9LCJ0ZndfdHdlZXRfZWRpdF9iYWNrZW5kIjp7ImJ1Y2tldCI6Im9uIiwidmVyc2lvbiI6bnVsbH0sInRmd19yZWZzcmNfc2Vzc2lvbiI6eyJidWNrZXQiOiJvbiIsInZlcnNpb24iOm51bGx9LCJ0ZndfZm9zbnJfc29mdF9pbnRlcnZlbnRpb25zX2VuYWJsZWQiOnsiYnVja2V0Ijoib24iLCJ2ZXJzaW9uIjpudWxsfSwidGZ3X21peGVkX21lZGlhXzE1ODk3Ijp7ImJ1Y2tldCI6InRyZWF0bWVudCIsInZlcnNpb24iOm51bGx9LCJ0ZndfZXhwZXJpbWVudHNfY29va2llX2V4cGlyYXRpb24iOnsiYnVja2V0IjoxMjA5NjAwLCJ2ZXJzaW9uIjpudWxsfSwidGZ3X3Nob3dfYmlyZHdhdGNoX3Bpdm90c19lbmFibGVkIjp7ImJ1Y2tldCI6Im9uIiwidmVyc2lvbiI6bnVsbH0sInRmd19kdXBsaWNhdGVfc2NyaWJlc190b19zZXR0aW5ncyI6eyJidWNrZXQiOiJvbiIsInZlcnNpb24iOm51bGx9LCJ0ZndfdXNlX3Byb2ZpbGVfaW1hZ2Vfc2hhcGVfZW5hYmxlZCI6eyJidWNrZXQiOiJvbiIsInZlcnNpb24iOm51bGx9LCJ0ZndfdmlkZW9faGxzX2R5bmFtaWNfbWFuaWZlc3RzXzE1MDgyIjp7ImJ1Y2tldCI6InRydWVfYml0cmF0ZSIsInZlcnNpb24iOm51bGx9LCJ0ZndfbGVnYWN5X3RpbWVsaW5lX3N1bnNldCI6eyJidWNrZXQiOnRydWUsInZlcnNpb24iOm51bGx9LCJ0ZndfdHdlZXRfZWRpdF9mcm9udGVuZCI6eyJidWNrZXQiOiJvbiIsInZlcnNpb24iOm51bGx9fQ%3D%3D&amp;frame=false&amp;hideCard=false&amp;hideThread=false&amp;id=1857220695270298107&amp;lang=es&amp;maxWidth=560px&amp;origin=https%3A%2F%2Fwww.eltelegrafo.com.ec%2Fdeportes%2Fdeportes%2F7%2Fecuador-vs-bolivia-la-tricolor-gana-al-finalizar-el-primer-tiempo&amp;sessionId=2159e3b4a4f660c62c085e3bb1320ce3515905b1&amp;siteScreenName=el_telegrafo&amp;theme=light&amp;widgetsVersion=2615f7e52b7e0%3A1702314776716&amp;width=550px\" frameborder=\"0\" scrolling=\"no\" allowfullscreen=\"allowfullscreen\" data-tweet-id=\"1857220695270298107\" data-mce-fragment=\"1\"><\/iframe><\/div>\n<p>Ecuador, con ventaja en el marcador y con superioridad num\u00e9rica, jug\u00f3 con mayor tranquilidad, pero sin dejar de atacar. Eso le permiti\u00f3 llegar con claridad en varias oportunidades. Inclusive, nuevamente apareci\u00f3<strong>\u00a0Enner Valencia<\/strong>\u00a0para rematar de cabeza y superar al arquero boliviano. Sin embargo, la jugada se anul\u00f3 por\u00a0<strong>fuera de lugar.<\/strong><\/p>\n<p>En el\u00a0<strong>segundo tiempo<\/strong>\u00a0el tr\u00e1mite fue similar. Ecuador mand\u00f3 en la cancha y anot\u00f3 dos goles m\u00e1s.<\/p>\n<div class=\"google-auto-placed ap_container\">\n<p><strong>Gonzalo Plata<\/strong>\u00a0puso la tercera tras un nuevo pase de Enner Valencia. El delantero del Flamengo lleg\u00f3 desde atr\u00e1s para rematar de primera y anotar otro golazo.<\/p>\n<\/div>\n<div class=\"twitter-tweet twitter-tweet-rendered\"><iframe id=\"twitter-widget-3\" class=\"\" title=\"X Post\" src=\"https:\/\/platform.twitter.com\/embed\/Tweet.html?creatorScreenName=el_telegrafo&amp;dnt=false&amp;embedId=twitter-widget-3&amp;features=eyJ0ZndfdGltZWxpbmVfbGlzdCI6eyJidWNrZXQiOltdLCJ2ZXJzaW9uIjpudWxsfSwidGZ3X2ZvbGxvd2VyX2NvdW50X3N1bnNldCI6eyJidWNrZXQiOnRydWUsInZlcnNpb24iOm51bGx9LCJ0ZndfdHdlZXRfZWRpdF9iYWNrZW5kIjp7ImJ1Y2tldCI6Im9uIiwidmVyc2lvbiI6bnVsbH0sInRmd19yZWZzcmNfc2Vzc2lvbiI6eyJidWNrZXQiOiJvbiIsInZlcnNpb24iOm51bGx9LCJ0ZndfZm9zbnJfc29mdF9pbnRlcnZlbnRpb25zX2VuYWJsZWQiOnsiYnVja2V0Ijoib24iLCJ2ZXJzaW9uIjpudWxsfSwidGZ3X21peGVkX21lZGlhXzE1ODk3Ijp7ImJ1Y2tldCI6InRyZWF0bWVudCIsInZlcnNpb24iOm51bGx9LCJ0ZndfZXhwZXJpbWVudHNfY29va2llX2V4cGlyYXRpb24iOnsiYnVja2V0IjoxMjA5NjAwLCJ2ZXJzaW9uIjpudWxsfSwidGZ3X3Nob3dfYmlyZHdhdGNoX3Bpdm90c19lbmFibGVkIjp7ImJ1Y2tldCI6Im9uIiwidmVyc2lvbiI6bnVsbH0sInRmd19kdXBsaWNhdGVfc2NyaWJlc190b19zZXR0aW5ncyI6eyJidWNrZXQiOiJvbiIsInZlcnNpb24iOm51bGx9LCJ0ZndfdXNlX3Byb2ZpbGVfaW1hZ2Vfc2hhcGVfZW5hYmxlZCI6eyJidWNrZXQiOiJvbiIsInZlcnNpb24iOm51bGx9LCJ0ZndfdmlkZW9faGxzX2R5bmFtaWNfbWFuaWZlc3RzXzE1MDgyIjp7ImJ1Y2tldCI6InRydWVfYml0cmF0ZSIsInZlcnNpb24iOm51bGx9LCJ0ZndfbGVnYWN5X3RpbWVsaW5lX3N1bnNldCI6eyJidWNrZXQiOnRydWUsInZlcnNpb24iOm51bGx9LCJ0ZndfdHdlZXRfZWRpdF9mcm9udGVuZCI6eyJidWNrZXQiOiJvbiIsInZlcnNpb24iOm51bGx9fQ%3D%3D&amp;frame=false&amp;hideCard=false&amp;hideThread=false&amp;id=1857230969817665607&amp;lang=es&amp;maxWidth=560px&amp;origin=https%3A%2F%2Fwww.eltelegrafo.com.ec%2Fdeportes%2Fdeportes%2F7%2Fecuador-vs-bolivia-la-tricolor-gana-al-finalizar-el-primer-tiempo&amp;sessionId=2159e3b4a4f660c62c085e3bb1320ce3515905b1&amp;siteScreenName=el_telegrafo&amp;theme=light&amp;widgetsVersion=2615f7e52b7e0%3A1702314776716&amp;width=550px\" frameborder=\"0\" scrolling=\"no\" allowfullscreen=\"allowfullscreen\" data-tweet-id=\"1857230969817665607\" data-mce-fragment=\"1\"><\/iframe><\/div>\n<p>Y el cuarto fue de\u00a0<strong>Alan Minda<\/strong>. El ofensivo hizo la diagonal y sac\u00f3 un fuerte remate que se col\u00f3 por una esquina del arco.<\/p>\n<div class=\"twitter-tweet twitter-tweet-rendered\"><iframe id=\"twitter-widget-4\" class=\"\" title=\"X Post\" src=\"https:\/\/platform.twitter.com\/embed\/Tweet.html?creatorScreenName=el_telegrafo&amp;dnt=false&amp;embedId=twitter-widget-4&amp;features=eyJ0ZndfdGltZWxpbmVfbGlzdCI6eyJidWNrZXQiOltdLCJ2ZXJzaW9uIjpudWxsfSwidGZ3X2ZvbGxvd2VyX2NvdW50X3N1bnNldCI6eyJidWNrZXQiOnRydWUsInZlcnNpb24iOm51bGx9LCJ0ZndfdHdlZXRfZWRpdF9iYWNrZW5kIjp7ImJ1Y2tldCI6Im9uIiwidmVyc2lvbiI6bnVsbH0sInRmd19yZWZzcmNfc2Vzc2lvbiI6eyJidWNrZXQiOiJvbiIsInZlcnNpb24iOm51bGx9LCJ0ZndfZm9zbnJfc29mdF9pbnRlcnZlbnRpb25zX2VuYWJsZWQiOnsiYnVja2V0Ijoib24iLCJ2ZXJzaW9uIjpudWxsfSwidGZ3X21peGVkX21lZGlhXzE1ODk3Ijp7ImJ1Y2tldCI6InRyZWF0bWVudCIsInZlcnNpb24iOm51bGx9LCJ0ZndfZXhwZXJpbWVudHNfY29va2llX2V4cGlyYXRpb24iOnsiYnVja2V0IjoxMjA5NjAwLCJ2ZXJzaW9uIjpudWxsfSwidGZ3X3Nob3dfYmlyZHdhdGNoX3Bpdm90c19lbmFibGVkIjp7ImJ1Y2tldCI6Im9uIiwidmVyc2lvbiI6bnVsbH0sInRmd19kdXBsaWNhdGVfc2NyaWJlc190b19zZXR0aW5ncyI6eyJidWNrZXQiOiJvbiIsInZlcnNpb24iOm51bGx9LCJ0ZndfdXNlX3Byb2ZpbGVfaW1hZ2Vfc2hhcGVfZW5hYmxlZCI6eyJidWNrZXQiOiJvbiIsInZlcnNpb24iOm51bGx9LCJ0ZndfdmlkZW9faGxzX2R5bmFtaWNfbWFuaWZlc3RzXzE1MDgyIjp7ImJ1Y2tldCI6InRydWVfYml0cmF0ZSIsInZlcnNpb24iOm51bGx9LCJ0ZndfbGVnYWN5X3RpbWVsaW5lX3N1bnNldCI6eyJidWNrZXQiOnRydWUsInZlcnNpb24iOm51bGx9LCJ0ZndfdHdlZXRfZWRpdF9mcm9udGVuZCI6eyJidWNrZXQiOiJvbiIsInZlcnNpb24iOm51bGx9fQ%3D%3D&amp;frame=false&amp;hideCard=false&amp;hideThread=false&amp;id=1857234493674844242&amp;lang=es&amp;maxWidth=560px&amp;origin=https%3A%2F%2Fwww.eltelegrafo.com.ec%2Fdeportes%2Fdeportes%2F7%2Fecuador-vs-bolivia-la-tricolor-gana-al-finalizar-el-primer-tiempo&amp;sessionId=2159e3b4a4f660c62c085e3bb1320ce3515905b1&amp;siteScreenName=el_telegrafo&amp;theme=light&amp;widgetsVersion=2615f7e52b7e0%3A1702314776716&amp;width=550px\" frameborder=\"0\" scrolling=\"no\" allowfullscreen=\"allowfullscreen\" data-tweet-id=\"1857234493674844242\" data-mce-fragment=\"1\"><\/iframe><\/div>\n<p>Con el 4-0 se hicieron las variantes y baj\u00f3 la intensidad del partido. Lo destacable es que ingres\u00f3<strong>\u00a0\u00c1ngel Mena<\/strong> para despedirse de la selecci\u00f3n. <strong>Fuente: El Tel\u00e9grafo<\/strong><\/p>\n","protected":false},"excerpt":{"rendered":"<p>Ecuador\u00a0gole\u00f3 a Bolivia\u00a04-0, la noche de este jueves 14 de noviembre de 2024, en el estadio\u00a0Monumental\u00a0de Guayaquil, por la fecha 11 de las\u00a0Eliminatorias\u00a0al Mundial 2026. El equipo tricolor tuvo que luchar durante\u00a0242 minutos\u00a0para volver a anotar en el camino eliminatorio. El \u00faltimo gol fue en el minuto 54 ante Per\u00fa y despu\u00e9s tuvo dos 0-0 consecutivos (Paraguay y Uruguay). Y la espera vali\u00f3 la pena. Ante Bolivia sali\u00f3 con una propuesta muy\u00a0ofensiva. Lo encerr\u00f3 y bombarde\u00f3 desde el pitazo inicial. Aunque al principio la deuda segu\u00eda siendo la misma: la definici\u00f3n. Sin embargo, el partido se abri\u00f3 al minuto 26, cuando\u00a0Enner Valencia\u00a0anot\u00f3 el gol de penal. En la jugada previa, el defensa visitante\u00a0Jos\u00e9 Sagredo meti\u00f3 la mano dentro del \u00e1rea y se fue expulsado. La alegr\u00eda tricolor fue mayor dos minutos despu\u00e9s, cuando\u00a0Gonzalo Plata\u00a0anot\u00f3 un golazo, definiendo por encima del golero, tras un pase de Enner Valencia. Ecuador, con ventaja en el marcador y con superioridad num\u00e9rica, jug\u00f3 con mayor tranquilidad, pero sin dejar de atacar. Eso le permiti\u00f3 llegar con claridad en varias oportunidades. Inclusive, nuevamente apareci\u00f3\u00a0Enner Valencia\u00a0para rematar de cabeza y superar al arquero boliviano. Sin embargo, la jugada se anul\u00f3 por\u00a0fuera de lugar. En el\u00a0segundo tiempo\u00a0el tr\u00e1mite fue similar. Ecuador mand\u00f3 en la cancha y anot\u00f3 dos goles m\u00e1s. Gonzalo Plata\u00a0puso la tercera tras un nuevo pase de Enner Valencia. El delantero del Flamengo lleg\u00f3 desde atr\u00e1s para rematar de primera y anotar otro golazo. Y el cuarto fue de\u00a0Alan Minda. El ofensivo hizo la diagonal y sac\u00f3 un fuerte remate que se col\u00f3 por una esquina del arco. Con el 4-0 se hicieron las variantes y baj\u00f3 la intensidad del partido. Lo destacable es que ingres\u00f3\u00a0\u00c1ngel Mena para despedirse de la selecci\u00f3n. Fuente: El Tel\u00e9grafo<\/p>\n","protected":false},"author":1,"featured_media":20132,"comment_status":"open","ping_status":"open","sticky":false,"template":"","format":"standard","meta":{"footnotes":""},"categories":[6,268],"tags":[],"class_list":["post-20130","post","type-post","status-publish","format-standard","has-post-thumbnail","hentry","category-deportes","category-nacionales"],"_links":{"self":[{"href":"https:\/\/www.elamazonico.com\/portal\/wp-json\/wp\/v2\/posts\/20130","targetHints":{"allow":["GET"]}}],"collection":[{"href":"https:\/\/www.elamazonico.com\/portal\/wp-json\/wp\/v2\/posts"}],"about":[{"href":"https:\/\/www.elamazonico.com\/portal\/wp-json\/wp\/v2\/types\/post"}],"author":[{"embeddable":true,"href":"https:\/\/www.elamazonico.com\/portal\/wp-json\/wp\/v2\/users\/1"}],"replies":[{"embeddable":true,"href":"https:\/\/www.elamazonico.com\/portal\/wp-json\/wp\/v2\/comments?post=20130"}],"version-history":[{"count":3,"href":"https:\/\/www.elamazonico.com\/portal\/wp-json\/wp\/v2\/posts\/20130\/revisions"}],"predecessor-version":[{"id":20134,"href":"https:\/\/www.elamazonico.com\/portal\/wp-json\/wp\/v2\/posts\/20130\/revisions\/20134"}],"wp:featuredmedia":[{"embeddable":true,"href":"https:\/\/www.elamazonico.com\/portal\/wp-json\/wp\/v2\/media\/20132"}],"wp:attachment":[{"href":"https:\/\/www.elamazonico.com\/portal\/wp-json\/wp\/v2\/media?parent=20130"}],"wp:term":[{"taxonomy":"category","embeddable":true,"href":"https:\/\/www.elamazonico.com\/portal\/wp-json\/wp\/v2\/categories?post=20130"},{"taxonomy":"post_tag","embeddable":true,"href":"https:\/\/www.elamazonico.com\/portal\/wp-json\/wp\/v2\/tags?post=20130"}],"curies":[{"name":"wp","href":"https:\/\/api.w.org\/{rel}","templated":true}]}}