{"id":20127,"date":"2024-11-15T15:56:00","date_gmt":"2024-11-15T20:56:00","guid":{"rendered":"https:\/\/www.elamazonico.com\/portal\/?p=20127"},"modified":"2024-11-15T15:56:00","modified_gmt":"2024-11-15T20:56:00","slug":"miles-de-indigenas-marchan-en-latacunga-leonidas-iza-exige-a-daniel-noboa-resolver-crisis-electrica-laboral-social-y-de-seguridad","status":"publish","type":"post","link":"https:\/\/www.elamazonico.com\/portal\/miles-de-indigenas-marchan-en-latacunga-leonidas-iza-exige-a-daniel-noboa-resolver-crisis-electrica-laboral-social-y-de-seguridad\/","title":{"rendered":"Miles de ind\u00edgenas marchan en Latacunga: Leonidas Iza exige a Daniel Noboa resolver crisis el\u00e9ctrica, laboral, social y de seguridad"},"content":{"rendered":"<div class=\"paragraph texto\">\n<p class=\"p_0\">Miles de\u00a0<b>ind\u00edgenas\u00a0<\/b>se movilizaron este viernes 15 de noviembre en\u00a0<b>Latacunga<\/b>, atendiendo el llamado de la Confederaci\u00f3n de Nacionalidades Ind\u00edgenas del Ecuador (<b>Conaie<\/b>), cuyo presidente\u00a0<b>Leonidas Iza\u00a0<\/b>inst\u00f3 al Gobierno de\u00a0<b>Daniel Noboa\u00a0<\/b>revolver las crisis el\u00e9ctrica, laboral, social y de seguridad.<\/p>\n<p class=\"p_1\">El Movimiento Ind\u00edgena y Campesino de Cotopaxi (<b>MICC<\/b>), una organizaci\u00f3n filial de la Conaie, lider\u00f3 la multitudinaria marcha, luego de que la Asamblea de los Pueblos y Organizaciones Sociales elaborara un pliego con\u00a0<b>nueve demandas<\/b>\u00a0\u00aburgentes\u00bb al Gobierno.<\/p>\n<p class=\"p_2\">\u00abQuiz\u00e1s una de las principales es exigir a Daniel Noboa que elimine ese contrato de\u00a0<b>$ 5 millones\u00a0<\/b>para pauta en medios y los destine para cancelar las deudas con las\u00a0<b>cl\u00ednicas dializadoras<\/b>. Es inmoral que un gobierno gaste plata en propaganda mientras mueren pacientes con enfermedades renales\u00bb, manifest\u00f3 Leonidas Iza, quien tambi\u00e9n es\u00a0<b>candidato presidencial<\/b>\u00a0para las elecciones de 2025.<\/p>\n<p class=\"p_3\">Esta movilizaci\u00f3n se suma a las protestas convocadas a nivel nacional para este 15 de noviembre, \u00abreflejando el descontento generalizado con Daniel Noboa\u00bb, afirm\u00f3 la Conaie. La jornada coincide con el aniversario 102 de la\u00a0<b>masacre obrera<\/b>\u00a0del 15 de noviembre de 1922, en la que miles de trabajadores y campesinos perdieron la vida luchando por condiciones laborales.<\/p>\n<p class=\"p_4\">El pasado mi\u00e9rcoles se llev\u00f3 a cabo la Asamblea de Pueblos y Organizaciones Sociales del Ecuador para abordar la crisis que enfrenta el pa\u00eds. En la cita se mencionaron algunas de las principales\u00a0<b>exigencias<\/b>, tales como el pago de la deuda social al MIES (Ministerio de Inclusi\u00f3n Econ\u00f3mica y Social), as\u00ed como asegurar la estabilidad laboral para proteger a los trabajadores de despidos masivos.<\/p>\n<p class=\"p_5\">Paralelamente, la Uni\u00f3n Nacional de Educadores (UNE) se congreg\u00f3, este viernes, en un plant\u00f3n en\u00a0<b>Quito<\/b>, para exigir el pago de sueldos.<\/p>\n<p><strong>Contracumbre en Cuenca<\/strong><\/p>\n<\/div>\n<div class=\"paragraph texto\">\n<p class=\"p_7\">En el marco de la\u00a0<b>Cumbre Iberoamericana<\/b>\u00a0inaugurada en Cuenca, varias decenas de personas se concentraron el jueves para manifestarse en contra del Gobierno de Noboa.<\/p>\n<p class=\"p_8\">Procedentes de diversas provincias del pa\u00eds, los manifestantes expresaron su rechazo a las privatizaciones y las actividades extractivas de la miner\u00eda que, seg\u00fan denunciaron, el Gobierno ha aprobado en nuevos territorios.<\/p>\n<p class=\"p_9\">Tambi\u00e9n exigieron medidas m\u00e1s contundentes para acabar con la crisis\u00a0<b>energ\u00e9tica\u00a0<\/b>y de seguridad.<\/p>\n<p class=\"p_10\">Las autoridades \u00abpretenden adoptar medidas neoliberales y privatizadoras\u00bb con las que \u00abevidentemente los empresarios est\u00e1n de acuerdo\u00bb, denunci\u00f3 el presidente nacional del Frente Popular, Nelson Erazo, quien tambi\u00e9n critic\u00f3 \u00ablos mandatos que el Fondo Monetario Internacional pone en contra de los trabajadores y los pueblos\u00bb.<\/p>\n<p class=\"p_11\">\u00abEl derecho constitucional que tenemos a la resistencia, a la pelea debemos ejecutarlo. Es el momento de apagar las velas para encender la lucha en las calles y con esto defender los intereses de la mayor\u00eda del pueblo ecuatoriano\u00bb, enfatiz\u00f3 Erazo.<\/p>\n<p class=\"p_12\">Por su parte, el Frente Unitario de Trabajadores (FUT), la central obrera m\u00e1s grande de Ecuador, ha convocado jornadas de protesta contra el Gobierno a partir del pr\u00f3ximo d\u00eda 21 de noviembre. <strong>Fuente: Vistazo<\/strong><\/p>\n<\/div>\n","protected":false},"excerpt":{"rendered":"<p>Miles de\u00a0ind\u00edgenas\u00a0se movilizaron este viernes 15 de noviembre en\u00a0Latacunga, atendiendo el llamado de la Confederaci\u00f3n de Nacionalidades Ind\u00edgenas del Ecuador (Conaie), cuyo presidente\u00a0Leonidas Iza\u00a0inst\u00f3 al Gobierno de\u00a0Daniel Noboa\u00a0revolver las crisis el\u00e9ctrica, laboral, social y de seguridad. El Movimiento Ind\u00edgena y Campesino de Cotopaxi (MICC), una organizaci\u00f3n filial de la Conaie, lider\u00f3 la multitudinaria marcha, luego de que la Asamblea de los Pueblos y Organizaciones Sociales elaborara un pliego con\u00a0nueve demandas\u00a0\u00aburgentes\u00bb al Gobierno. \u00abQuiz\u00e1s una de las principales es exigir a Daniel Noboa que elimine ese contrato de\u00a0$ 5 millones\u00a0para pauta en medios y los destine para cancelar las deudas con las\u00a0cl\u00ednicas dializadoras. Es inmoral que un gobierno gaste plata en propaganda mientras mueren pacientes con enfermedades renales\u00bb, manifest\u00f3 Leonidas Iza, quien tambi\u00e9n es\u00a0candidato presidencial\u00a0para las elecciones de 2025. Esta movilizaci\u00f3n se suma a las protestas convocadas a nivel nacional para este 15 de noviembre, \u00abreflejando el descontento generalizado con Daniel Noboa\u00bb, afirm\u00f3 la Conaie. La jornada coincide con el aniversario 102 de la\u00a0masacre obrera\u00a0del 15 de noviembre de 1922, en la que miles de trabajadores y campesinos perdieron la vida luchando por condiciones laborales. El pasado mi\u00e9rcoles se llev\u00f3 a cabo la Asamblea de Pueblos y Organizaciones Sociales del Ecuador para abordar la crisis que enfrenta el pa\u00eds. En la cita se mencionaron algunas de las principales\u00a0exigencias, tales como el pago de la deuda social al MIES (Ministerio de Inclusi\u00f3n Econ\u00f3mica y Social), as\u00ed como asegurar la estabilidad laboral para proteger a los trabajadores de despidos masivos. Paralelamente, la Uni\u00f3n Nacional de Educadores (UNE) se congreg\u00f3, este viernes, en un plant\u00f3n en\u00a0Quito, para exigir el pago de sueldos. Contracumbre en Cuenca En el marco de la\u00a0Cumbre Iberoamericana\u00a0inaugurada en Cuenca, varias decenas de personas se concentraron el jueves para manifestarse en contra del Gobierno de Noboa. Procedentes de diversas provincias del pa\u00eds, los manifestantes expresaron su rechazo a las privatizaciones y las actividades extractivas de la miner\u00eda que, seg\u00fan denunciaron, el Gobierno ha aprobado en nuevos territorios. Tambi\u00e9n exigieron medidas m\u00e1s contundentes para acabar con la crisis\u00a0energ\u00e9tica\u00a0y de seguridad. Las autoridades \u00abpretenden adoptar medidas neoliberales y privatizadoras\u00bb con las que \u00abevidentemente los empresarios est\u00e1n de acuerdo\u00bb, denunci\u00f3 el presidente nacional del Frente Popular, Nelson Erazo, quien tambi\u00e9n critic\u00f3 \u00ablos mandatos que el Fondo Monetario Internacional pone en contra de los trabajadores y los pueblos\u00bb. \u00abEl derecho constitucional que tenemos a la resistencia, a la pelea debemos ejecutarlo. Es el momento de apagar las velas para encender la lucha en las calles y con esto defender los intereses de la mayor\u00eda del pueblo ecuatoriano\u00bb, enfatiz\u00f3 Erazo. Por su parte, el Frente Unitario de Trabajadores (FUT), la central obrera m\u00e1s grande de Ecuador, ha convocado jornadas de protesta contra el Gobierno a partir del pr\u00f3ximo d\u00eda 21 de noviembre. Fuente: Vistazo<\/p>\n","protected":false},"author":1,"featured_media":20128,"comment_status":"open","ping_status":"open","sticky":false,"template":"","format":"standard","meta":{"footnotes":""},"categories":[268],"tags":[],"class_list":["post-20127","post","type-post","status-publish","format-standard","has-post-thumbnail","hentry","category-nacionales"],"_links":{"self":[{"href":"https:\/\/www.elamazonico.com\/portal\/wp-json\/wp\/v2\/posts\/20127","targetHints":{"allow":["GET"]}}],"collection":[{"href":"https:\/\/www.elamazonico.com\/portal\/wp-json\/wp\/v2\/posts"}],"about":[{"href":"https:\/\/www.elamazonico.com\/portal\/wp-json\/wp\/v2\/types\/post"}],"author":[{"embeddable":true,"href":"https:\/\/www.elamazonico.com\/portal\/wp-json\/wp\/v2\/users\/1"}],"replies":[{"embeddable":true,"href":"https:\/\/www.elamazonico.com\/portal\/wp-json\/wp\/v2\/comments?post=20127"}],"version-history":[{"count":1,"href":"https:\/\/www.elamazonico.com\/portal\/wp-json\/wp\/v2\/posts\/20127\/revisions"}],"predecessor-version":[{"id":20129,"href":"https:\/\/www.elamazonico.com\/portal\/wp-json\/wp\/v2\/posts\/20127\/revisions\/20129"}],"wp:featuredmedia":[{"embeddable":true,"href":"https:\/\/www.elamazonico.com\/portal\/wp-json\/wp\/v2\/media\/20128"}],"wp:attachment":[{"href":"https:\/\/www.elamazonico.com\/portal\/wp-json\/wp\/v2\/media?parent=20127"}],"wp:term":[{"taxonomy":"category","embeddable":true,"href":"https:\/\/www.elamazonico.com\/portal\/wp-json\/wp\/v2\/categories?post=20127"},{"taxonomy":"post_tag","embeddable":true,"href":"https:\/\/www.elamazonico.com\/portal\/wp-json\/wp\/v2\/tags?post=20127"}],"curies":[{"name":"wp","href":"https:\/\/api.w.org\/{rel}","templated":true}]}}