{"id":20120,"date":"2024-11-15T07:38:45","date_gmt":"2024-11-15T12:38:45","guid":{"rendered":"https:\/\/www.elamazonico.com\/portal\/?p=20120"},"modified":"2024-11-15T07:40:24","modified_gmt":"2024-11-15T12:40:24","slug":"fef-rechaza-entrevista-a-luisa-gonzalez-durante-transmision-en-vivo-de-ecuador-vs-bolivia","status":"publish","type":"post","link":"https:\/\/www.elamazonico.com\/portal\/fef-rechaza-entrevista-a-luisa-gonzalez-durante-transmision-en-vivo-de-ecuador-vs-bolivia\/","title":{"rendered":"FEF rechaza entrevista a Luisa Gonz\u00e1lez durante transmisi\u00f3n en vivo de Ecuador vs. Bolivia"},"content":{"rendered":"<div class=\"paragraph texto\">\n<p class=\"p_0\"><b>La Federaci\u00f3n Ecuatoriana de F\u00fatbol (FEF) se refiri\u00f3 en un comunicado a la intervenci\u00f3n que tuvo la candidata presidencial por la Revoluci\u00f3n Ciudadana, Luisa Gonz\u00e1lez, en la transmisi\u00f3n oficial de la und\u00e9cima fecha de eliminatorias a la Copa Mundial de F\u00fatbol 2026, en la que chocaron Ecuador y Bolivia en Guayaquil.<\/b><\/p>\n<p class=\"p_2\"><b>Gonz\u00e1lez<\/b>, quien es una de las figuras m\u00e1s destacadas del corre\u00edsmo,\u00a0<b>habl\u00f3 sobre el encuentro brevemente durante la previa a este.<\/b>\u00a0No obstante, contenido en redes sociales que la refer\u00eda como un \u00abamuleto de la suerte\u00bb para la victoria del equipo, compartido por otras figuras pol\u00edticas, circul\u00f3 durante el cotejo.<\/p>\n<p class=\"p_3\">\u00abLa FEF rechaza categ\u00f3ricamente el<b>\u00a0uso de la transmisi\u00f3n de los partidos\u00a0<\/b>de nuestra selecci\u00f3n para<b>\u00a0fines de proselitismo pol\u00edtico<\/b>\u00ab, declar\u00f3 la entidad en un comunicado difundido por sus canales oficiales, horas despu\u00e9s del evento deportivo.<\/p>\n<\/div>\n<div class=\"multimediaMacroWrapper img lateral\">\n<figure class=\"contentMedia art-img\">\n<div><img fetchpriority=\"high\" decoding=\"async\" class=\" lazyloaded\" title=\"Alan Minda (c) de Ecuador celebra un gol ante Bolivia este jueves.\" src=\"https:\/\/www.vistazo.com\/placeholder\/svg\/viewbox\/768x512\" sizes=\"100vw\" srcset=\"\/\/www.vistazo.com\/binrepository\/768x512\/0c0\/0d0\/none\/12727\/YIJO\/3583ef21ecbd23381e4fb08abc44be292e83e_1854978_20241115002448.jpg 768w,\/\/www.vistazo.com\/binrepository\/640x427\/0c0\/0d0\/none\/12727\/YIJC\/3583ef21ecbd23381e4fb08abc44be292e83e_1854978_20241115002448.jpg 640w,\/\/www.vistazo.com\/binrepository\/512x341\/0c0\/0d0\/none\/12727\/YIJB\/3583ef21ecbd23381e4fb08abc44be292e83e_1854978_20241115002448.jpg 512w,\/\/www.vistazo.com\/binrepository\/384x256\/0c0\/0d0\/none\/12727\/YIJP\/3583ef21ecbd23381e4fb08abc44be292e83e_1854978_20241115002448.jpg 384w,\/\/www.vistazo.com\/binrepository\/300x200\/0c0\/0d0\/none\/12727\/YIJA\/3583ef21ecbd23381e4fb08abc44be292e83e_1854978_20241115002448.jpg 300w\" alt=\"$!Alan Minda (c) de Ecuador celebra un gol ante Bolivia este jueves.\" width=\"768\" height=\"512\" data-srcset=\"\/\/www.vistazo.com\/binrepository\/768x512\/0c0\/0d0\/none\/12727\/YIJO\/3583ef21ecbd23381e4fb08abc44be292e83e_1854978_20241115002448.jpg 768w,\/\/www.vistazo.com\/binrepository\/640x427\/0c0\/0d0\/none\/12727\/YIJC\/3583ef21ecbd23381e4fb08abc44be292e83e_1854978_20241115002448.jpg 640w,\/\/www.vistazo.com\/binrepository\/512x341\/0c0\/0d0\/none\/12727\/YIJB\/3583ef21ecbd23381e4fb08abc44be292e83e_1854978_20241115002448.jpg 512w,\/\/www.vistazo.com\/binrepository\/384x256\/0c0\/0d0\/none\/12727\/YIJP\/3583ef21ecbd23381e4fb08abc44be292e83e_1854978_20241115002448.jpg 384w,\/\/www.vistazo.com\/binrepository\/300x200\/0c0\/0d0\/none\/12727\/YIJA\/3583ef21ecbd23381e4fb08abc44be292e83e_1854978_20241115002448.jpg 300w\" \/><\/div>\n<div class=\"cutline-byline\"><span class=\"cutline-text\">Alan Minda (c) de Ecuador celebra un gol ante Bolivia este jueves.<\/span>\u00a0<span class=\"byline-image\">(Jonathan Miranda \/ EFE)<\/span><\/div>\n<\/figure>\n<\/div>\n<div class=\"paragraph texto\">\n<p class=\"p_4\">\u00abComo ente rector del f\u00fatbol ecuatoriano, nos reservamos el derecho de<b>\u00a0iniciar las acciones que correspondan<\/b>, a fin de salvaguardar la neutralidad del f\u00fatbol en el \u00e1mbito pol\u00edtico y garantizar el cumplimiento de la normativa que rige al f\u00fatbol a nivel nacional e internacional\u00bb, acot\u00f3.<\/p>\n<p class=\"p_7\">En sus cuentas de redes sociales,<b>\u00a0El Canal de F\u00fatbol<\/b>, plataforma que cuenta con los\u00a0<b>derechos de transmisi\u00f3n de los partidos por eliminatorias de la selecci\u00f3n ecuatoriana<\/b>, comparti\u00f3 el siguiente mensaje:<\/p>\n<p class=\"p_8\">\u00abRespetamos los pensamientos, criterios y diversidad que cada persona pueda tener,\u00a0<b>sin inmiscuirnos en proselitismo pol\u00edtico alguno<\/b>, apegados a la absoluta\u00a0<b>imparcialidad\u00a0<\/b>que nos corresponde\u00bb. <strong>Fuente: Vistazo<\/strong><\/p>\n<\/div>\n","protected":false},"excerpt":{"rendered":"<p>La Federaci\u00f3n Ecuatoriana de F\u00fatbol (FEF) se refiri\u00f3 en un comunicado a la intervenci\u00f3n que tuvo la candidata presidencial por la Revoluci\u00f3n Ciudadana, Luisa Gonz\u00e1lez, en la transmisi\u00f3n oficial de la und\u00e9cima fecha de eliminatorias a la Copa Mundial de F\u00fatbol 2026, en la que chocaron Ecuador y Bolivia en Guayaquil. Gonz\u00e1lez, quien es una de las figuras m\u00e1s destacadas del corre\u00edsmo,\u00a0habl\u00f3 sobre el encuentro brevemente durante la previa a este.\u00a0No obstante, contenido en redes sociales que la refer\u00eda como un \u00abamuleto de la suerte\u00bb para la victoria del equipo, compartido por otras figuras pol\u00edticas, circul\u00f3 durante el cotejo. \u00abLa FEF rechaza categ\u00f3ricamente el\u00a0uso de la transmisi\u00f3n de los partidos\u00a0de nuestra selecci\u00f3n para\u00a0fines de proselitismo pol\u00edtico\u00ab, declar\u00f3 la entidad en un comunicado difundido por sus canales oficiales, horas despu\u00e9s del evento deportivo. Alan Minda (c) de Ecuador celebra un gol ante Bolivia este jueves.\u00a0(Jonathan Miranda \/ EFE) \u00abComo ente rector del f\u00fatbol ecuatoriano, nos reservamos el derecho de\u00a0iniciar las acciones que correspondan, a fin de salvaguardar la neutralidad del f\u00fatbol en el \u00e1mbito pol\u00edtico y garantizar el cumplimiento de la normativa que rige al f\u00fatbol a nivel nacional e internacional\u00bb, acot\u00f3. En sus cuentas de redes sociales,\u00a0El Canal de F\u00fatbol, plataforma que cuenta con los\u00a0derechos de transmisi\u00f3n de los partidos por eliminatorias de la selecci\u00f3n ecuatoriana, comparti\u00f3 el siguiente mensaje: \u00abRespetamos los pensamientos, criterios y diversidad que cada persona pueda tener,\u00a0sin inmiscuirnos en proselitismo pol\u00edtico alguno, apegados a la absoluta\u00a0imparcialidad\u00a0que nos corresponde\u00bb. Fuente: Vistazo<\/p>\n","protected":false},"author":1,"featured_media":20121,"comment_status":"open","ping_status":"open","sticky":false,"template":"","format":"standard","meta":{"footnotes":""},"categories":[268],"tags":[],"class_list":["post-20120","post","type-post","status-publish","format-standard","has-post-thumbnail","hentry","category-nacionales"],"_links":{"self":[{"href":"https:\/\/www.elamazonico.com\/portal\/wp-json\/wp\/v2\/posts\/20120","targetHints":{"allow":["GET"]}}],"collection":[{"href":"https:\/\/www.elamazonico.com\/portal\/wp-json\/wp\/v2\/posts"}],"about":[{"href":"https:\/\/www.elamazonico.com\/portal\/wp-json\/wp\/v2\/types\/post"}],"author":[{"embeddable":true,"href":"https:\/\/www.elamazonico.com\/portal\/wp-json\/wp\/v2\/users\/1"}],"replies":[{"embeddable":true,"href":"https:\/\/www.elamazonico.com\/portal\/wp-json\/wp\/v2\/comments?post=20120"}],"version-history":[{"count":1,"href":"https:\/\/www.elamazonico.com\/portal\/wp-json\/wp\/v2\/posts\/20120\/revisions"}],"predecessor-version":[{"id":20122,"href":"https:\/\/www.elamazonico.com\/portal\/wp-json\/wp\/v2\/posts\/20120\/revisions\/20122"}],"wp:featuredmedia":[{"embeddable":true,"href":"https:\/\/www.elamazonico.com\/portal\/wp-json\/wp\/v2\/media\/20121"}],"wp:attachment":[{"href":"https:\/\/www.elamazonico.com\/portal\/wp-json\/wp\/v2\/media?parent=20120"}],"wp:term":[{"taxonomy":"category","embeddable":true,"href":"https:\/\/www.elamazonico.com\/portal\/wp-json\/wp\/v2\/categories?post=20120"},{"taxonomy":"post_tag","embeddable":true,"href":"https:\/\/www.elamazonico.com\/portal\/wp-json\/wp\/v2\/tags?post=20120"}],"curies":[{"name":"wp","href":"https:\/\/api.w.org\/{rel}","templated":true}]}}