{"id":20117,"date":"2024-11-15T07:30:02","date_gmt":"2024-11-15T12:30:02","guid":{"rendered":"https:\/\/www.elamazonico.com\/portal\/?p=20117"},"modified":"2024-11-15T07:36:15","modified_gmt":"2024-11-15T12:36:15","slug":"firmes-en-la-tabla-y-una-victoria-mas-lo-que-dejo-la-goleada-de-ecuador-a-bolivia-en-guayaquil","status":"publish","type":"post","link":"https:\/\/www.elamazonico.com\/portal\/firmes-en-la-tabla-y-una-victoria-mas-lo-que-dejo-la-goleada-de-ecuador-a-bolivia-en-guayaquil\/","title":{"rendered":"Firmes en la tabla y una victoria m\u00e1s: lo que dej\u00f3 la goleada de Ecuador a Bolivia en Guayaquil"},"content":{"rendered":"<div class=\"paragraph texto\">\n<p class=\"p_0\">Por una nueva fecha de eliminatorias,\u00a0<b><a href=\"https:\/\/www.vistazo.com\/deportes\/2024-13-11-beccacece-ecuador-bolivia-final-pedido-tricolor-CD8306114\" target=\"_blank\" rel=\"noopener noreferrer\">Ecuador\u00a0<\/a>gole\u00f3 y gust\u00f3\u00a0<\/b>a Bolivia (4-0) en el Estadio Monumental de\u00a0<b>Guayaquil<\/b>. Con este triunfo, \u201cLa Tri\u201d\u00a0<b>suma 16 puntos\u00a0<\/b>y se mantiene en el\u00a0<b>quinto lugar\u00a0<\/b>de las\u00a0<b>clasificatorias al Mundial 2026<\/b>. Adem\u00e1s, infl\u00f3\u00a0<u>\u201cun colch\u00f3n\u201d de cuatro puntos diferencia contra el s\u00e9ptimo lugar<\/u>, que hoy le corresponde a Venezuela, que lo clasificar\u00eda al repechaje.<\/p>\n<p class=\"p_1\">Dos a\u00f1os despu\u00e9s de su \u00faltimo partido en el Puerto Principal, la Federaci\u00f3n Ecuatoriana de F\u00fatbol (FEF),\u00a0<u>la selecci\u00f3n congreg\u00f3 a m\u00e1s de 30.000 espectadores\u00a0<\/u>que presenciaron el\u00a0<b>primer doblete\u00a0<\/b>de\u00a0<b>Gonzalo Plata\u00a0<\/b>con la camiseta de Ecuador, el debut goleador de\u00a0<b>Alan Minda\u00a0<\/b>por eliminatorias y la anotaci\u00f3n 43 de\u00a0<b>Enner Valencia\u00a0<\/b>con \u201cLa Tri\u201d.<\/p>\n<p class=\"p_2\">Estas son las novedades que dej\u00f3 el partido:<\/p>\n<\/div>\n<h2 class=\"h2vistazo\">CAMBIOS EN LA N\u00d3MINA<\/h2>\n<div class=\"paragraph texto\">\n<p class=\"p_3\">Desde antes del partido se anunciaron\u00a0<b>variantes\u00a0<\/b>en la\u00a0<b>convocatoria\u00a0<\/b>del entrenador Sebasti\u00e1n Beccacece. La FEF comunic\u00f3 que\u00a0<b>\u00c1ngelo Preciado\u00a0<\/b><u>qued\u00f3 desafectado para la doble fecha frente a Bolivia y Colombia<\/u>. A pesar de que su club, el\u00a0<b>Sparta Praga de Rep\u00fablica Checa<\/b>, inform\u00f3 que el lateral derecho ecuatoriano\u00a0<u>ten\u00eda una lesi\u00f3n, ac\u00e1 en Guayaquil se confirm\u00f3 una rotura de menisco que necesitar\u00e1 de una operaci\u00f3n<\/u>. Lo mismo ocurri\u00f3 con\u00a0<b>Leonardo Campana<\/b>,\u00a0<u>quien no se recuper\u00f3 de un golpe el pasado s\u00e1bado con su club<\/u>, el Inter Miami de Estados Unidos.<\/p>\n<\/div>\n<div class=\"paragraph texto\">\n<p class=\"p_5\">Por otra parte, la\u00a0<b>sorpresa de la alineaci\u00f3n\u00a0<\/b>fue la inclusi\u00f3n del central\u00a0<b>Joel Ord\u00f3\u00f1ez\u00a0<\/b>en la posici\u00f3n de\u00a0<b>F\u00e9lix Torres<\/b>, quien estaba\u00a0<u>condicionado con una amarilla y pon\u00eda en riesgo su presencia en el partido frente a Colombia<\/u>. Por \u00faltimo,\u00a0<b>Pedro Vite\u00a0<\/b>tambi\u00e9n debut\u00f3 como titular en Ecuador al ocupar la plaza de\u00a0<b>Mois\u00e9s Caicedo<\/b>,\u00a0<u>quien s\u00ed estaba suspendido para esta fecha<\/u>.<\/p>\n<\/div>\n<div class=\"multimediaMacroWrapper img lateral\">\n<figure class=\"contentMedia art-img\">\n<div><img fetchpriority=\"high\" decoding=\"async\" class=\" lazyloaded\" title=\"\u00c1ngelo Preciado, Mois\u00e9s Caicedo, Leonardo Campana y F\u00e9lix Torres quedaron desacfectados para el partido contra Bolivia.\" src=\"https:\/\/www.vistazo.com\/placeholder\/svg\/viewbox\/768x683\" sizes=\"100vw\" srcset=\"\/\/www.vistazo.com\/binrepository\/768x683\/0c0\/0d0\/none\/12727\/BSGI\/ecuador-jugadores-desafectado-monument_1854954_20241114235452.jpg 768w,\/\/www.vistazo.com\/binrepository\/640x569\/0c0\/0d0\/none\/12727\/BSGE\/ecuador-jugadores-desafectado-monument_1854954_20241114235452.jpg 640w,\/\/www.vistazo.com\/binrepository\/512x455\/0c0\/0d0\/none\/12727\/BSGO\/ecuador-jugadores-desafectado-monument_1854954_20241114235452.jpg 512w,\/\/www.vistazo.com\/binrepository\/384x342\/0c0\/0d0\/none\/12727\/BSGG\/ecuador-jugadores-desafectado-monument_1854954_20241114235452.jpg 384w,\/\/www.vistazo.com\/binrepository\/300x267\/0c0\/0d0\/none\/12727\/BSGM\/ecuador-jugadores-desafectado-monument_1854954_20241114235452.jpg 300w\" alt=\"$!\u00c1ngelo Preciado, Mois\u00e9s Caicedo, Leonardo Campana y F\u00e9lix Torres quedaron desacfectados para el partido contra Bolivia.\" width=\"768\" height=\"683\" data-srcset=\"\/\/www.vistazo.com\/binrepository\/768x683\/0c0\/0d0\/none\/12727\/BSGI\/ecuador-jugadores-desafectado-monument_1854954_20241114235452.jpg 768w,\/\/www.vistazo.com\/binrepository\/640x569\/0c0\/0d0\/none\/12727\/BSGE\/ecuador-jugadores-desafectado-monument_1854954_20241114235452.jpg 640w,\/\/www.vistazo.com\/binrepository\/512x455\/0c0\/0d0\/none\/12727\/BSGO\/ecuador-jugadores-desafectado-monument_1854954_20241114235452.jpg 512w,\/\/www.vistazo.com\/binrepository\/384x342\/0c0\/0d0\/none\/12727\/BSGG\/ecuador-jugadores-desafectado-monument_1854954_20241114235452.jpg 384w,\/\/www.vistazo.com\/binrepository\/300x267\/0c0\/0d0\/none\/12727\/BSGM\/ecuador-jugadores-desafectado-monument_1854954_20241114235452.jpg 300w\" \/><\/div>\n<div class=\"cutline-byline\"><span class=\"cutline-text\">\u00c1ngelo Preciado, Mois\u00e9s Caicedo, Leonardo Campana y F\u00e9lix Torres quedaron desacfectados para el partido contra Bolivia.<\/span>\u00a0<span class=\"byline-image\">(Foto: Cortes\u00eda)<\/span><\/div>\n<\/figure>\n<\/div>\n<h2 class=\"h2vistazo\">DEBUT Y GOLEADORES<\/h2>\n<div class=\"paragraph texto\">\n<p class=\"p_6\">Las\u00a0<b>cuatro anotaciones de Ecuador\u00a0<\/b>frente a Bolivia forman parte de las\u00a0<u>estad\u00edsticas para los jugadores y la selecci\u00f3n<\/u>. En el caso de\u00a0<b>Enner Valencia<\/b>, quien abri\u00f3 el marcador a los 26 minutos desde el\u00a0<b>punto penalti<\/b>,\u00a0<u>signific\u00f3 su gol 43 con la camiseta tricolor<\/u>. Dos minutos despu\u00e9s,\u00a0<b>Gonzalo Plata\u00a0<\/b>marc\u00f3 el\u00a0<u>primero de sus dos goles en el partido<\/u>, con lo que logr\u00f3 su\u00a0<b>primer doblete\u00a0<\/b>con \u201cLa Tri\u201d.<\/p>\n<p class=\"p_7\">Finalmente,\u00a0<b>Alan Minda\u00a0<\/b>debut\u00f3 de titular con Ecuador por eliminatorias despu\u00e9s de haberlo hecho en la Copa Am\u00e9rica Estados Unidos 2024. En esta fecha de eliminatorias,\u00a0<u>Ecuador se consolid\u00f3 como la defensa menos goleada (cuatro goles en contra)\u00a0<\/u>y suma 10 goles a favor.<\/p>\n<\/div>\n<div class=\"html_text\"><iframe title=\"YouTube video player\" src=\"https:\/\/www.youtube.com\/embed\/3wPmdAM9ozA?si=vy2d59-aNZ42bqo_\" width=\"560\" height=\"315\" frameborder=\"0\" allowfullscreen=\"allowfullscreen\" data-mce-fragment=\"1\"><\/iframe><\/div>\n<h2 class=\"h2vistazo\">FORTALEZA PORTE\u00d1A<\/h2>\n<div class=\"paragraph texto\">\n<p class=\"p_8\">Dos a\u00f1os despu\u00e9s de disputar un partido por\u00a0<b>eliminatorias sudamericanas\u00a0<\/b>como\u00a0<b>local\u00a0<\/b>en\u00a0<b>Guayaquil<\/b>, Ecuador consolida esta sede con\u00a0<b>buenos resultados<\/b>. El encuentro frente a Bolivia fue el n\u00famero\u00a0<b>20\u00a0<\/b>en el que la \u00abLa Tri\u00bb hizo de Guayaquil su\u00a0<b>local\u00eda<\/b>. En total ha conseguido\u00a0<b>siete victorias<\/b>, ocho empates y solo cinco derrotas.<\/p>\n<p class=\"p_9\">Desde 1990, Ecuador juega en el\u00a0<b>Estadio Monumental\u00a0<\/b>cuando hace de local en Guayaquil. All\u00ed el historial es m\u00e1s favorable. En ese reducto, \u00abLa Tri\u00bb ha disputado\u00a0<b>nueve encuentros\u00a0<\/b>y se ha llevado la victoria por cinco ocasiones. Curiosamente,\u00a0<b>Bolivia\u00a0<\/b>es el rival al que m\u00e1s veces ha vencido (3) en el Puerto Principal.<\/p>\n<p class=\"p_10\"><b>Lea tambi\u00e9n<\/b>:\u00a0<a href=\"https:\/\/www.vistazo.com\/deportes\/2024-11-11-historial-ecuador-bolivia-eliminatorias-guayaquil-DI8291858\" target=\"_blank\" rel=\"noopener noreferrer\">Este es el historial de Ecuador frente a Bolivia jugando en Guayaquil<\/a><\/p>\n<p class=\"p_11\"><b>Partidos jugados\u00a0<\/b>en Guayaquil por eliminatorias:\u00a0<u>20 (11 en el Estadio Modelo y 9 en el Estadio Monumental)<\/u><\/p>\n<p class=\"p_12\"><b>Victorias de Ecuador\u00a0<\/b>en Guayaquil por eliminatorias:\u00a0<u>7 (2 en el Estadio Modelo y 5 en el Estadio Monumental)<\/u><\/p>\n<p class=\"p_13\"><b>Empates de Ecuador\u00a0<\/b>en Guayaquil por eliminatorias:\u00a0<u>8 (5 en el Estadio Modelo y 3 en el Estadio Monumental)<\/u><\/p>\n<p class=\"p_14\"><b>Derrotas de Ecuador\u00a0<\/b>en Guayaquil por eliminatorias:\u00a0<u>5 (4 en el Estadio Modelo y 1 en el Estadio Monumental)<\/u><\/p>\n<div id=\"Center2\" class=\"centervist\" data-google-query-id=\"CILL55ur3okDFe6GgwgdARIG9w\">\n<div id=\"google_ads_iframe_\/21839199781\/Vistazo\/Vistazo_Center2_0__container__\"><b>Gol diferencia de Ecuador <\/b>en Guayaquil por eliminatorias:\u00a0<u>+8 (28 goles a favor y 20 goles en contra)<\/u><\/div>\n<\/div>\n<\/div>\n<h2 class=\"h2vistazo\">POSICIONES Y CUPOS<\/h2>\n<div class=\"paragraph texto\">\n<p class=\"p_16\">UBICACI\u00d3N | SELECCI\u00d3N | PUNTOS | PARTIDOS JUGADOS | GOL DIFERENCIA<\/p>\n<p class=\"p_17\">1.- Argentina | 22 puntos | 11 PJ | +13 GD<\/p>\n<p class=\"p_18\">2.- Colombia | 19 puntos | 10 PJ | +19 GD<\/p>\n<p class=\"p_19\">3.- Brasil | 17 puntos | 11 PJ | +17 GD<\/p>\n<p class=\"p_20\">4.- Uruguay | 16 puntos | 10 PJ | +16 GD<\/p>\n<p class=\"p_21\"><b>5.- Ecuador | 16 puntos | 11 PJ | +6 GD<\/b><\/p>\n<p class=\"p_22\">6.- Paraguay | 16 puntos | 11 PJ | +1 GD<\/p>\n<p class=\"p_23\">7.- Venezuela | 12 puntos | 11 PJ | -2 GD<\/p>\n<p class=\"p_24\">8.- Bolivia | 12 puntos | 11 PJ | -14 GD<\/p>\n<p class=\"p_25\">9.- Per\u00fa | 6 puntos | 10 PJ | -11 GD<\/p>\n<p class=\"p_26\">10.- Chile | 5 puntos | 10 PJ | -13 GD<\/p>\n<p class=\"p_27\">Desde la posici\u00f3n\u00a0<b>1 al 6 clasifican directo\u00a0<\/b>a la Copa Mundial de la FIFA Estados Unidos, M\u00e9xico y Canad\u00e1 2026. El\u00a0<b>s\u00e9ptimo (7mo) lugar clasifica al repechaje<\/b>. Desde la ubicaci\u00f3n\u00a0<b>8 a la 10 quedan eliminados<\/b>.<\/p>\n<\/div>\n","protected":false},"excerpt":{"rendered":"<p>Por una nueva fecha de eliminatorias,\u00a0Ecuador\u00a0gole\u00f3 y gust\u00f3\u00a0a Bolivia (4-0) en el Estadio Monumental de\u00a0Guayaquil. Con este triunfo, \u201cLa Tri\u201d\u00a0suma 16 puntos\u00a0y se mantiene en el\u00a0quinto lugar\u00a0de las\u00a0clasificatorias al Mundial 2026. Adem\u00e1s, infl\u00f3\u00a0\u201cun colch\u00f3n\u201d de cuatro puntos diferencia contra el s\u00e9ptimo lugar, que hoy le corresponde a Venezuela, que lo clasificar\u00eda al repechaje. Dos a\u00f1os despu\u00e9s de su \u00faltimo partido en el Puerto Principal, la Federaci\u00f3n Ecuatoriana de F\u00fatbol (FEF),\u00a0la selecci\u00f3n congreg\u00f3 a m\u00e1s de 30.000 espectadores\u00a0que presenciaron el\u00a0primer doblete\u00a0de\u00a0Gonzalo Plata\u00a0con la camiseta de Ecuador, el debut goleador de\u00a0Alan Minda\u00a0por eliminatorias y la anotaci\u00f3n 43 de\u00a0Enner Valencia\u00a0con \u201cLa Tri\u201d. Estas son las novedades que dej\u00f3 el partido: CAMBIOS EN LA N\u00d3MINA Desde antes del partido se anunciaron\u00a0variantes\u00a0en la\u00a0convocatoria\u00a0del entrenador Sebasti\u00e1n Beccacece. La FEF comunic\u00f3 que\u00a0\u00c1ngelo Preciado\u00a0qued\u00f3 desafectado para la doble fecha frente a Bolivia y Colombia. A pesar de que su club, el\u00a0Sparta Praga de Rep\u00fablica Checa, inform\u00f3 que el lateral derecho ecuatoriano\u00a0ten\u00eda una lesi\u00f3n, ac\u00e1 en Guayaquil se confirm\u00f3 una rotura de menisco que necesitar\u00e1 de una operaci\u00f3n. Lo mismo ocurri\u00f3 con\u00a0Leonardo Campana,\u00a0quien no se recuper\u00f3 de un golpe el pasado s\u00e1bado con su club, el Inter Miami de Estados Unidos. Por otra parte, la\u00a0sorpresa de la alineaci\u00f3n\u00a0fue la inclusi\u00f3n del central\u00a0Joel Ord\u00f3\u00f1ez\u00a0en la posici\u00f3n de\u00a0F\u00e9lix Torres, quien estaba\u00a0condicionado con una amarilla y pon\u00eda en riesgo su presencia en el partido frente a Colombia. Por \u00faltimo,\u00a0Pedro Vite\u00a0tambi\u00e9n debut\u00f3 como titular en Ecuador al ocupar la plaza de\u00a0Mois\u00e9s Caicedo,\u00a0quien s\u00ed estaba suspendido para esta fecha. \u00c1ngelo Preciado, Mois\u00e9s Caicedo, Leonardo Campana y F\u00e9lix Torres quedaron desacfectados para el partido contra Bolivia.\u00a0(Foto: Cortes\u00eda) DEBUT Y GOLEADORES Las\u00a0cuatro anotaciones de Ecuador\u00a0frente a Bolivia forman parte de las\u00a0estad\u00edsticas para los jugadores y la selecci\u00f3n. En el caso de\u00a0Enner Valencia, quien abri\u00f3 el marcador a los 26 minutos desde el\u00a0punto penalti,\u00a0signific\u00f3 su gol 43 con la camiseta tricolor. Dos minutos despu\u00e9s,\u00a0Gonzalo Plata\u00a0marc\u00f3 el\u00a0primero de sus dos goles en el partido, con lo que logr\u00f3 su\u00a0primer doblete\u00a0con \u201cLa Tri\u201d. Finalmente,\u00a0Alan Minda\u00a0debut\u00f3 de titular con Ecuador por eliminatorias despu\u00e9s de haberlo hecho en la Copa Am\u00e9rica Estados Unidos 2024. En esta fecha de eliminatorias,\u00a0Ecuador se consolid\u00f3 como la defensa menos goleada (cuatro goles en contra)\u00a0y suma 10 goles a favor. FORTALEZA PORTE\u00d1A Dos a\u00f1os despu\u00e9s de disputar un partido por\u00a0eliminatorias sudamericanas\u00a0como\u00a0local\u00a0en\u00a0Guayaquil, Ecuador consolida esta sede con\u00a0buenos resultados. El encuentro frente a Bolivia fue el n\u00famero\u00a020\u00a0en el que la \u00abLa Tri\u00bb hizo de Guayaquil su\u00a0local\u00eda. En total ha conseguido\u00a0siete victorias, ocho empates y solo cinco derrotas. Desde 1990, Ecuador juega en el\u00a0Estadio Monumental\u00a0cuando hace de local en Guayaquil. All\u00ed el historial es m\u00e1s favorable. En ese reducto, \u00abLa Tri\u00bb ha disputado\u00a0nueve encuentros\u00a0y se ha llevado la victoria por cinco ocasiones. Curiosamente,\u00a0Bolivia\u00a0es el rival al que m\u00e1s veces ha vencido (3) en el Puerto Principal. Lea tambi\u00e9n:\u00a0Este es el historial de Ecuador frente a Bolivia jugando en Guayaquil Partidos jugados\u00a0en Guayaquil por eliminatorias:\u00a020 (11 en el Estadio Modelo y 9 en el Estadio Monumental) Victorias de Ecuador\u00a0en Guayaquil por eliminatorias:\u00a07 (2 en el Estadio Modelo y 5 en el Estadio Monumental) Empates de Ecuador\u00a0en Guayaquil por eliminatorias:\u00a08 (5 en el Estadio Modelo y 3 en el Estadio Monumental) Derrotas de Ecuador\u00a0en Guayaquil por eliminatorias:\u00a05 (4 en el Estadio Modelo y 1 en el Estadio Monumental) Gol diferencia de Ecuador en Guayaquil por eliminatorias:\u00a0+8 (28 goles a favor y 20 goles en contra) POSICIONES Y CUPOS UBICACI\u00d3N | SELECCI\u00d3N | PUNTOS | PARTIDOS JUGADOS | GOL DIFERENCIA 1.- Argentina | 22 puntos | 11 PJ | +13 GD 2.- Colombia | 19 puntos | 10 PJ | +19 GD 3.- Brasil | 17 puntos | 11 PJ | +17 GD 4.- Uruguay | 16 puntos | 10 PJ | +16 GD 5.- Ecuador | 16 puntos | 11 PJ | +6 GD 6.- Paraguay | 16 puntos | 11 PJ | +1 GD 7.- Venezuela | 12 puntos | 11 PJ | -2 GD 8.- Bolivia | 12 puntos | 11 PJ | -14 GD 9.- Per\u00fa | 6 puntos | 10 PJ | -11 GD 10.- Chile | 5 puntos | 10 PJ | -13 GD Desde la posici\u00f3n\u00a01 al 6 clasifican directo\u00a0a la Copa Mundial de la FIFA Estados Unidos, M\u00e9xico y Canad\u00e1 2026. El\u00a0s\u00e9ptimo (7mo) lugar clasifica al repechaje. Desde la ubicaci\u00f3n\u00a08 a la 10 quedan eliminados.<\/p>\n","protected":false},"author":1,"featured_media":20119,"comment_status":"open","ping_status":"open","sticky":false,"template":"","format":"standard","meta":{"footnotes":""},"categories":[6,268],"tags":[],"class_list":["post-20117","post","type-post","status-publish","format-standard","has-post-thumbnail","hentry","category-deportes","category-nacionales"],"_links":{"self":[{"href":"https:\/\/www.elamazonico.com\/portal\/wp-json\/wp\/v2\/posts\/20117","targetHints":{"allow":["GET"]}}],"collection":[{"href":"https:\/\/www.elamazonico.com\/portal\/wp-json\/wp\/v2\/posts"}],"about":[{"href":"https:\/\/www.elamazonico.com\/portal\/wp-json\/wp\/v2\/types\/post"}],"author":[{"embeddable":true,"href":"https:\/\/www.elamazonico.com\/portal\/wp-json\/wp\/v2\/users\/1"}],"replies":[{"embeddable":true,"href":"https:\/\/www.elamazonico.com\/portal\/wp-json\/wp\/v2\/comments?post=20117"}],"version-history":[{"count":1,"href":"https:\/\/www.elamazonico.com\/portal\/wp-json\/wp\/v2\/posts\/20117\/revisions"}],"predecessor-version":[{"id":20118,"href":"https:\/\/www.elamazonico.com\/portal\/wp-json\/wp\/v2\/posts\/20117\/revisions\/20118"}],"wp:featuredmedia":[{"embeddable":true,"href":"https:\/\/www.elamazonico.com\/portal\/wp-json\/wp\/v2\/media\/20119"}],"wp:attachment":[{"href":"https:\/\/www.elamazonico.com\/portal\/wp-json\/wp\/v2\/media?parent=20117"}],"wp:term":[{"taxonomy":"category","embeddable":true,"href":"https:\/\/www.elamazonico.com\/portal\/wp-json\/wp\/v2\/categories?post=20117"},{"taxonomy":"post_tag","embeddable":true,"href":"https:\/\/www.elamazonico.com\/portal\/wp-json\/wp\/v2\/tags?post=20117"}],"curies":[{"name":"wp","href":"https:\/\/api.w.org\/{rel}","templated":true}]}}