{"id":20015,"date":"2024-11-11T16:47:49","date_gmt":"2024-11-11T21:47:49","guid":{"rendered":"https:\/\/www.elamazonico.com\/portal\/?p=20015"},"modified":"2024-11-11T16:47:49","modified_gmt":"2024-11-11T21:47:49","slug":"resignados-a-que-topic-no-sea-el-candidato-presidencial-suma-habilita-portal-para-buscar-su-reemplazo","status":"publish","type":"post","link":"https:\/\/www.elamazonico.com\/portal\/resignados-a-que-topic-no-sea-el-candidato-presidencial-suma-habilita-portal-para-buscar-su-reemplazo\/","title":{"rendered":"Resignados a que Topic no sea el candidato presidencial, SUMA habilita portal para buscar su reemplazo"},"content":{"rendered":"<p>Este 11 de noviembre de 2024, SUMA y Jan Topic admitieron su resignaci\u00f3n luego de que la candidatura del empresario fue descalificada por el TCE.<\/p>\n<p>En una rueda de prensa desde Quito, fue el propio Topic quien anunci\u00f3 que este mediod\u00eda la agrupaci\u00f3n pol\u00edtica habilitar\u00e1 una p\u00e1gina web, para que sean los ciudadanos los que propongan el nombre de potenciales aspirantes a la Presidencia de Ecuador.<\/p>\n<p>Seg\u00fan el l\u00edder de SUMA, Guillermo Celi, tendr\u00edan hasta el domingo para presentar el nombre del nuevo candidato de cara a las elecciones de febrero de 2025.<\/p>\n<p>Para que eso suceda, ingresar\u00e1n un recurso de aclaraci\u00f3n y ampliaci\u00f3n a la decisi\u00f3n adoptada, la noche del 10 de noviembre, por los jueces del Tribunal Contencioso Electoral (TCE) que dej\u00f3 a Topic fuera de la carrera electoral.<\/p>\n<p>\u00bfQu\u00e9 requisitos debe cumplir el candidato que busca SUMA? El nuevo aspirante de SUMA, seg\u00fan mencion\u00f3 Topic, deber\u00e1 ser hombre, dado que ya existe una candidata a la Vicepresidencia en firme, Michelle Calvache.<\/p>\n<p>Tambi\u00e9n Topic se\u00f1al\u00f3 que deber\u00eda ser una persona \u00abincorruptible y tener buenos antecedentes de que algo positivo hizo en los cargos p\u00fablicos o privados que haya ocupado en el pasado\u00bb.<\/p>\n<p>Seg\u00fan los c\u00e1lculos de SUMA, las postulaciones se receptar\u00e1n hasta el pr\u00f3ximo 14 de noviembre. Y entre el viernes 15 y el domingo 17 de noviembre, habr\u00e1 una suerte de votaci\u00f3n interna en el partido.<\/p>\n<p>Luego, esperan que, para ese d\u00eda la decisi\u00f3n del TCE est\u00e9 en firme y el Consejo Nacional Electoral (CNE) notifique a SUMA que deben reemplazar la precandidatura<\/p>\n<p><strong>\u00bfQu\u00e9 hara Topic tras su descalificaci\u00f3n?\u00a0<\/strong><br \/>\nAunque SUMA quiere pasar la p\u00e1gina con respecto al candidato a la Presidencia, ni el partido ni Topic est\u00e1n dispuestos a olvidar la decisi\u00f3n de los jueces del TCE Ivonne Coloma, Guillermo Ortega, Joaqu\u00edn Viteri y, el proponente de la sentencia, \u00c1ngel Torres.<\/p>\n<p>Topic anunci\u00f3 que los denunciar\u00e1 penalmente por presunto prevaricato. Dijo que su candidatura se la \u201cbajaron\u201d con supuestos.<\/p>\n<blockquote><p>\u201cEst\u00e1 mal en este pa\u00eds que tantos actores pol\u00edticos act\u00faen como que no hay consecuencias de sus actos\u201d.\u00a0 <strong>Jan Topic, excandidato de SUMA<\/strong><br \/>\nTopic agreg\u00f3 que, si bien la agrupaci\u00f3n pol\u00edtica elegir\u00e1 un nuevo aspirante, su lucha no concluye con la decisi\u00f3n de los jueces electorales y que agotar\u00e1 todas las instancias internas, para llevar su caso a foros internacionales.<\/p><\/blockquote>\n","protected":false},"excerpt":{"rendered":"<p>Este 11 de noviembre de 2024, SUMA y Jan Topic admitieron su resignaci\u00f3n luego de que la candidatura del empresario fue descalificada por el TCE. En una rueda de prensa desde Quito, fue el propio Topic quien anunci\u00f3 que este mediod\u00eda la agrupaci\u00f3n pol\u00edtica habilitar\u00e1 una p\u00e1gina web, para que sean los ciudadanos los que propongan el nombre de potenciales aspirantes a la Presidencia de Ecuador. Seg\u00fan el l\u00edder de SUMA, Guillermo Celi, tendr\u00edan hasta el domingo para presentar el nombre del nuevo candidato de cara a las elecciones de febrero de 2025. Para que eso suceda, ingresar\u00e1n un recurso de aclaraci\u00f3n y ampliaci\u00f3n a la decisi\u00f3n adoptada, la noche del 10 de noviembre, por los jueces del Tribunal Contencioso Electoral (TCE) que dej\u00f3 a Topic fuera de la carrera electoral. \u00bfQu\u00e9 requisitos debe cumplir el candidato que busca SUMA? El nuevo aspirante de SUMA, seg\u00fan mencion\u00f3 Topic, deber\u00e1 ser hombre, dado que ya existe una candidata a la Vicepresidencia en firme, Michelle Calvache. Tambi\u00e9n Topic se\u00f1al\u00f3 que deber\u00eda ser una persona \u00abincorruptible y tener buenos antecedentes de que algo positivo hizo en los cargos p\u00fablicos o privados que haya ocupado en el pasado\u00bb. Seg\u00fan los c\u00e1lculos de SUMA, las postulaciones se receptar\u00e1n hasta el pr\u00f3ximo 14 de noviembre. Y entre el viernes 15 y el domingo 17 de noviembre, habr\u00e1 una suerte de votaci\u00f3n interna en el partido. Luego, esperan que, para ese d\u00eda la decisi\u00f3n del TCE est\u00e9 en firme y el Consejo Nacional Electoral (CNE) notifique a SUMA que deben reemplazar la precandidatura \u00bfQu\u00e9 hara Topic tras su descalificaci\u00f3n?\u00a0 Aunque SUMA quiere pasar la p\u00e1gina con respecto al candidato a la Presidencia, ni el partido ni Topic est\u00e1n dispuestos a olvidar la decisi\u00f3n de los jueces del TCE Ivonne Coloma, Guillermo Ortega, Joaqu\u00edn Viteri y, el proponente de la sentencia, \u00c1ngel Torres. Topic anunci\u00f3 que los denunciar\u00e1 penalmente por presunto prevaricato. Dijo que su candidatura se la \u201cbajaron\u201d con supuestos. \u201cEst\u00e1 mal en este pa\u00eds que tantos actores pol\u00edticos act\u00faen como que no hay consecuencias de sus actos\u201d.\u00a0 Jan Topic, excandidato de SUMA Topic agreg\u00f3 que, si bien la agrupaci\u00f3n pol\u00edtica elegir\u00e1 un nuevo aspirante, su lucha no concluye con la decisi\u00f3n de los jueces electorales y que agotar\u00e1 todas las instancias internas, para llevar su caso a foros internacionales.<\/p>\n","protected":false},"author":1,"featured_media":20016,"comment_status":"open","ping_status":"open","sticky":false,"template":"","format":"standard","meta":{"footnotes":""},"categories":[268],"tags":[],"class_list":["post-20015","post","type-post","status-publish","format-standard","has-post-thumbnail","hentry","category-nacionales"],"_links":{"self":[{"href":"https:\/\/www.elamazonico.com\/portal\/wp-json\/wp\/v2\/posts\/20015","targetHints":{"allow":["GET"]}}],"collection":[{"href":"https:\/\/www.elamazonico.com\/portal\/wp-json\/wp\/v2\/posts"}],"about":[{"href":"https:\/\/www.elamazonico.com\/portal\/wp-json\/wp\/v2\/types\/post"}],"author":[{"embeddable":true,"href":"https:\/\/www.elamazonico.com\/portal\/wp-json\/wp\/v2\/users\/1"}],"replies":[{"embeddable":true,"href":"https:\/\/www.elamazonico.com\/portal\/wp-json\/wp\/v2\/comments?post=20015"}],"version-history":[{"count":1,"href":"https:\/\/www.elamazonico.com\/portal\/wp-json\/wp\/v2\/posts\/20015\/revisions"}],"predecessor-version":[{"id":20017,"href":"https:\/\/www.elamazonico.com\/portal\/wp-json\/wp\/v2\/posts\/20015\/revisions\/20017"}],"wp:featuredmedia":[{"embeddable":true,"href":"https:\/\/www.elamazonico.com\/portal\/wp-json\/wp\/v2\/media\/20016"}],"wp:attachment":[{"href":"https:\/\/www.elamazonico.com\/portal\/wp-json\/wp\/v2\/media?parent=20015"}],"wp:term":[{"taxonomy":"category","embeddable":true,"href":"https:\/\/www.elamazonico.com\/portal\/wp-json\/wp\/v2\/categories?post=20015"},{"taxonomy":"post_tag","embeddable":true,"href":"https:\/\/www.elamazonico.com\/portal\/wp-json\/wp\/v2\/tags?post=20015"}],"curies":[{"name":"wp","href":"https:\/\/api.w.org\/{rel}","templated":true}]}}