{"id":19937,"date":"2024-11-04T10:44:48","date_gmt":"2024-11-04T15:44:48","guid":{"rendered":"https:\/\/www.elamazonico.com\/portal\/?p=19937"},"modified":"2024-11-04T10:44:48","modified_gmt":"2024-11-04T15:44:48","slug":"lanzan-lodo-a-los-reyes-de-espana-durante-su-visita-a-valencia-tras-la-dana","status":"publish","type":"post","link":"https:\/\/www.elamazonico.com\/portal\/lanzan-lodo-a-los-reyes-de-espana-durante-su-visita-a-valencia-tras-la-dana\/","title":{"rendered":"Lanzan lodo a los Reyes de Espa\u00f1a durante su visita a Valencia tras la DANA"},"content":{"rendered":"<p><strong>La reciente visita de los Reyes de Espa\u00f1a a Paiporta<\/strong>, una de las zonas devastadas por la\u00a0<strong>Depresi\u00f3n Aislada en Niveles Altos (DANA)<\/strong>, se torn\u00f3 ca\u00f3tica cuando algunos vecinos, furiosos por la falta de apoyo,\u00a0<strong>lanzaron lodo\u00a0a la Reina Letizia y al Rey Felipe VI<\/strong>.<\/p>\n<div class=\"google-auto-placed ap_container\"><ins class=\"adsbygoogle adsbygoogle-noablate\" data-ad-format=\"auto\" data-ad-client=\"ca-pub-4257119852434871\" data-adsbygoogle-status=\"done\" data-ad-status=\"unfilled\"><\/p>\n<div id=\"aswift_3_host\"><strong>Al llegar al lugar<\/strong>, los monarcas, junto al presidente Pedro S\u00e1nchez y el presidente de la Generalitat, Carlos Maz\u00f3n, enfrentaron\u00a0<strong>fuertes abucheos<\/strong>, gritos de\u00a0<strong>\u00ab\u00a1A ti no te falta de nada!\u00bb,<\/strong>\u00a0<strong>\u00ab\u00a1Fuera!\u00bb<\/strong>\u00a0y\u00a0<strong>\u00abAsesino\u00bb\u00a0<\/strong>por parte de la multitud.<\/div>\n<p><\/ins><\/div>\n<p><strong>En medio del tumulto<\/strong>, Letizia termin\u00f3 con\u00a0<strong>barro en el rostro y en sus manos<\/strong>.<\/p>\n<div class=\"twitter-tweet twitter-tweet-rendered\"><iframe id=\"twitter-widget-1\" class=\"\" title=\"X Post\" src=\"https:\/\/platform.twitter.com\/embed\/Tweet.html?creatorScreenName=el_telegrafo&amp;dnt=false&amp;embedId=twitter-widget-1&amp;features=eyJ0ZndfdGltZWxpbmVfbGlzdCI6eyJidWNrZXQiOltdLCJ2ZXJzaW9uIjpudWxsfSwidGZ3X2ZvbGxvd2VyX2NvdW50X3N1bnNldCI6eyJidWNrZXQiOnRydWUsInZlcnNpb24iOm51bGx9LCJ0ZndfdHdlZXRfZWRpdF9iYWNrZW5kIjp7ImJ1Y2tldCI6Im9uIiwidmVyc2lvbiI6bnVsbH0sInRmd19yZWZzcmNfc2Vzc2lvbiI6eyJidWNrZXQiOiJvbiIsInZlcnNpb24iOm51bGx9LCJ0ZndfZm9zbnJfc29mdF9pbnRlcnZlbnRpb25zX2VuYWJsZWQiOnsiYnVja2V0Ijoib24iLCJ2ZXJzaW9uIjpudWxsfSwidGZ3X21peGVkX21lZGlhXzE1ODk3Ijp7ImJ1Y2tldCI6InRyZWF0bWVudCIsInZlcnNpb24iOm51bGx9LCJ0ZndfZXhwZXJpbWVudHNfY29va2llX2V4cGlyYXRpb24iOnsiYnVja2V0IjoxMjA5NjAwLCJ2ZXJzaW9uIjpudWxsfSwidGZ3X3Nob3dfYmlyZHdhdGNoX3Bpdm90c19lbmFibGVkIjp7ImJ1Y2tldCI6Im9uIiwidmVyc2lvbiI6bnVsbH0sInRmd19kdXBsaWNhdGVfc2NyaWJlc190b19zZXR0aW5ncyI6eyJidWNrZXQiOiJvbiIsInZlcnNpb24iOm51bGx9LCJ0ZndfdXNlX3Byb2ZpbGVfaW1hZ2Vfc2hhcGVfZW5hYmxlZCI6eyJidWNrZXQiOiJvbiIsInZlcnNpb24iOm51bGx9LCJ0ZndfdmlkZW9faGxzX2R5bmFtaWNfbWFuaWZlc3RzXzE1MDgyIjp7ImJ1Y2tldCI6InRydWVfYml0cmF0ZSIsInZlcnNpb24iOm51bGx9LCJ0ZndfbGVnYWN5X3RpbWVsaW5lX3N1bnNldCI6eyJidWNrZXQiOnRydWUsInZlcnNpb24iOm51bGx9LCJ0ZndfdHdlZXRfZWRpdF9mcm9udGVuZCI6eyJidWNrZXQiOiJvbiIsInZlcnNpb24iOm51bGx9fQ%3D%3D&amp;frame=false&amp;hideCard=false&amp;hideThread=false&amp;id=1853060442362442066&amp;lang=es&amp;origin=https%3A%2F%2Fwww.eltelegrafo.com.ec%2Finternacionales%2Finternacionales%2F8%2Flanzan-lodo-a-los-reyes-de-espana-durante-su-visita-a-valencia-tras-la-dana&amp;sessionId=1f2d724d4066b02225bf1e315a95bf1afdbaf324&amp;siteScreenName=el_telegrafo&amp;theme=light&amp;widgetsVersion=2615f7e52b7e0%3A1702314776716&amp;width=550px\" frameborder=\"0\" scrolling=\"no\" allowfullscreen=\"allowfullscreen\" data-tweet-id=\"1853060442362442066\" data-mce-fragment=\"1\"><\/iframe><\/div>\n<p>La\u00a0<strong>tensi\u00f3n escal\u00f3<\/strong>\u00a0cuando varios habitantes de Paiporta arremetieron contra el\u00a0<strong>coche de S\u00e1nchez<\/strong>, que result\u00f3 da\u00f1ado al intentar salir del \u00e1rea.<\/p>\n<div class=\"google-auto-placed ap_container\"><ins class=\"adsbygoogle adsbygoogle-noablate\" data-ad-format=\"auto\" data-ad-client=\"ca-pub-4257119852434871\" data-adsbygoogle-status=\"done\" data-ad-status=\"unfilled\"><\/p>\n<div id=\"aswift_5_host\">La situaci\u00f3n fue tan intensa que la comitiva decidi\u00f3 <strong>aplazar una visita adicional a Chiva<\/strong>, otra ciudad afectada, para evitar incidentes mayores.<\/div>\n<p><\/ins><\/div>\n<div class=\"twitter-tweet twitter-tweet-rendered\"><iframe id=\"twitter-widget-2\" class=\"\" title=\"X Post\" src=\"https:\/\/platform.twitter.com\/embed\/Tweet.html?creatorScreenName=el_telegrafo&amp;dnt=false&amp;embedId=twitter-widget-2&amp;features=eyJ0ZndfdGltZWxpbmVfbGlzdCI6eyJidWNrZXQiOltdLCJ2ZXJzaW9uIjpudWxsfSwidGZ3X2ZvbGxvd2VyX2NvdW50X3N1bnNldCI6eyJidWNrZXQiOnRydWUsInZlcnNpb24iOm51bGx9LCJ0ZndfdHdlZXRfZWRpdF9iYWNrZW5kIjp7ImJ1Y2tldCI6Im9uIiwidmVyc2lvbiI6bnVsbH0sInRmd19yZWZzcmNfc2Vzc2lvbiI6eyJidWNrZXQiOiJvbiIsInZlcnNpb24iOm51bGx9LCJ0ZndfZm9zbnJfc29mdF9pbnRlcnZlbnRpb25zX2VuYWJsZWQiOnsiYnVja2V0Ijoib24iLCJ2ZXJzaW9uIjpudWxsfSwidGZ3X21peGVkX21lZGlhXzE1ODk3Ijp7ImJ1Y2tldCI6InRyZWF0bWVudCIsInZlcnNpb24iOm51bGx9LCJ0ZndfZXhwZXJpbWVudHNfY29va2llX2V4cGlyYXRpb24iOnsiYnVja2V0IjoxMjA5NjAwLCJ2ZXJzaW9uIjpudWxsfSwidGZ3X3Nob3dfYmlyZHdhdGNoX3Bpdm90c19lbmFibGVkIjp7ImJ1Y2tldCI6Im9uIiwidmVyc2lvbiI6bnVsbH0sInRmd19kdXBsaWNhdGVfc2NyaWJlc190b19zZXR0aW5ncyI6eyJidWNrZXQiOiJvbiIsInZlcnNpb24iOm51bGx9LCJ0ZndfdXNlX3Byb2ZpbGVfaW1hZ2Vfc2hhcGVfZW5hYmxlZCI6eyJidWNrZXQiOiJvbiIsInZlcnNpb24iOm51bGx9LCJ0ZndfdmlkZW9faGxzX2R5bmFtaWNfbWFuaWZlc3RzXzE1MDgyIjp7ImJ1Y2tldCI6InRydWVfYml0cmF0ZSIsInZlcnNpb24iOm51bGx9LCJ0ZndfbGVnYWN5X3RpbWVsaW5lX3N1bnNldCI6eyJidWNrZXQiOnRydWUsInZlcnNpb24iOm51bGx9LCJ0ZndfdHdlZXRfZWRpdF9mcm9udGVuZCI6eyJidWNrZXQiOiJvbiIsInZlcnNpb24iOm51bGx9fQ%3D%3D&amp;frame=false&amp;hideCard=false&amp;hideThread=false&amp;id=1853077114251059636&amp;lang=es&amp;origin=https%3A%2F%2Fwww.eltelegrafo.com.ec%2Finternacionales%2Finternacionales%2F8%2Flanzan-lodo-a-los-reyes-de-espana-durante-su-visita-a-valencia-tras-la-dana&amp;sessionId=1f2d724d4066b02225bf1e315a95bf1afdbaf324&amp;siteScreenName=el_telegrafo&amp;theme=light&amp;widgetsVersion=2615f7e52b7e0%3A1702314776716&amp;width=550px\" frameborder=\"0\" scrolling=\"no\" allowfullscreen=\"allowfullscreen\" data-tweet-id=\"1853077114251059636\" data-mce-fragment=\"1\"><\/iframe><\/div>\n<p>La\u00a0<strong>DANA, tambi\u00e9n conocida como \u00abgota fr\u00eda\u00bb<\/strong>, provoc\u00f3 un saldo tr\u00e1gico de\u00a0<strong>217 muertos en la provincia de Valencia<\/strong>.<\/p>\n<p>Las\u00a0<strong>intensas lluvias y las inundaciones<\/strong>\u00a0atraparon a personas en centros comerciales, tejados y veh\u00edculos.<\/p>\n<p>A pesar de la intenci\u00f3n de los Reyes de\u00a0<strong>solidarizarse con los damnificados y escuchar sus necesidades<\/strong>, muchos en la comunidad expresaron\u00a0<strong>frustraci\u00f3n por la gesti\u00f3n de la crisis<\/strong>, exigiendo\u00a0<strong>mayor atenci\u00f3n y recursos<\/strong>. <strong>Fuente: El Tel\u00e9grafo<\/strong><\/p>\n","protected":false},"excerpt":{"rendered":"<p>La reciente visita de los Reyes de Espa\u00f1a a Paiporta, una de las zonas devastadas por la\u00a0Depresi\u00f3n Aislada en Niveles Altos (DANA), se torn\u00f3 ca\u00f3tica cuando algunos vecinos, furiosos por la falta de apoyo,\u00a0lanzaron lodo\u00a0a la Reina Letizia y al Rey Felipe VI. Al llegar al lugar, los monarcas, junto al presidente Pedro S\u00e1nchez y el presidente de la Generalitat, Carlos Maz\u00f3n, enfrentaron\u00a0fuertes abucheos, gritos de\u00a0\u00ab\u00a1A ti no te falta de nada!\u00bb,\u00a0\u00ab\u00a1Fuera!\u00bb\u00a0y\u00a0\u00abAsesino\u00bb\u00a0por parte de la multitud. En medio del tumulto, Letizia termin\u00f3 con\u00a0barro en el rostro y en sus manos. La\u00a0tensi\u00f3n escal\u00f3\u00a0cuando varios habitantes de Paiporta arremetieron contra el\u00a0coche de S\u00e1nchez, que result\u00f3 da\u00f1ado al intentar salir del \u00e1rea. La situaci\u00f3n fue tan intensa que la comitiva decidi\u00f3 aplazar una visita adicional a Chiva, otra ciudad afectada, para evitar incidentes mayores. La\u00a0DANA, tambi\u00e9n conocida como \u00abgota fr\u00eda\u00bb, provoc\u00f3 un saldo tr\u00e1gico de\u00a0217 muertos en la provincia de Valencia. Las\u00a0intensas lluvias y las inundaciones\u00a0atraparon a personas en centros comerciales, tejados y veh\u00edculos. A pesar de la intenci\u00f3n de los Reyes de\u00a0solidarizarse con los damnificados y escuchar sus necesidades, muchos en la comunidad expresaron\u00a0frustraci\u00f3n por la gesti\u00f3n de la crisis, exigiendo\u00a0mayor atenci\u00f3n y recursos. Fuente: El Tel\u00e9grafo<\/p>\n","protected":false},"author":1,"featured_media":19938,"comment_status":"open","ping_status":"open","sticky":false,"template":"","format":"standard","meta":{"footnotes":""},"categories":[5],"tags":[],"class_list":["post-19937","post","type-post","status-publish","format-standard","has-post-thumbnail","hentry","category-internacionales"],"_links":{"self":[{"href":"https:\/\/www.elamazonico.com\/portal\/wp-json\/wp\/v2\/posts\/19937","targetHints":{"allow":["GET"]}}],"collection":[{"href":"https:\/\/www.elamazonico.com\/portal\/wp-json\/wp\/v2\/posts"}],"about":[{"href":"https:\/\/www.elamazonico.com\/portal\/wp-json\/wp\/v2\/types\/post"}],"author":[{"embeddable":true,"href":"https:\/\/www.elamazonico.com\/portal\/wp-json\/wp\/v2\/users\/1"}],"replies":[{"embeddable":true,"href":"https:\/\/www.elamazonico.com\/portal\/wp-json\/wp\/v2\/comments?post=19937"}],"version-history":[{"count":1,"href":"https:\/\/www.elamazonico.com\/portal\/wp-json\/wp\/v2\/posts\/19937\/revisions"}],"predecessor-version":[{"id":19939,"href":"https:\/\/www.elamazonico.com\/portal\/wp-json\/wp\/v2\/posts\/19937\/revisions\/19939"}],"wp:featuredmedia":[{"embeddable":true,"href":"https:\/\/www.elamazonico.com\/portal\/wp-json\/wp\/v2\/media\/19938"}],"wp:attachment":[{"href":"https:\/\/www.elamazonico.com\/portal\/wp-json\/wp\/v2\/media?parent=19937"}],"wp:term":[{"taxonomy":"category","embeddable":true,"href":"https:\/\/www.elamazonico.com\/portal\/wp-json\/wp\/v2\/categories?post=19937"},{"taxonomy":"post_tag","embeddable":true,"href":"https:\/\/www.elamazonico.com\/portal\/wp-json\/wp\/v2\/tags?post=19937"}],"curies":[{"name":"wp","href":"https:\/\/api.w.org\/{rel}","templated":true}]}}