{"id":19872,"date":"2024-11-01T19:42:29","date_gmt":"2024-11-02T00:42:29","guid":{"rendered":"https:\/\/www.elamazonico.com\/portal\/?p=19872"},"modified":"2024-11-01T19:51:55","modified_gmt":"2024-11-02T00:51:55","slug":"neymar-le-dedico-carinosas-palabras-a-gonzalo-plata-que-llego-como-estrella-a-flamengo","status":"publish","type":"post","link":"https:\/\/www.elamazonico.com\/portal\/neymar-le-dedico-carinosas-palabras-a-gonzalo-plata-que-llego-como-estrella-a-flamengo\/","title":{"rendered":"\u00a1Neymar le dedic\u00f3 cari\u00f1osas palabras a Gonzalo Plata que lleg\u00f3 como Estrella a Flamengo!"},"content":{"rendered":"<section class=\"bg-white\">\n<h2 class=\"text-subtitle q-pa-md\">Se viralizan las palabras del 10 de Brasil para el crack de Ecuador por su cumplea\u00f1os, luego de que marcara un golazo en el Maracan\u00e1<\/h2>\n<\/section>\n<section class=\"column no-wrap\">\n<div id=\"lead-content\" class=\"text-body bg-white q-px-md q-py-sm\">\n<p>Pocos d\u00edas despu\u00e9s de que celebrar su primer gol oficial con el poderoso Clube de Regatas do Flamengo,\u00a0<strong><a href=\"https:\/\/www.futbolecuador.com\/categoria\/en-el-exterior\" target=\"_self\" rel=\"noopener\">Gonzalo Plata<\/a><\/strong>\u00a0recibi\u00f3 una cari\u00f1osa dedicatoria por parte de nada m\u00e1s y nada menos que Neymar Junior, en el d\u00eda de su cumplea\u00f1os 24.<\/p>\n<\/div>\n<div id=\"body-content\" class=\"text-body relative-position bg-white q-px-md q-py-sm\">\n<p>Es considerado el mejor jugador brasilero de la \u00faltima d\u00e9cada y ya habiendo regresado a las cachas con el Al Hilal de Arabia Saudita tras permanecer cerca de un a\u00f1o en recuperaci\u00f3n por una compleja lesi\u00f3n de rodilla, Neymar Junior se dirigi\u00f3 al crack guayaquile\u00f1o en este 1 de noviembre en el que celebra su cumplea\u00f1os 24.<\/p>\n<p>\u00abHola Gonzalo Plata, feliz cumple. Dios te bendiga, mucha suerte en tu carrera. Que seas muy feliz. Disfruta tu d\u00eda, un abrazo, chao\u00bb, le manifest\u00f3 el 10 de Brasil de 32 a\u00f1os a Gonzalo Plata, quien apenas el s\u00e1bado pasado tuvo la oportunidad de anotar su primer gol con Flamengo, definiendo con categor\u00eda para poner la cuarta de su equipo en el 4&#215;2 sobre el Juventude de Ronie Carrillo. <strong>Fuente: Futbolecuador<\/strong><\/p>\n<\/div>\n<\/section>\n","protected":false},"excerpt":{"rendered":"<p>Se viralizan las palabras del 10 de Brasil para el crack de Ecuador por su cumplea\u00f1os, luego de que marcara un golazo en el Maracan\u00e1 Pocos d\u00edas despu\u00e9s de que celebrar su primer gol oficial con el poderoso Clube de Regatas do Flamengo,\u00a0Gonzalo Plata\u00a0recibi\u00f3 una cari\u00f1osa dedicatoria por parte de nada m\u00e1s y nada menos que Neymar Junior, en el d\u00eda de su cumplea\u00f1os 24. Es considerado el mejor jugador brasilero de la \u00faltima d\u00e9cada y ya habiendo regresado a las cachas con el Al Hilal de Arabia Saudita tras permanecer cerca de un a\u00f1o en recuperaci\u00f3n por una compleja lesi\u00f3n de rodilla, Neymar Junior se dirigi\u00f3 al crack guayaquile\u00f1o en este 1 de noviembre en el que celebra su cumplea\u00f1os 24. \u00abHola Gonzalo Plata, feliz cumple. Dios te bendiga, mucha suerte en tu carrera. Que seas muy feliz. Disfruta tu d\u00eda, un abrazo, chao\u00bb, le manifest\u00f3 el 10 de Brasil de 32 a\u00f1os a Gonzalo Plata, quien apenas el s\u00e1bado pasado tuvo la oportunidad de anotar su primer gol con Flamengo, definiendo con categor\u00eda para poner la cuarta de su equipo en el 4&#215;2 sobre el Juventude de Ronie Carrillo. Fuente: Futbolecuador<\/p>\n","protected":false},"author":1,"featured_media":19873,"comment_status":"open","ping_status":"open","sticky":false,"template":"","format":"standard","meta":{"footnotes":""},"categories":[6],"tags":[],"class_list":["post-19872","post","type-post","status-publish","format-standard","has-post-thumbnail","hentry","category-deportes"],"_links":{"self":[{"href":"https:\/\/www.elamazonico.com\/portal\/wp-json\/wp\/v2\/posts\/19872","targetHints":{"allow":["GET"]}}],"collection":[{"href":"https:\/\/www.elamazonico.com\/portal\/wp-json\/wp\/v2\/posts"}],"about":[{"href":"https:\/\/www.elamazonico.com\/portal\/wp-json\/wp\/v2\/types\/post"}],"author":[{"embeddable":true,"href":"https:\/\/www.elamazonico.com\/portal\/wp-json\/wp\/v2\/users\/1"}],"replies":[{"embeddable":true,"href":"https:\/\/www.elamazonico.com\/portal\/wp-json\/wp\/v2\/comments?post=19872"}],"version-history":[{"count":1,"href":"https:\/\/www.elamazonico.com\/portal\/wp-json\/wp\/v2\/posts\/19872\/revisions"}],"predecessor-version":[{"id":19874,"href":"https:\/\/www.elamazonico.com\/portal\/wp-json\/wp\/v2\/posts\/19872\/revisions\/19874"}],"wp:featuredmedia":[{"embeddable":true,"href":"https:\/\/www.elamazonico.com\/portal\/wp-json\/wp\/v2\/media\/19873"}],"wp:attachment":[{"href":"https:\/\/www.elamazonico.com\/portal\/wp-json\/wp\/v2\/media?parent=19872"}],"wp:term":[{"taxonomy":"category","embeddable":true,"href":"https:\/\/www.elamazonico.com\/portal\/wp-json\/wp\/v2\/categories?post=19872"},{"taxonomy":"post_tag","embeddable":true,"href":"https:\/\/www.elamazonico.com\/portal\/wp-json\/wp\/v2\/tags?post=19872"}],"curies":[{"name":"wp","href":"https:\/\/api.w.org\/{rel}","templated":true}]}}