{"id":19868,"date":"2024-11-01T19:37:46","date_gmt":"2024-11-02T00:37:46","guid":{"rendered":"https:\/\/www.elamazonico.com\/portal\/?p=19868"},"modified":"2024-11-01T19:52:13","modified_gmt":"2024-11-02T00:52:13","slug":"sera-que-pueden-un-euforico-marco-pazos-reta-al-hincha-de-el-nacional-a-llenar-el-estadio","status":"publish","type":"post","link":"https:\/\/www.elamazonico.com\/portal\/sera-que-pueden-un-euforico-marco-pazos-reta-al-hincha-de-el-nacional-a-llenar-el-estadio\/","title":{"rendered":"\u00bfSer\u00e1 que pueden? Un euf\u00f3rico Marco Pazos reta al hincha de El Nacional a llenar el estadio"},"content":{"rendered":"<section class=\"bg-white\">\n<h2 class=\"text-subtitle q-pa-md\">\u00abYa cumplimos el objetivo de llegar a un torneo internacional, ahora vamos por el t\u00edtulo. Necesitamos un t\u00edtulo despu\u00e9s de 18 a\u00f1os\u201d<\/h2>\n<\/section>\n<section class=\"column no-wrap\">\n<div id=\"lead-content\" class=\"text-body bg-white q-px-md q-py-sm\">\n<p>Marco Pazos, presidente del Club Deportivo El Nacional y quien estuvo en el ojo del hurac\u00e1n por los reclamos de pago de sus jugadores, cambi\u00f3 el semblante luego de la clasificaci\u00f3n del equipo a la final de la Copa Ecuador, y por ende a la Copa Libertadores 2025.<\/p>\n<\/div>\n<div id=\"body-content\" class=\"text-body relative-position bg-white q-px-md q-py-sm\">\n<p>El sentimiento con la clasificaci\u00f3n. \u201cPara nosotros es un orgullo y felicidad. Tanto tiempo esperando esto. En nuestro primer a\u00f1o conseguir llegar a una final, estamos realmente contentos; con tanto problema y demanda\u201d.<\/p>\n<p>No se olvid\u00f3 de quienes reclaman sus pagos. \u201cAgradecerles a todos los muchachos y al personal administrativo, gracias a todos ellos se pasa estos momentos inolvidables\u201d.<\/p>\n<p>Finalmente, un reto para su hinchada. \u201cAhora a esperar la final, a llenar el estadio como antes. Hay gente que cree que no podemos, pero lo vamos a llenar. Ya cumplimos el objetivo de llegar a un torneo internacional, ahora vamos por el t\u00edtulo. Necesitamos un t\u00edtulo despu\u00e9s de 18 a\u00f1os\u201d. <strong>Fuente: Futbolecuador<\/strong><\/p>\n<\/div>\n<\/section>\n","protected":false},"excerpt":{"rendered":"<p>\u00abYa cumplimos el objetivo de llegar a un torneo internacional, ahora vamos por el t\u00edtulo. Necesitamos un t\u00edtulo despu\u00e9s de 18 a\u00f1os\u201d Marco Pazos, presidente del Club Deportivo El Nacional y quien estuvo en el ojo del hurac\u00e1n por los reclamos de pago de sus jugadores, cambi\u00f3 el semblante luego de la clasificaci\u00f3n del equipo a la final de la Copa Ecuador, y por ende a la Copa Libertadores 2025. El sentimiento con la clasificaci\u00f3n. \u201cPara nosotros es un orgullo y felicidad. Tanto tiempo esperando esto. En nuestro primer a\u00f1o conseguir llegar a una final, estamos realmente contentos; con tanto problema y demanda\u201d. No se olvid\u00f3 de quienes reclaman sus pagos. \u201cAgradecerles a todos los muchachos y al personal administrativo, gracias a todos ellos se pasa estos momentos inolvidables\u201d. Finalmente, un reto para su hinchada. \u201cAhora a esperar la final, a llenar el estadio como antes. Hay gente que cree que no podemos, pero lo vamos a llenar. Ya cumplimos el objetivo de llegar a un torneo internacional, ahora vamos por el t\u00edtulo. Necesitamos un t\u00edtulo despu\u00e9s de 18 a\u00f1os\u201d. Fuente: Futbolecuador<\/p>\n","protected":false},"author":1,"featured_media":19870,"comment_status":"open","ping_status":"open","sticky":false,"template":"","format":"standard","meta":{"footnotes":""},"categories":[6],"tags":[],"class_list":["post-19868","post","type-post","status-publish","format-standard","has-post-thumbnail","hentry","category-deportes"],"_links":{"self":[{"href":"https:\/\/www.elamazonico.com\/portal\/wp-json\/wp\/v2\/posts\/19868","targetHints":{"allow":["GET"]}}],"collection":[{"href":"https:\/\/www.elamazonico.com\/portal\/wp-json\/wp\/v2\/posts"}],"about":[{"href":"https:\/\/www.elamazonico.com\/portal\/wp-json\/wp\/v2\/types\/post"}],"author":[{"embeddable":true,"href":"https:\/\/www.elamazonico.com\/portal\/wp-json\/wp\/v2\/users\/1"}],"replies":[{"embeddable":true,"href":"https:\/\/www.elamazonico.com\/portal\/wp-json\/wp\/v2\/comments?post=19868"}],"version-history":[{"count":2,"href":"https:\/\/www.elamazonico.com\/portal\/wp-json\/wp\/v2\/posts\/19868\/revisions"}],"predecessor-version":[{"id":19871,"href":"https:\/\/www.elamazonico.com\/portal\/wp-json\/wp\/v2\/posts\/19868\/revisions\/19871"}],"wp:featuredmedia":[{"embeddable":true,"href":"https:\/\/www.elamazonico.com\/portal\/wp-json\/wp\/v2\/media\/19870"}],"wp:attachment":[{"href":"https:\/\/www.elamazonico.com\/portal\/wp-json\/wp\/v2\/media?parent=19868"}],"wp:term":[{"taxonomy":"category","embeddable":true,"href":"https:\/\/www.elamazonico.com\/portal\/wp-json\/wp\/v2\/categories?post=19868"},{"taxonomy":"post_tag","embeddable":true,"href":"https:\/\/www.elamazonico.com\/portal\/wp-json\/wp\/v2\/tags?post=19868"}],"curies":[{"name":"wp","href":"https:\/\/api.w.org\/{rel}","templated":true}]}}