{"id":19823,"date":"2024-10-30T09:47:32","date_gmt":"2024-10-30T14:47:32","guid":{"rendered":"https:\/\/www.elamazonico.com\/portal\/?p=19823"},"modified":"2024-10-30T09:47:32","modified_gmt":"2024-10-30T14:47:32","slug":"zamora-chinchipe-celebrara-el-encuentro-provincial-estudiantil-de-oratoria","status":"publish","type":"post","link":"https:\/\/www.elamazonico.com\/portal\/zamora-chinchipe-celebrara-el-encuentro-provincial-estudiantil-de-oratoria\/","title":{"rendered":"Zamora Chinchipe Celebrar\u00e1 el Encuentro Provincial Estudiantil de Oratoria"},"content":{"rendered":"<p data-sourcepos=\"5:1-5:373\">En conmemoraci\u00f3n de los 71 a\u00f1os de provincializaci\u00f3n, Zamora Chinchipe se prepara para vivir un emocionante Encuentro Provincial Estudiantil de Oratoria Intercantonal. Organizado por la Prefectura y la Casa de la Cultura Ecuatoriana \u201cBenjam\u00edn Carri\u00f3n\u201d, este evento busca fomentar el inter\u00e9s de los j\u00f3venes por la historia y el turismo de la provincia.<\/p>\n<p data-sourcepos=\"7:1-7:38\"><strong>Jovenes Voces por Zamora Chinchipe<\/strong><\/p>\n<p data-sourcepos=\"9:1-9:346\">Dirigido a estudiantes de Educaci\u00f3n B\u00e1sica Media de los distintos cantones, el concurso invita a los participantes a elaborar discursos sobre la rica historia y el potencial tur\u00edstico de Zamora Chinchipe. A trav\u00e9s de sus palabras, los j\u00f3venes podr\u00e1n expresar su orgullo por su tierra y destacar la diversidad cultural que caracteriza a la regi\u00f3n.<\/p>\n<p data-sourcepos=\"11:1-11:32\"><strong>Un Espacio para la Expresi\u00f3n<\/strong><\/p>\n<p data-sourcepos=\"13:1-13:407\">El evento se llevar\u00e1 a cabo el pr\u00f3ximo 7 de noviembre de 2024, a las 09h00, en el Sal\u00f3n de la Provincia \u201cV\u00edctor Manuel Rodr\u00edguez Pe\u00f1arreta\u201d. Cada participante tendr\u00e1 un tiempo m\u00e1ximo de 7 minutos para exponer su discurso ante un jurado calificador, el cual evaluar\u00e1 aspectos como la presentaci\u00f3n personal, la fluidez verbal, la estructura del mensaje y la profundidad de los conocimientos sobre la tem\u00e1tica.<\/p>\n<p data-sourcepos=\"15:1-15:32\"><strong>Incentivos y Reconocimientos<\/strong><\/p>\n<p data-sourcepos=\"17:1-17:213\">Los tres primeros lugares del concurso recibir\u00e1n incentivos econ\u00f3micos como reconocimiento a su talento y esfuerzo. El primer lugar ser\u00e1 galardonado con $400, el segundo lugar con $300 y el tercer lugar con $200.<\/p>\n<p data-sourcepos=\"19:1-19:39\"><strong>Fortaleciendo la Identidad Zamorana<\/strong><\/p>\n<p data-sourcepos=\"21:1-21:370\">Con esta iniciativa, el Gobierno Aut\u00f3nomo Descentralizado Provincial de Zamora Chinchipe busca fortalecer la identidad zamorana y promover el desarrollo tur\u00edstico de la regi\u00f3n. Al brindar un espacio para que los j\u00f3venes expresen sus ideas y conocimientos, se fomenta el inter\u00e9s por la historia y la cultura local, y se construye un sentido de pertenencia a la provincia.<\/p>\n","protected":false},"excerpt":{"rendered":"<p>En conmemoraci\u00f3n de los 71 a\u00f1os de provincializaci\u00f3n, Zamora Chinchipe se prepara para vivir un emocionante Encuentro Provincial Estudiantil de Oratoria Intercantonal. Organizado por la Prefectura y la Casa de la Cultura Ecuatoriana \u201cBenjam\u00edn Carri\u00f3n\u201d, este evento busca fomentar el inter\u00e9s de los j\u00f3venes por la historia y el turismo de la provincia. Jovenes Voces por Zamora Chinchipe Dirigido a estudiantes de Educaci\u00f3n B\u00e1sica Media de los distintos cantones, el concurso invita a los participantes a elaborar discursos sobre la rica historia y el potencial tur\u00edstico de Zamora Chinchipe. A trav\u00e9s de sus palabras, los j\u00f3venes podr\u00e1n expresar su orgullo por su tierra y destacar la diversidad cultural que caracteriza a la regi\u00f3n. Un Espacio para la Expresi\u00f3n El evento se llevar\u00e1 a cabo el pr\u00f3ximo 7 de noviembre de 2024, a las 09h00, en el Sal\u00f3n de la Provincia \u201cV\u00edctor Manuel Rodr\u00edguez Pe\u00f1arreta\u201d. Cada participante tendr\u00e1 un tiempo m\u00e1ximo de 7 minutos para exponer su discurso ante un jurado calificador, el cual evaluar\u00e1 aspectos como la presentaci\u00f3n personal, la fluidez verbal, la estructura del mensaje y la profundidad de los conocimientos sobre la tem\u00e1tica. Incentivos y Reconocimientos Los tres primeros lugares del concurso recibir\u00e1n incentivos econ\u00f3micos como reconocimiento a su talento y esfuerzo. El primer lugar ser\u00e1 galardonado con $400, el segundo lugar con $300 y el tercer lugar con $200. Fortaleciendo la Identidad Zamorana Con esta iniciativa, el Gobierno Aut\u00f3nomo Descentralizado Provincial de Zamora Chinchipe busca fortalecer la identidad zamorana y promover el desarrollo tur\u00edstico de la regi\u00f3n. Al brindar un espacio para que los j\u00f3venes expresen sus ideas y conocimientos, se fomenta el inter\u00e9s por la historia y la cultura local, y se construye un sentido de pertenencia a la provincia.<\/p>\n","protected":false},"author":1,"featured_media":19824,"comment_status":"open","ping_status":"open","sticky":false,"template":"","format":"standard","meta":{"footnotes":""},"categories":[243],"tags":[],"class_list":["post-19823","post","type-post","status-publish","format-standard","has-post-thumbnail","hentry","category-noticias-zamora"],"_links":{"self":[{"href":"https:\/\/www.elamazonico.com\/portal\/wp-json\/wp\/v2\/posts\/19823","targetHints":{"allow":["GET"]}}],"collection":[{"href":"https:\/\/www.elamazonico.com\/portal\/wp-json\/wp\/v2\/posts"}],"about":[{"href":"https:\/\/www.elamazonico.com\/portal\/wp-json\/wp\/v2\/types\/post"}],"author":[{"embeddable":true,"href":"https:\/\/www.elamazonico.com\/portal\/wp-json\/wp\/v2\/users\/1"}],"replies":[{"embeddable":true,"href":"https:\/\/www.elamazonico.com\/portal\/wp-json\/wp\/v2\/comments?post=19823"}],"version-history":[{"count":1,"href":"https:\/\/www.elamazonico.com\/portal\/wp-json\/wp\/v2\/posts\/19823\/revisions"}],"predecessor-version":[{"id":19825,"href":"https:\/\/www.elamazonico.com\/portal\/wp-json\/wp\/v2\/posts\/19823\/revisions\/19825"}],"wp:featuredmedia":[{"embeddable":true,"href":"https:\/\/www.elamazonico.com\/portal\/wp-json\/wp\/v2\/media\/19824"}],"wp:attachment":[{"href":"https:\/\/www.elamazonico.com\/portal\/wp-json\/wp\/v2\/media?parent=19823"}],"wp:term":[{"taxonomy":"category","embeddable":true,"href":"https:\/\/www.elamazonico.com\/portal\/wp-json\/wp\/v2\/categories?post=19823"},{"taxonomy":"post_tag","embeddable":true,"href":"https:\/\/www.elamazonico.com\/portal\/wp-json\/wp\/v2\/tags?post=19823"}],"curies":[{"name":"wp","href":"https:\/\/api.w.org\/{rel}","templated":true}]}}