{"id":19819,"date":"2024-10-30T09:17:25","date_gmt":"2024-10-30T14:17:25","guid":{"rendered":"https:\/\/www.elamazonico.com\/portal\/?p=19819"},"modified":"2024-10-30T09:20:02","modified_gmt":"2024-10-30T14:20:02","slug":"sacaron-al-lloron-que-no-es-ni-ecuatoriano-y-se-queja-cuando-le-meten-un-argentino","status":"publish","type":"post","link":"https:\/\/www.elamazonico.com\/portal\/sacaron-al-lloron-que-no-es-ni-ecuatoriano-y-se-queja-cuando-le-meten-un-argentino\/","title":{"rendered":"\u201c\u00a1Sacaron al llor\u00f3n que no es ni ecuatoriano y se queja cuando le meten un Argentino!\u201d"},"content":{"rendered":"<section class=\"bg-white\">\n<h2 class=\"text-subtitle q-pa-md\">Cristhian Noboa, refuerzo \u201cestrella\u201d de Emelec, suelta bombazo sobre jugador de LaTri al que dej\u00f3 fuera Sebasti\u00e1n Beccacece<\/h2>\n<\/section>\n<section class=\"column no-wrap\">\n<div id=\"lead-content\" class=\"text-body bg-white q-px-md q-py-sm\">\n<p>A\u00fan sin conocerse cu\u00e1ndo podr\u00e1 debutar con el Club Sport Emelec luego de que fuera presentado como refuerzo estrella del Bombillo para esta temporada 2024, Cristhian Noboa habl\u00f3 de la\u00a0<strong><a href=\"https:\/\/www.futbolecuador.com\/site\/noticia\/sacaron-al-lloron-que-no-es-ni-ecuatoriano-y-se-queja-cuando-le-meten-un-argentino\/169113\" target=\"_self\" rel=\"noopener\">Selecci\u00f3n Ecuatoriana<\/a><\/strong>\u00a0y de un \u201cllor\u00f3n\u201d que qued\u00f3 fuera de LaTri y que se queja cuando ve a un argentino convocado.<\/p>\n<\/div>\n<div id=\"body-content\" class=\"text-body relative-position bg-white q-px-md q-py-sm\">\n<p>\u201cYo escuch\u00e9 a varios (seleccionados) que no les gustaba pero cuando a m\u00ed me preguntaron, les dije: \u2018mientras nos ayude, no hab\u00eda ning\u00fan problema\u2019. Siempre hay algunos, m\u00e1s porque les quitan el puesto, no es porque no quieren nacionalizados, es porque les quitan el puesto\u201d, apunt\u00f3 Cristhian Noboa en declaraciones para \u2018Red Canal Digital\u2019.<\/p>\n<p>\u201cY lo acabaron de sacar a uno, a un llor\u00f3n que dec\u00eda que \u2018a m\u00ed me encantan los ecuatorianos\u2019, \u00a0hijuep\u2026 y ni siquiera es ecuatoriano. Y peleaba, peleaba y peleaba, pero lo que se queja cuando le meten a un argentino. Dice \u2018no a mi me encantan\u2019\u2026 Yo conozco a uno, no voy a nombrarlo. Yo se que hasta llama y reclama que no puede jugar un nacionalizado\u201d, cerr\u00f3. <strong>Fuente: Futbolecuador<\/strong><\/p>\n<p>https:\/\/twitter.com\/sbasantes92\/status\/1851388985215484105<\/p>\n<\/div>\n<\/section>\n","protected":false},"excerpt":{"rendered":"<p>Cristhian Noboa, refuerzo \u201cestrella\u201d de Emelec, suelta bombazo sobre jugador de LaTri al que dej\u00f3 fuera Sebasti\u00e1n Beccacece A\u00fan sin conocerse cu\u00e1ndo podr\u00e1 debutar con el Club Sport Emelec luego de que fuera presentado como refuerzo estrella del Bombillo para esta temporada 2024, Cristhian Noboa habl\u00f3 de la\u00a0Selecci\u00f3n Ecuatoriana\u00a0y de un \u201cllor\u00f3n\u201d que qued\u00f3 fuera de LaTri y que se queja cuando ve a un argentino convocado. \u201cYo escuch\u00e9 a varios (seleccionados) que no les gustaba pero cuando a m\u00ed me preguntaron, les dije: \u2018mientras nos ayude, no hab\u00eda ning\u00fan problema\u2019. Siempre hay algunos, m\u00e1s porque les quitan el puesto, no es porque no quieren nacionalizados, es porque les quitan el puesto\u201d, apunt\u00f3 Cristhian Noboa en declaraciones para \u2018Red Canal Digital\u2019. \u201cY lo acabaron de sacar a uno, a un llor\u00f3n que dec\u00eda que \u2018a m\u00ed me encantan los ecuatorianos\u2019, \u00a0hijuep\u2026 y ni siquiera es ecuatoriano. Y peleaba, peleaba y peleaba, pero lo que se queja cuando le meten a un argentino. Dice \u2018no a mi me encantan\u2019\u2026 Yo conozco a uno, no voy a nombrarlo. Yo se que hasta llama y reclama que no puede jugar un nacionalizado\u201d, cerr\u00f3. Fuente: Futbolecuador https:\/\/twitter.com\/sbasantes92\/status\/1851388985215484105<\/p>\n","protected":false},"author":1,"featured_media":19820,"comment_status":"open","ping_status":"open","sticky":false,"template":"","format":"standard","meta":{"footnotes":""},"categories":[6],"tags":[],"class_list":["post-19819","post","type-post","status-publish","format-standard","has-post-thumbnail","hentry","category-deportes"],"_links":{"self":[{"href":"https:\/\/www.elamazonico.com\/portal\/wp-json\/wp\/v2\/posts\/19819","targetHints":{"allow":["GET"]}}],"collection":[{"href":"https:\/\/www.elamazonico.com\/portal\/wp-json\/wp\/v2\/posts"}],"about":[{"href":"https:\/\/www.elamazonico.com\/portal\/wp-json\/wp\/v2\/types\/post"}],"author":[{"embeddable":true,"href":"https:\/\/www.elamazonico.com\/portal\/wp-json\/wp\/v2\/users\/1"}],"replies":[{"embeddable":true,"href":"https:\/\/www.elamazonico.com\/portal\/wp-json\/wp\/v2\/comments?post=19819"}],"version-history":[{"count":1,"href":"https:\/\/www.elamazonico.com\/portal\/wp-json\/wp\/v2\/posts\/19819\/revisions"}],"predecessor-version":[{"id":19821,"href":"https:\/\/www.elamazonico.com\/portal\/wp-json\/wp\/v2\/posts\/19819\/revisions\/19821"}],"wp:featuredmedia":[{"embeddable":true,"href":"https:\/\/www.elamazonico.com\/portal\/wp-json\/wp\/v2\/media\/19820"}],"wp:attachment":[{"href":"https:\/\/www.elamazonico.com\/portal\/wp-json\/wp\/v2\/media?parent=19819"}],"wp:term":[{"taxonomy":"category","embeddable":true,"href":"https:\/\/www.elamazonico.com\/portal\/wp-json\/wp\/v2\/categories?post=19819"},{"taxonomy":"post_tag","embeddable":true,"href":"https:\/\/www.elamazonico.com\/portal\/wp-json\/wp\/v2\/tags?post=19819"}],"curies":[{"name":"wp","href":"https:\/\/api.w.org\/{rel}","templated":true}]}}