{"id":19759,"date":"2024-10-29T10:43:29","date_gmt":"2024-10-29T15:43:29","guid":{"rendered":"https:\/\/www.elamazonico.com\/portal\/?p=19759"},"modified":"2024-10-29T10:43:29","modified_gmt":"2024-10-29T15:43:29","slug":"emelec-no-pasa-por-alto-las-declaraciones-de-alexander-gonzalez","status":"publish","type":"post","link":"https:\/\/www.elamazonico.com\/portal\/emelec-no-pasa-por-alto-las-declaraciones-de-alexander-gonzalez\/","title":{"rendered":"Emelec no pasa por alto las declaraciones de Alexander Gonz\u00e1lez"},"content":{"rendered":"<section class=\"bg-white\">\n<h2 class=\"text-subtitle q-pa-md\">\u201cVamos a revisar algunas situaciones que \u00e9l toc\u00f3 hoy y como se debe, a la interna\u201d<\/h2>\n<\/section>\n<section class=\"column no-wrap\">\n<div id=\"lead-content\" class=\"text-body bg-white q-px-md q-py-sm\">\n<p>No es novedad para nadie, que\u00a0<a href=\"https:\/\/www.futbolecuador.com\/categoria\/emelec\" target=\"_self\" rel=\"noopener\">Emelec<\/a>\u00a0forma parte de los clubes golpeados en este 2024. Los recursos escasean a la interna del club y su directiva, intenta mantener el barco a flote. Con esfuerzos que parecen insuficientes, salen a defenderse. \u201cEl tema econ\u00f3mico hoy no es f\u00e1cil, no solamente en el f\u00fatbol si no en todas las \u00e1reas\u201d.<\/p>\n<\/div>\n<div id=\"body-content\" class=\"text-body relative-position bg-white q-px-md q-py-sm\">\n<p>En di\u00e1logo con los colegas de Zappings Sports, \u00d3scar Cort\u00e9s\u00a0se refiri\u00f3 al tema\u00a0<a href=\"https:\/\/www.futbolecuador.com\/site\/noticia\/emelec-es-grande-dentro-de-ecuador-pero-si-sigue-asi-termina-en-la-serie-b\/169072\" target=\"_self\" rel=\"noopener\">Alexander Gonz\u00e1lez y sus dichos<\/a>, de lo que pasa en el Bombillo. \u201cEs un jugador con mucha categor\u00eda, es un jugador de Selecci\u00f3n, es un jugador grande, es un jugador que obviamente tiene sus opiniones y en cuanto a lo que dijo puntualmente, creo que el club est\u00e1 haciendo muchas cosas importantes para sacar esto adelante. El tema econ\u00f3mico se est\u00e1 trabajando fuertemente para cumplir con todas las obligaciones, como lo est\u00e1n haciendo todos los clubes en Ecuador\u201d.<\/p>\n<p>Como no pod\u00eda de ser de otra manera, Emelec busca apagar los incendios como lo ha manifestado su director deportivo. \u201cEl jugador est\u00e1 entrenando normalmente con el equipo, hoy convers\u00e9 con \u00e9l largo y tendido, tambi\u00e9n convers\u00e9 con el representante, que el d\u00eda mi\u00e9rcoles, est\u00e1 ac\u00e1. Vamos a revisar algunas situaciones que \u00e9l toc\u00f3 hoy y como se debe, a la interna\u201d. <strong>Fuente: Futbolecuador<\/strong><\/p>\n<p>https:\/\/twitter.com\/zapping_ecu\/status\/1851076346958561505<\/p>\n<p>&nbsp;<\/p>\n<\/div>\n<\/section>\n","protected":false},"excerpt":{"rendered":"<p>\u201cVamos a revisar algunas situaciones que \u00e9l toc\u00f3 hoy y como se debe, a la interna\u201d No es novedad para nadie, que\u00a0Emelec\u00a0forma parte de los clubes golpeados en este 2024. Los recursos escasean a la interna del club y su directiva, intenta mantener el barco a flote. Con esfuerzos que parecen insuficientes, salen a defenderse. \u201cEl tema econ\u00f3mico hoy no es f\u00e1cil, no solamente en el f\u00fatbol si no en todas las \u00e1reas\u201d. En di\u00e1logo con los colegas de Zappings Sports, \u00d3scar Cort\u00e9s\u00a0se refiri\u00f3 al tema\u00a0Alexander Gonz\u00e1lez y sus dichos, de lo que pasa en el Bombillo. \u201cEs un jugador con mucha categor\u00eda, es un jugador de Selecci\u00f3n, es un jugador grande, es un jugador que obviamente tiene sus opiniones y en cuanto a lo que dijo puntualmente, creo que el club est\u00e1 haciendo muchas cosas importantes para sacar esto adelante. El tema econ\u00f3mico se est\u00e1 trabajando fuertemente para cumplir con todas las obligaciones, como lo est\u00e1n haciendo todos los clubes en Ecuador\u201d. Como no pod\u00eda de ser de otra manera, Emelec busca apagar los incendios como lo ha manifestado su director deportivo. \u201cEl jugador est\u00e1 entrenando normalmente con el equipo, hoy convers\u00e9 con \u00e9l largo y tendido, tambi\u00e9n convers\u00e9 con el representante, que el d\u00eda mi\u00e9rcoles, est\u00e1 ac\u00e1. Vamos a revisar algunas situaciones que \u00e9l toc\u00f3 hoy y como se debe, a la interna\u201d. Fuente: Futbolecuador https:\/\/twitter.com\/zapping_ecu\/status\/1851076346958561505 &nbsp;<\/p>\n","protected":false},"author":1,"featured_media":19760,"comment_status":"open","ping_status":"open","sticky":false,"template":"","format":"standard","meta":{"footnotes":""},"categories":[6],"tags":[],"class_list":["post-19759","post","type-post","status-publish","format-standard","has-post-thumbnail","hentry","category-deportes"],"_links":{"self":[{"href":"https:\/\/www.elamazonico.com\/portal\/wp-json\/wp\/v2\/posts\/19759","targetHints":{"allow":["GET"]}}],"collection":[{"href":"https:\/\/www.elamazonico.com\/portal\/wp-json\/wp\/v2\/posts"}],"about":[{"href":"https:\/\/www.elamazonico.com\/portal\/wp-json\/wp\/v2\/types\/post"}],"author":[{"embeddable":true,"href":"https:\/\/www.elamazonico.com\/portal\/wp-json\/wp\/v2\/users\/1"}],"replies":[{"embeddable":true,"href":"https:\/\/www.elamazonico.com\/portal\/wp-json\/wp\/v2\/comments?post=19759"}],"version-history":[{"count":1,"href":"https:\/\/www.elamazonico.com\/portal\/wp-json\/wp\/v2\/posts\/19759\/revisions"}],"predecessor-version":[{"id":19761,"href":"https:\/\/www.elamazonico.com\/portal\/wp-json\/wp\/v2\/posts\/19759\/revisions\/19761"}],"wp:featuredmedia":[{"embeddable":true,"href":"https:\/\/www.elamazonico.com\/portal\/wp-json\/wp\/v2\/media\/19760"}],"wp:attachment":[{"href":"https:\/\/www.elamazonico.com\/portal\/wp-json\/wp\/v2\/media?parent=19759"}],"wp:term":[{"taxonomy":"category","embeddable":true,"href":"https:\/\/www.elamazonico.com\/portal\/wp-json\/wp\/v2\/categories?post=19759"},{"taxonomy":"post_tag","embeddable":true,"href":"https:\/\/www.elamazonico.com\/portal\/wp-json\/wp\/v2\/tags?post=19759"}],"curies":[{"name":"wp","href":"https:\/\/api.w.org\/{rel}","templated":true}]}}