{"id":19751,"date":"2024-10-29T10:31:32","date_gmt":"2024-10-29T15:31:32","guid":{"rendered":"https:\/\/www.elamazonico.com\/portal\/?p=19751"},"modified":"2024-10-29T10:31:32","modified_gmt":"2024-10-29T15:31:32","slug":"son-los-generadores-energeticos-moviles-propuestos-por-el-gobierno-una-solucion-sostenible-a-la-crisis","status":"publish","type":"post","link":"https:\/\/www.elamazonico.com\/portal\/son-los-generadores-energeticos-moviles-propuestos-por-el-gobierno-una-solucion-sostenible-a-la-crisis\/","title":{"rendered":"\u00bfSon los generadores energ\u00e9ticos m\u00f3viles propuestos por el Gobierno una soluci\u00f3n sostenible a la crisis?"},"content":{"rendered":"<div class=\"paragraph texto\">\n<p class=\"p_0\"><a href=\"https:\/\/www.vistazo.com\/actualidad\/nacional\/2024-10-28-ministerio-educacion-ajusta-horarios-clases-29-30-octubre-apagones-XI8219321\">Ante la crisis el\u00e9ctrica en Ecuador,<\/a>\u00a0con cortes de hasta 14 horas diarias y p\u00e9rdidas estimadas en\u00a0<u>USD 700 millones, seg\u00fan la C\u00e1mara de Comercio de Guayaquil,\u00a0<\/u>el Gobierno Nacional anunci\u00f3 la implementaci\u00f3n de\u00a0<b>generadores m\u00f3viles, con capacidad de generar hasta 20 megavatios cada uno.\u00a0<\/b>Aunque \u00fatiles, estos generadores ofrecen una capacidad menor en comparaci\u00f3n con las barcazas, que alcanzan\u00a0<u>hasta 100 megavatios cada una.<\/u><\/p>\n<p class=\"p_1\">Estos equipos ser\u00e1n transportados en\u00a0<u>aviones H\u00e9rcules<\/u>\u00a0para ofrecer una soluci\u00f3n r\u00e1pida a la emergencia, seg\u00fan inform\u00f3\u00a0<b>la ministra de Energ\u00eda, In\u00e9s Manzano,<\/b>\u00a0sin ofrecer mayores detalles sobre sus operaciones.<\/p>\n<p class=\"p_2\"><u>\u00bfPero c\u00f3mo funcionan estos motores m\u00f3viles?\u00a0<\/u><b>\u00c1ngel Recalde, investigador de la ESPOL,\u00a0<\/b>explica para Vistazo que la generaci\u00f3n el\u00e9ctrica m\u00f3vil utiliza maquinaria pesada\u00a0<b>en plataformas transportables,<\/b>\u00a0desplazada por v\u00eda terrestre para cubrir la demanda en puntos espec\u00edficos.<\/p>\n<p class=\"p_4\">El acad\u00e9mico indica que estas plataformas pueden agruparse de forma modular para alcanzar l<b>a potencia necesaria.<\/b>\u00a0Adem\u00e1s, estas incluyen equipos auxiliares para operar de manera aut\u00f3noma, lo que permite la conexi\u00f3n a subestaciones terrestres,\u00a0<b>entregando energ\u00eda de forma r\u00e1pida y continua.<\/b><\/p>\n<p class=\"p_5\">\u201cLos generadores m\u00f3viles usan\u00a0<b>diferentes tipos de combustible<\/b>, como\u00a0<u>di\u00e9sel, gas natural, GLP y Fuel Oil.\u00a0<\/u>Las capacidades var\u00edan entre 1 y m\u00e1s de 20 MW, siendo comunes las unidades de 1-10 MW, 10-20 MW y superiores. Un ejemplo es la\u00a0<b>tecnolog\u00eda aeroderivativa de General Electric<\/b>\u00a0que poseen turbinas de gas basadas en dise\u00f1os de motores de aviaci\u00f3n que alcanzan los 32 MW.\u00a0<b>Los generadores a gas permiten potencias m\u00e1s altas,\u00a0<\/b>mientras que el di\u00e9sel alcanzan cifras similares, pero usualmente con instalaciones fijas\u201d, detalla Recalde.<\/p>\n<\/div>\n<div class=\"multimediaMacroWrapper img lateral\">\n<figure class=\"contentMedia art-img\">\n<div><img fetchpriority=\"high\" decoding=\"async\" class=\" lazyloaded\" title=\"Este es el tipo de generadores m\u00f3viles que planea traer el Ministerio de Energ\u00eda para enfrentar la crisis energ\u00e9tica. Estos se usan en espacios como en ferias y conciertos.\" src=\"https:\/\/www.vistazo.com\/placeholder\/svg\/viewbox\/768x768\" sizes=\"100vw\" srcset=\"\/\/www.vistazo.com\/binrepository\/768x768\/0c0\/0d0\/none\/12727\/TBTY\/whatsapp-image-2024-10-25-at-1-28_1824973_20241028093446.jpg 768w,\/\/www.vistazo.com\/binrepository\/640x640\/0c0\/0d0\/none\/12727\/TBTY\/whatsapp-image-2024-10-25-at-1-28_1824973_20241028093446.jpg 640w,\/\/www.vistazo.com\/binrepository\/512x512\/0c0\/0d0\/none\/12727\/TBTY\/whatsapp-image-2024-10-25-at-1-28_1824973_20241028093446.jpg 512w,\/\/www.vistazo.com\/binrepository\/384x384\/0c0\/0d0\/none\/12727\/TBTY\/whatsapp-image-2024-10-25-at-1-28_1824973_20241028093446.jpg 384w,\/\/www.vistazo.com\/binrepository\/300x300\/0c0\/0d0\/none\/12727\/TBTY\/whatsapp-image-2024-10-25-at-1-28_1824973_20241028093446.jpg 300w\" alt=\"$!Este es el tipo de generadores m\u00f3viles que planea traer el Ministerio de Energ\u00eda para enfrentar la crisis energ\u00e9tica. Estos se usan en espacios como en ferias y conciertos.\" width=\"768\" height=\"768\" data-srcset=\"\/\/www.vistazo.com\/binrepository\/768x768\/0c0\/0d0\/none\/12727\/TBTY\/whatsapp-image-2024-10-25-at-1-28_1824973_20241028093446.jpg 768w,\/\/www.vistazo.com\/binrepository\/640x640\/0c0\/0d0\/none\/12727\/TBTY\/whatsapp-image-2024-10-25-at-1-28_1824973_20241028093446.jpg 640w,\/\/www.vistazo.com\/binrepository\/512x512\/0c0\/0d0\/none\/12727\/TBTY\/whatsapp-image-2024-10-25-at-1-28_1824973_20241028093446.jpg 512w,\/\/www.vistazo.com\/binrepository\/384x384\/0c0\/0d0\/none\/12727\/TBTY\/whatsapp-image-2024-10-25-at-1-28_1824973_20241028093446.jpg 384w,\/\/www.vistazo.com\/binrepository\/300x300\/0c0\/0d0\/none\/12727\/TBTY\/whatsapp-image-2024-10-25-at-1-28_1824973_20241028093446.jpg 300w\" \/><\/div>\n<div class=\"cutline-byline\"><span class=\"cutline-text\">Este es el tipo de generadores m\u00f3viles que planea traer el Ministerio de Energ\u00eda para enfrentar la crisis energ\u00e9tica. Estos se usan en espacios como en ferias y conciertos.<\/span>\u00a0<span class=\"byline-image\">(Energ\u00eda m\u00f3vil )<\/span><\/div>\n<\/figure>\n<\/div>\n<div class=\"paragraph texto\">\n<p class=\"p_6\">El investigador resalta la producci\u00f3n de electricidad en cualquier locaci\u00f3n como\u00a0<b>la principal ventaja de la tecnolog\u00eda de generaci\u00f3n m\u00f3vil.<\/b>\u00a0Seg\u00fan se\u00f1ala, este sistema no requiere de infraestructura adicional,\u00a0<u>m\u00e1s all\u00e1 de la interconexi\u00f3n,<\/u>\u00a0requiriendo solo combustible regular y personal operativo, como cualquier otra central de generaci\u00f3n.<\/p>\n<p class=\"p_7\"><b>Jorge Jaramillo, representante del Colegio Regional de Ingenieros El\u00e9ctricos y Electr\u00f3nicos del Litoral (Crieel),\u00a0<\/b>indica que el pa\u00eds enfrenta un d\u00e9ficit energ\u00e9tico de\u00a0<u>1.000 a 1.500 megavatios<\/u>, cifra cercana a la capacidad del sistema\u00a0<b>Paute<\/b>, que produce alrededor de\u00a0<u>1.600 a 1.700 megavatios<\/u>\u00a0y la llegada de estos motores m\u00f3viles son una soluci\u00f3n temporal. \u201cLa barcaza generadora de energ\u00eda, actualmente en uso sobre el mar, enfrenta problemas que obligan a trasladarla\u201d.<\/p>\n<p class=\"p_8\"><b>LEA:\u00a0<\/b><a href=\"https:\/\/www.vistazo.com\/actualidad\/nacional\/2024-10-28-cenace-reduccion-cortes-luz-lunes-24-octubre-coca-codo-sinclair-LJ8218085\">CENACE anuncia reducci\u00f3n de cortes de luz para este lunes 28 de octubre, por incremento de caudal en Coca Codo Sinclair<\/a><\/p>\n<p class=\"p_9\">Jaramillo argumenta que la verdadera soluci\u00f3n a largo plazo debe centrarse en aumentar la capacidad de los<b>\u00a0parques t\u00e9rmicos y reestablecer el nivel \u00f3ptimo de los embalses hidroel\u00e9ctricos<\/b>. Adem\u00e1s se\u00f1ala que alternativas como\u00a0<u>la energ\u00eda solar, e\u00f3lica y geot\u00e9rmica s<\/u>on complementarias, pero no representan m\u00e1s\u00a0<b>del 10 al 15% de la generaci\u00f3n en la mayor\u00eda de los pa\u00edses.<\/b><\/p>\n<p class=\"p_10\">\u201cUn empresario que invierte en una planta\u00a0<b>termoel\u00e9ctrica<\/b>\u00a0debe vender la energ\u00eda a un costo mayor, ya que\u00a0<b>la generaci\u00f3n t\u00e9rmica es m\u00e1s cara.<\/b>\u00a0Sin embargo, su aporte es crucial para garantizar un parque t\u00e9rmico disponible cuando falte el suministro hidroel\u00e9ctrico\u201d, indica Jaramillo.<\/p>\n<p class=\"p_11\">Para que estas inversiones sean viables, contin\u00faa, el gobierno debe garantizar tarifas fijas.\u00a0<b>\u201cLa Ley Org\u00e1nica del Servicio P\u00fablico de Energ\u00eda El\u00e9ctrica (Lospee<\/b>) deber\u00eda asegurar el pago a los inversionistas sin imponer techos de capacidad, fomentando as\u00ed la inversi\u00f3n en energ\u00eda t\u00e9rmica\u201d, menciona Jaramillo.<\/p>\n<p class=\"p_12\"><b>LEA:\u00a0<\/b><a href=\"https:\/\/www.vistazo.com\/politica\/nacional\/2024-10-27-daniel-noboa-crisis-electrica-escenarios-nos-ha-jugado-contra-YC8217427\">Daniel Noboa sobre crisis el\u00e9ctrica: &#8216;Los escenarios nos han jugado en contra&#8217;<\/a><\/p>\n<p class=\"p_13\"><b>Carlos Navas, docente de la facultad de Ingenier\u00eda de la Pontificia Universidad Cat\u00f3lica del Ecuador (PUCE),<\/b>\u00a0se\u00f1ala que una transici\u00f3n hacia energ\u00edas renovables requiere de tiempo y recursos para desarrollarse. Navas indica que a pesar de tener un gran potencial, proyectos como los\u00a0<u>solares, e\u00f3licos o hidroel\u00e9ctricos\u00a0<\/u>est\u00e1n paralizados por temas regulatorios y ambientales.<\/p>\n<p class=\"p_14\"><u>\u201cLa soluci\u00f3n ideal es una combinaci\u00f3n de varias fuentes de energ\u00eda.<\/u>\u00a0Las energ\u00edas renovables pueden complementar la hidroel\u00e9ctrica y la t\u00e9rmica, y as\u00ed evitar la dependencia de una sola tecnolog\u00eda o recurso.\u00a0<b>El pa\u00eds deber\u00eda invertir en peque\u00f1as centrales<\/b>\u00a0distribuidas que beneficien a m\u00e1s regiones, y\u00a0<b>aprovechar recursos como el sol y el viento<\/b> en \u00e9pocas de sequ\u00eda o condiciones adversas\u201d, puntualiz\u00f3 el docente investigador. <strong>Fuente: Vistazo<\/strong><\/p>\n<\/div>\n","protected":false},"excerpt":{"rendered":"<p>Ante la crisis el\u00e9ctrica en Ecuador,\u00a0con cortes de hasta 14 horas diarias y p\u00e9rdidas estimadas en\u00a0USD 700 millones, seg\u00fan la C\u00e1mara de Comercio de Guayaquil,\u00a0el Gobierno Nacional anunci\u00f3 la implementaci\u00f3n de\u00a0generadores m\u00f3viles, con capacidad de generar hasta 20 megavatios cada uno.\u00a0Aunque \u00fatiles, estos generadores ofrecen una capacidad menor en comparaci\u00f3n con las barcazas, que alcanzan\u00a0hasta 100 megavatios cada una. Estos equipos ser\u00e1n transportados en\u00a0aviones H\u00e9rcules\u00a0para ofrecer una soluci\u00f3n r\u00e1pida a la emergencia, seg\u00fan inform\u00f3\u00a0la ministra de Energ\u00eda, In\u00e9s Manzano,\u00a0sin ofrecer mayores detalles sobre sus operaciones. \u00bfPero c\u00f3mo funcionan estos motores m\u00f3viles?\u00a0\u00c1ngel Recalde, investigador de la ESPOL,\u00a0explica para Vistazo que la generaci\u00f3n el\u00e9ctrica m\u00f3vil utiliza maquinaria pesada\u00a0en plataformas transportables,\u00a0desplazada por v\u00eda terrestre para cubrir la demanda en puntos espec\u00edficos. El acad\u00e9mico indica que estas plataformas pueden agruparse de forma modular para alcanzar la potencia necesaria.\u00a0Adem\u00e1s, estas incluyen equipos auxiliares para operar de manera aut\u00f3noma, lo que permite la conexi\u00f3n a subestaciones terrestres,\u00a0entregando energ\u00eda de forma r\u00e1pida y continua. \u201cLos generadores m\u00f3viles usan\u00a0diferentes tipos de combustible, como\u00a0di\u00e9sel, gas natural, GLP y Fuel Oil.\u00a0Las capacidades var\u00edan entre 1 y m\u00e1s de 20 MW, siendo comunes las unidades de 1-10 MW, 10-20 MW y superiores. Un ejemplo es la\u00a0tecnolog\u00eda aeroderivativa de General Electric\u00a0que poseen turbinas de gas basadas en dise\u00f1os de motores de aviaci\u00f3n que alcanzan los 32 MW.\u00a0Los generadores a gas permiten potencias m\u00e1s altas,\u00a0mientras que el di\u00e9sel alcanzan cifras similares, pero usualmente con instalaciones fijas\u201d, detalla Recalde. Este es el tipo de generadores m\u00f3viles que planea traer el Ministerio de Energ\u00eda para enfrentar la crisis energ\u00e9tica. Estos se usan en espacios como en ferias y conciertos.\u00a0(Energ\u00eda m\u00f3vil ) El investigador resalta la producci\u00f3n de electricidad en cualquier locaci\u00f3n como\u00a0la principal ventaja de la tecnolog\u00eda de generaci\u00f3n m\u00f3vil.\u00a0Seg\u00fan se\u00f1ala, este sistema no requiere de infraestructura adicional,\u00a0m\u00e1s all\u00e1 de la interconexi\u00f3n,\u00a0requiriendo solo combustible regular y personal operativo, como cualquier otra central de generaci\u00f3n. Jorge Jaramillo, representante del Colegio Regional de Ingenieros El\u00e9ctricos y Electr\u00f3nicos del Litoral (Crieel),\u00a0indica que el pa\u00eds enfrenta un d\u00e9ficit energ\u00e9tico de\u00a01.000 a 1.500 megavatios, cifra cercana a la capacidad del sistema\u00a0Paute, que produce alrededor de\u00a01.600 a 1.700 megavatios\u00a0y la llegada de estos motores m\u00f3viles son una soluci\u00f3n temporal. \u201cLa barcaza generadora de energ\u00eda, actualmente en uso sobre el mar, enfrenta problemas que obligan a trasladarla\u201d. LEA:\u00a0CENACE anuncia reducci\u00f3n de cortes de luz para este lunes 28 de octubre, por incremento de caudal en Coca Codo Sinclair Jaramillo argumenta que la verdadera soluci\u00f3n a largo plazo debe centrarse en aumentar la capacidad de los\u00a0parques t\u00e9rmicos y reestablecer el nivel \u00f3ptimo de los embalses hidroel\u00e9ctricos. Adem\u00e1s se\u00f1ala que alternativas como\u00a0la energ\u00eda solar, e\u00f3lica y geot\u00e9rmica son complementarias, pero no representan m\u00e1s\u00a0del 10 al 15% de la generaci\u00f3n en la mayor\u00eda de los pa\u00edses. \u201cUn empresario que invierte en una planta\u00a0termoel\u00e9ctrica\u00a0debe vender la energ\u00eda a un costo mayor, ya que\u00a0la generaci\u00f3n t\u00e9rmica es m\u00e1s cara.\u00a0Sin embargo, su aporte es crucial para garantizar un parque t\u00e9rmico disponible cuando falte el suministro hidroel\u00e9ctrico\u201d, indica Jaramillo. Para que estas inversiones sean viables, contin\u00faa, el gobierno debe garantizar tarifas fijas.\u00a0\u201cLa Ley Org\u00e1nica del Servicio P\u00fablico de Energ\u00eda El\u00e9ctrica (Lospee) deber\u00eda asegurar el pago a los inversionistas sin imponer techos de capacidad, fomentando as\u00ed la inversi\u00f3n en energ\u00eda t\u00e9rmica\u201d, menciona Jaramillo. LEA:\u00a0Daniel Noboa sobre crisis el\u00e9ctrica: &#8216;Los escenarios nos han jugado en contra&#8217; Carlos Navas, docente de la facultad de Ingenier\u00eda de la Pontificia Universidad Cat\u00f3lica del Ecuador (PUCE),\u00a0se\u00f1ala que una transici\u00f3n hacia energ\u00edas renovables requiere de tiempo y recursos para desarrollarse. Navas indica que a pesar de tener un gran potencial, proyectos como los\u00a0solares, e\u00f3licos o hidroel\u00e9ctricos\u00a0est\u00e1n paralizados por temas regulatorios y ambientales. \u201cLa soluci\u00f3n ideal es una combinaci\u00f3n de varias fuentes de energ\u00eda.\u00a0Las energ\u00edas renovables pueden complementar la hidroel\u00e9ctrica y la t\u00e9rmica, y as\u00ed evitar la dependencia de una sola tecnolog\u00eda o recurso.\u00a0El pa\u00eds deber\u00eda invertir en peque\u00f1as centrales\u00a0distribuidas que beneficien a m\u00e1s regiones, y\u00a0aprovechar recursos como el sol y el viento en \u00e9pocas de sequ\u00eda o condiciones adversas\u201d, puntualiz\u00f3 el docente investigador. Fuente: Vistazo<\/p>\n","protected":false},"author":1,"featured_media":19752,"comment_status":"open","ping_status":"open","sticky":false,"template":"","format":"standard","meta":{"footnotes":""},"categories":[268],"tags":[],"class_list":["post-19751","post","type-post","status-publish","format-standard","has-post-thumbnail","hentry","category-nacionales"],"_links":{"self":[{"href":"https:\/\/www.elamazonico.com\/portal\/wp-json\/wp\/v2\/posts\/19751","targetHints":{"allow":["GET"]}}],"collection":[{"href":"https:\/\/www.elamazonico.com\/portal\/wp-json\/wp\/v2\/posts"}],"about":[{"href":"https:\/\/www.elamazonico.com\/portal\/wp-json\/wp\/v2\/types\/post"}],"author":[{"embeddable":true,"href":"https:\/\/www.elamazonico.com\/portal\/wp-json\/wp\/v2\/users\/1"}],"replies":[{"embeddable":true,"href":"https:\/\/www.elamazonico.com\/portal\/wp-json\/wp\/v2\/comments?post=19751"}],"version-history":[{"count":1,"href":"https:\/\/www.elamazonico.com\/portal\/wp-json\/wp\/v2\/posts\/19751\/revisions"}],"predecessor-version":[{"id":19753,"href":"https:\/\/www.elamazonico.com\/portal\/wp-json\/wp\/v2\/posts\/19751\/revisions\/19753"}],"wp:featuredmedia":[{"embeddable":true,"href":"https:\/\/www.elamazonico.com\/portal\/wp-json\/wp\/v2\/media\/19752"}],"wp:attachment":[{"href":"https:\/\/www.elamazonico.com\/portal\/wp-json\/wp\/v2\/media?parent=19751"}],"wp:term":[{"taxonomy":"category","embeddable":true,"href":"https:\/\/www.elamazonico.com\/portal\/wp-json\/wp\/v2\/categories?post=19751"},{"taxonomy":"post_tag","embeddable":true,"href":"https:\/\/www.elamazonico.com\/portal\/wp-json\/wp\/v2\/tags?post=19751"}],"curies":[{"name":"wp","href":"https:\/\/api.w.org\/{rel}","templated":true}]}}