{"id":19540,"date":"2024-10-18T06:10:05","date_gmt":"2024-10-18T11:10:05","guid":{"rendered":"https:\/\/www.elamazonico.com\/portal\/?p=19540"},"modified":"2024-10-18T06:10:05","modified_gmt":"2024-10-18T11:10:05","slug":"isaac-alvarez-nos-deja-con-el-alma-en-un-hilo-al-referirse-al-estado-de-salud-de-marco-angulo","status":"publish","type":"post","link":"https:\/\/www.elamazonico.com\/portal\/isaac-alvarez-nos-deja-con-el-alma-en-un-hilo-al-referirse-al-estado-de-salud-de-marco-angulo\/","title":{"rendered":"Isaac \u00c1lvarez nos deja con el alma en un hilo al referirse al estado de salud de Marco Angulo"},"content":{"rendered":"<section class=\"bg-white\">\n<h2 class=\"text-subtitle q-pa-md\">\u00abEst\u00e1 en un estado estacionario, no ha tenido mejor\u00eda ni desmejora. Esperamos, Dios quiera, que \u00e9l decida lo que sea lo mejor\u00bb<\/h2>\n<\/section>\n<section class=\"column no-wrap\">\n<div id=\"lead-content\" class=\"text-body bg-white q-px-md q-py-sm\">\n<p>Este jueves, el presidente de Liga Deportiva Universitaria, Isaac \u00c1lvarez, habl\u00f3 sobre el estado de salud de Marco Angulo. Lo hizo, eso s\u00ed, con mucha cautela por respeto al pedido de sus familiares hace algunos d\u00edas.<\/p>\n<div class=\"row q-gutter-sm\"><\/div>\n<\/div>\n<div id=\"body-content\" class=\"text-body relative-position bg-white q-px-md q-py-sm\">\n<p>La situaci\u00f3n de Marco no mejora, como se esperaba al inicio de la semana pasada. Y si bien Isaac \u00c1lvarez asegur\u00f3 que tampoco han existido cambios para mal, el jugador sigue siendo objeto de todas las preocupaciones en el f\u00fatbol ecuatoriano.<\/p>\n<p>&nbsp;<\/p>\n<p>As\u00ed lo detall\u00f3. \u201cPreferir\u00eda que ya bajemos un poco esta intensidad. Es lo que se ha hecho, est\u00e1 en un estado estacionario, no ha tenido mejor\u00eda ni desmejora. Esperamos, Dios quiera, que \u00e9l decida lo que sea lo mejor para Marco\u201d. <strong>Fuente: Futbolecuador<\/strong><\/p>\n<p>&nbsp;<\/p>\n<\/div>\n<\/section>\n","protected":false},"excerpt":{"rendered":"<p>\u00abEst\u00e1 en un estado estacionario, no ha tenido mejor\u00eda ni desmejora. Esperamos, Dios quiera, que \u00e9l decida lo que sea lo mejor\u00bb Este jueves, el presidente de Liga Deportiva Universitaria, Isaac \u00c1lvarez, habl\u00f3 sobre el estado de salud de Marco Angulo. Lo hizo, eso s\u00ed, con mucha cautela por respeto al pedido de sus familiares hace algunos d\u00edas. La situaci\u00f3n de Marco no mejora, como se esperaba al inicio de la semana pasada. Y si bien Isaac \u00c1lvarez asegur\u00f3 que tampoco han existido cambios para mal, el jugador sigue siendo objeto de todas las preocupaciones en el f\u00fatbol ecuatoriano. &nbsp; As\u00ed lo detall\u00f3. \u201cPreferir\u00eda que ya bajemos un poco esta intensidad. Es lo que se ha hecho, est\u00e1 en un estado estacionario, no ha tenido mejor\u00eda ni desmejora. Esperamos, Dios quiera, que \u00e9l decida lo que sea lo mejor para Marco\u201d. Fuente: Futbolecuador &nbsp;<\/p>\n","protected":false},"author":1,"featured_media":19541,"comment_status":"open","ping_status":"open","sticky":false,"template":"","format":"standard","meta":{"footnotes":""},"categories":[6],"tags":[],"class_list":["post-19540","post","type-post","status-publish","format-standard","has-post-thumbnail","hentry","category-deportes"],"_links":{"self":[{"href":"https:\/\/www.elamazonico.com\/portal\/wp-json\/wp\/v2\/posts\/19540","targetHints":{"allow":["GET"]}}],"collection":[{"href":"https:\/\/www.elamazonico.com\/portal\/wp-json\/wp\/v2\/posts"}],"about":[{"href":"https:\/\/www.elamazonico.com\/portal\/wp-json\/wp\/v2\/types\/post"}],"author":[{"embeddable":true,"href":"https:\/\/www.elamazonico.com\/portal\/wp-json\/wp\/v2\/users\/1"}],"replies":[{"embeddable":true,"href":"https:\/\/www.elamazonico.com\/portal\/wp-json\/wp\/v2\/comments?post=19540"}],"version-history":[{"count":1,"href":"https:\/\/www.elamazonico.com\/portal\/wp-json\/wp\/v2\/posts\/19540\/revisions"}],"predecessor-version":[{"id":19542,"href":"https:\/\/www.elamazonico.com\/portal\/wp-json\/wp\/v2\/posts\/19540\/revisions\/19542"}],"wp:featuredmedia":[{"embeddable":true,"href":"https:\/\/www.elamazonico.com\/portal\/wp-json\/wp\/v2\/media\/19541"}],"wp:attachment":[{"href":"https:\/\/www.elamazonico.com\/portal\/wp-json\/wp\/v2\/media?parent=19540"}],"wp:term":[{"taxonomy":"category","embeddable":true,"href":"https:\/\/www.elamazonico.com\/portal\/wp-json\/wp\/v2\/categories?post=19540"},{"taxonomy":"post_tag","embeddable":true,"href":"https:\/\/www.elamazonico.com\/portal\/wp-json\/wp\/v2\/tags?post=19540"}],"curies":[{"name":"wp","href":"https:\/\/api.w.org\/{rel}","templated":true}]}}