{"id":19497,"date":"2024-10-17T15:32:39","date_gmt":"2024-10-17T20:32:39","guid":{"rendered":"https:\/\/www.elamazonico.com\/portal\/?p=19497"},"modified":"2024-10-17T15:36:19","modified_gmt":"2024-10-17T20:36:19","slug":"el-presidente-de-ldu-saca-a-la-luz-publica-como-quedo-la-deuda-con-antonio-valencia","status":"publish","type":"post","link":"https:\/\/www.elamazonico.com\/portal\/el-presidente-de-ldu-saca-a-la-luz-publica-como-quedo-la-deuda-con-antonio-valencia\/","title":{"rendered":"\u00a1El Presidente de LDU saca a la luz p\u00fablica c\u00f3mo qued\u00f3 la deuda con Antonio Valencia!"},"content":{"rendered":"<section class=\"bg-white\">\n<h2 class=\"text-subtitle q-pa-md\">Antonio Valencia no demand\u00f3 a la U pese a los altos montos adeudados e Isaac \u00c1lvarez se confes\u00f3 sobre la charla que tuvo con el To\u00f1o<\/h2>\n<\/section>\n<section class=\"column no-wrap\">\n<div id=\"lead-content\" class=\"text-body bg-white q-px-md q-py-sm\">\n<p>A cargo de la responsabilidad de presidir a\u00a0<strong><a href=\"https:\/\/www.futbolecuador.com\/categoria\/liga\" target=\"_self\" rel=\"noopener\">Liga Deportiva Universitaria<\/a><\/strong>, Isaac \u00c1lvarez se confes\u00f3 este jueves en torno a c\u00f3mo qued\u00f3 el tema de la deuda que mantiene el Rey de Copas del Ecuador con Antonio Valencia, quien pese al alto monto adeudado, no demand\u00f3 a la U sino que aguard\u00f3 pacientemente para llegar a un acuerdo.<\/p>\n<\/div>\n<div id=\"body-content\" class=\"text-body relative-position bg-white q-px-md q-py-sm\">\n<p>\u201cVe\u00eda unos tuits que se preocupan de las deudas de Liga, \u00a1noticia! Eso ya lo sabemos, \u00bfcu\u00e1l es el punto? Hoy se mencionaba una deuda con un gran jugador, una gran persona que es Antonio Valencia. Llegamos a un acuerdo creo que en dos horas. Y claro que vamos a pagar, son deudas de hace 4, 5 a\u00f1os, no es que ahora yo me endeud\u00e9 y no le estoy pagando\u201d, inici\u00f3 Isaac \u00c1lvarez.<\/p>\n<p>\u201cEs una deuda institucional que tenemos que asumir quienes estamos ahora, porque esa es la historia del f\u00fatbol. Y ponernos aqu\u00ed a reprochar, no logramos nada. Hay que ver salidas, hay que ver c\u00f3mo lograr una LDU m\u00e1s fuerte, que no tomar\u00e1 poco tiempo, pero ser\u00e1 el tiempo que vaya a necesitarse para lograr eso\u201d, complement\u00f3 el presidente de LDU en \u00c1rea Deportiva (99.3 FM). <strong>Fuente: Futbolecuador<\/strong><\/p>\n<p>&nbsp;<\/p>\n<\/div>\n<\/section>\n","protected":false},"excerpt":{"rendered":"<p>Antonio Valencia no demand\u00f3 a la U pese a los altos montos adeudados e Isaac \u00c1lvarez se confes\u00f3 sobre la charla que tuvo con el To\u00f1o A cargo de la responsabilidad de presidir a\u00a0Liga Deportiva Universitaria, Isaac \u00c1lvarez se confes\u00f3 este jueves en torno a c\u00f3mo qued\u00f3 el tema de la deuda que mantiene el Rey de Copas del Ecuador con Antonio Valencia, quien pese al alto monto adeudado, no demand\u00f3 a la U sino que aguard\u00f3 pacientemente para llegar a un acuerdo. \u201cVe\u00eda unos tuits que se preocupan de las deudas de Liga, \u00a1noticia! Eso ya lo sabemos, \u00bfcu\u00e1l es el punto? Hoy se mencionaba una deuda con un gran jugador, una gran persona que es Antonio Valencia. Llegamos a un acuerdo creo que en dos horas. Y claro que vamos a pagar, son deudas de hace 4, 5 a\u00f1os, no es que ahora yo me endeud\u00e9 y no le estoy pagando\u201d, inici\u00f3 Isaac \u00c1lvarez. \u201cEs una deuda institucional que tenemos que asumir quienes estamos ahora, porque esa es la historia del f\u00fatbol. Y ponernos aqu\u00ed a reprochar, no logramos nada. Hay que ver salidas, hay que ver c\u00f3mo lograr una LDU m\u00e1s fuerte, que no tomar\u00e1 poco tiempo, pero ser\u00e1 el tiempo que vaya a necesitarse para lograr eso\u201d, complement\u00f3 el presidente de LDU en \u00c1rea Deportiva (99.3 FM). Fuente: Futbolecuador &nbsp;<\/p>\n","protected":false},"author":1,"featured_media":19498,"comment_status":"open","ping_status":"open","sticky":false,"template":"","format":"standard","meta":{"footnotes":""},"categories":[6],"tags":[],"class_list":["post-19497","post","type-post","status-publish","format-standard","has-post-thumbnail","hentry","category-deportes"],"_links":{"self":[{"href":"https:\/\/www.elamazonico.com\/portal\/wp-json\/wp\/v2\/posts\/19497","targetHints":{"allow":["GET"]}}],"collection":[{"href":"https:\/\/www.elamazonico.com\/portal\/wp-json\/wp\/v2\/posts"}],"about":[{"href":"https:\/\/www.elamazonico.com\/portal\/wp-json\/wp\/v2\/types\/post"}],"author":[{"embeddable":true,"href":"https:\/\/www.elamazonico.com\/portal\/wp-json\/wp\/v2\/users\/1"}],"replies":[{"embeddable":true,"href":"https:\/\/www.elamazonico.com\/portal\/wp-json\/wp\/v2\/comments?post=19497"}],"version-history":[{"count":1,"href":"https:\/\/www.elamazonico.com\/portal\/wp-json\/wp\/v2\/posts\/19497\/revisions"}],"predecessor-version":[{"id":19499,"href":"https:\/\/www.elamazonico.com\/portal\/wp-json\/wp\/v2\/posts\/19497\/revisions\/19499"}],"wp:featuredmedia":[{"embeddable":true,"href":"https:\/\/www.elamazonico.com\/portal\/wp-json\/wp\/v2\/media\/19498"}],"wp:attachment":[{"href":"https:\/\/www.elamazonico.com\/portal\/wp-json\/wp\/v2\/media?parent=19497"}],"wp:term":[{"taxonomy":"category","embeddable":true,"href":"https:\/\/www.elamazonico.com\/portal\/wp-json\/wp\/v2\/categories?post=19497"},{"taxonomy":"post_tag","embeddable":true,"href":"https:\/\/www.elamazonico.com\/portal\/wp-json\/wp\/v2\/tags?post=19497"}],"curies":[{"name":"wp","href":"https:\/\/api.w.org\/{rel}","templated":true}]}}