{"id":19494,"date":"2024-10-17T15:27:45","date_gmt":"2024-10-17T20:27:45","guid":{"rendered":"https:\/\/www.elamazonico.com\/portal\/?p=19494"},"modified":"2024-10-17T15:29:38","modified_gmt":"2024-10-17T20:29:38","slug":"ldu-confirma-que-llego-una-oferta-por-alex-arce-que-se-se-puede-dar","status":"publish","type":"post","link":"https:\/\/www.elamazonico.com\/portal\/ldu-confirma-que-llego-una-oferta-por-alex-arce-que-se-se-puede-dar\/","title":{"rendered":"\u00a1LDU confirma que lleg\u00f3 una oferta por Alex Arce que se \u201cse puede dar\u201d!"},"content":{"rendered":"<section class=\"bg-white\">\n<h2 class=\"text-subtitle q-pa-md\">Ya un gigante de Brasil lo trat\u00f3 de fichar y ahora, el presidente de Liga se sincera sobre el futuro de su 9 de Paraguay de cara al 2025<\/h2>\n<\/section>\n<section class=\"column no-wrap\">\n<div id=\"lead-content\" class=\"text-body bg-white q-px-md q-py-sm\">\n<p>Ha causado sensaci\u00f3n en esta temporada 2024 defendiendo los colores de\u00a0<strong><a href=\"https:\/\/www.futbolecuador.com\/categoria\/liga\" target=\"_self\" rel=\"noopener\">Liga Deportiva Universitaria<\/a><\/strong>. Y restando dos meses para que termine el a\u00f1o, el presidente albo Isaac \u00c1lvarez se confes\u00f3 sobre la nueva oferta que lleg\u00f3 por Alex Arce, quien registra 26 goles y 4 asistencias en 38 partidos disputados por el Rey de Copas.<\/p>\n<\/div>\n<div id=\"body-content\" class=\"text-body relative-position bg-white q-px-md q-py-sm\">\n<p>\u201cDe Alex hemos recibido actualmente un par de ofertas y actualmente Eduardo (\u00c1lvarez), nuestro director deportivo, est\u00e1 trabajando en ello, pero tiene que ser de preferencia cash (efectivo) porque necesitamos eso ahora\u201d, inici\u00f3 Isaac \u00c1lvarez en una entrevista que concedi\u00f3 visitando las instalaciones de radio \u2018\u00c1rea Deportiva\u2019 (99.3 FM), sincer\u00e1ndose sobre el futuro del 9 paraguayo de 29 a\u00f1os que tiene contrato hasta 2027 con el Rey de Copas.<\/p>\n<p>\u201cHubo a principio de a\u00f1o una situaci\u00f3n de Corinthians, que yo se lo expliqu\u00e9 a su representante, que primero va a estar siempre Liga, despu\u00e9s va a estar el jugador y despu\u00e9s, con todo respeto, el representante. Si usted me trae una propuesta que es buena para jugador y representante, pero para Liga no, le voy a decir que no\u201d, asever\u00f3 el principal directivo de los Albos.<\/p>\n<p>\u201cSi hacemos una inversi\u00f3n, tiene que ser una buena propuesta para todos, no s\u00f3lo para uno. Entonces, lo de Alex esperamos que se d\u00e9, incluso por el crecimiento de \u00e9l. Hay una propuesta por un porcentaje importante que se puede dar. Tendr\u00edamos que hablar con Alex, \u00e9l est\u00e1 c\u00f3modo en LDU, como lo est\u00e1n todos. El camerino de LDU es un camerino muy unido\u201d, culmin\u00f3 el presidente de LDU.\u00a0 <strong>Fuente: Futbolecuador<\/strong><\/p>\n<\/div>\n<\/section>\n","protected":false},"excerpt":{"rendered":"<p>Ya un gigante de Brasil lo trat\u00f3 de fichar y ahora, el presidente de Liga se sincera sobre el futuro de su 9 de Paraguay de cara al 2025 Ha causado sensaci\u00f3n en esta temporada 2024 defendiendo los colores de\u00a0Liga Deportiva Universitaria. Y restando dos meses para que termine el a\u00f1o, el presidente albo Isaac \u00c1lvarez se confes\u00f3 sobre la nueva oferta que lleg\u00f3 por Alex Arce, quien registra 26 goles y 4 asistencias en 38 partidos disputados por el Rey de Copas. \u201cDe Alex hemos recibido actualmente un par de ofertas y actualmente Eduardo (\u00c1lvarez), nuestro director deportivo, est\u00e1 trabajando en ello, pero tiene que ser de preferencia cash (efectivo) porque necesitamos eso ahora\u201d, inici\u00f3 Isaac \u00c1lvarez en una entrevista que concedi\u00f3 visitando las instalaciones de radio \u2018\u00c1rea Deportiva\u2019 (99.3 FM), sincer\u00e1ndose sobre el futuro del 9 paraguayo de 29 a\u00f1os que tiene contrato hasta 2027 con el Rey de Copas. \u201cHubo a principio de a\u00f1o una situaci\u00f3n de Corinthians, que yo se lo expliqu\u00e9 a su representante, que primero va a estar siempre Liga, despu\u00e9s va a estar el jugador y despu\u00e9s, con todo respeto, el representante. Si usted me trae una propuesta que es buena para jugador y representante, pero para Liga no, le voy a decir que no\u201d, asever\u00f3 el principal directivo de los Albos. \u201cSi hacemos una inversi\u00f3n, tiene que ser una buena propuesta para todos, no s\u00f3lo para uno. Entonces, lo de Alex esperamos que se d\u00e9, incluso por el crecimiento de \u00e9l. Hay una propuesta por un porcentaje importante que se puede dar. Tendr\u00edamos que hablar con Alex, \u00e9l est\u00e1 c\u00f3modo en LDU, como lo est\u00e1n todos. El camerino de LDU es un camerino muy unido\u201d, culmin\u00f3 el presidente de LDU.\u00a0 Fuente: Futbolecuador<\/p>\n","protected":false},"author":1,"featured_media":19495,"comment_status":"open","ping_status":"open","sticky":false,"template":"","format":"standard","meta":{"footnotes":""},"categories":[6],"tags":[],"class_list":["post-19494","post","type-post","status-publish","format-standard","has-post-thumbnail","hentry","category-deportes"],"_links":{"self":[{"href":"https:\/\/www.elamazonico.com\/portal\/wp-json\/wp\/v2\/posts\/19494","targetHints":{"allow":["GET"]}}],"collection":[{"href":"https:\/\/www.elamazonico.com\/portal\/wp-json\/wp\/v2\/posts"}],"about":[{"href":"https:\/\/www.elamazonico.com\/portal\/wp-json\/wp\/v2\/types\/post"}],"author":[{"embeddable":true,"href":"https:\/\/www.elamazonico.com\/portal\/wp-json\/wp\/v2\/users\/1"}],"replies":[{"embeddable":true,"href":"https:\/\/www.elamazonico.com\/portal\/wp-json\/wp\/v2\/comments?post=19494"}],"version-history":[{"count":1,"href":"https:\/\/www.elamazonico.com\/portal\/wp-json\/wp\/v2\/posts\/19494\/revisions"}],"predecessor-version":[{"id":19496,"href":"https:\/\/www.elamazonico.com\/portal\/wp-json\/wp\/v2\/posts\/19494\/revisions\/19496"}],"wp:featuredmedia":[{"embeddable":true,"href":"https:\/\/www.elamazonico.com\/portal\/wp-json\/wp\/v2\/media\/19495"}],"wp:attachment":[{"href":"https:\/\/www.elamazonico.com\/portal\/wp-json\/wp\/v2\/media?parent=19494"}],"wp:term":[{"taxonomy":"category","embeddable":true,"href":"https:\/\/www.elamazonico.com\/portal\/wp-json\/wp\/v2\/categories?post=19494"},{"taxonomy":"post_tag","embeddable":true,"href":"https:\/\/www.elamazonico.com\/portal\/wp-json\/wp\/v2\/tags?post=19494"}],"curies":[{"name":"wp","href":"https:\/\/api.w.org\/{rel}","templated":true}]}}