{"id":19455,"date":"2024-10-16T09:33:54","date_gmt":"2024-10-16T14:33:54","guid":{"rendered":"https:\/\/www.elamazonico.com\/portal\/?p=19455"},"modified":"2024-10-16T09:33:54","modified_gmt":"2024-10-16T14:33:54","slug":"eliminatorias-moises-caicedo-no-jugara-en-guayaquil","status":"publish","type":"post","link":"https:\/\/www.elamazonico.com\/portal\/eliminatorias-moises-caicedo-no-jugara-en-guayaquil\/","title":{"rendered":"Eliminatorias: Mois\u00e9s Caicedo no jugar\u00e1 en Guayaquil"},"content":{"rendered":"<p>El volante ecuatoriano,<strong>\u00a0Mois\u00e9s Caicedo,<\/strong>\u00a0se perder\u00e1 el duelo contra Bolivia, programado para noviembre en Guayaquil, por las\u00a0<strong>Eliminatorias<\/strong>\u00a0al Mundial 2026.<\/p>\n<div class=\"google-auto-placed ap_container\"><ins class=\"adsbygoogle adsbygoogle-noablate\" data-ad-format=\"auto\" data-ad-client=\"ca-pub-4257119852434871\" data-adsbygoogle-status=\"done\" data-ad-status=\"unfilled\"><\/p>\n<div id=\"aswift_2_host\">Caicedo fue el \u00fanico jugador <strong>amonestado<\/strong>\u00a0en este compromiso, a pesar de que se jug\u00f3 con mucha fuerza y hubo otras faltas igual de\u00a0<strong>graves<\/strong>.<\/div>\n<p><\/ins><\/div>\n<p>El entrenador Sebasti\u00e1n\u00a0<strong>Beccacece<\/strong>\u00a0tiene varias opciones para reemplazarlo. La principal es \u00d3scar Zambrano, quien ya estuvo en la doble fecha de octubre y est\u00e1 adaptado a lo que se busca en esa zona.<\/p>\n<p>Otros nombres son Carlos\u00a0<strong>Gruezo<\/strong>\u00a0y Jhegson\u00a0<strong>M\u00e9ndez<\/strong>. Aunque, ellos no fueron convocados en esta oportunidad.<\/p>\n<p>Alan Franco, F\u00e9lix Torres y\u00a0<strong>Kendry P\u00e1ez<\/strong>\u00a0tambi\u00e9n est\u00e1n con una amarilla. Si vuelven a ser amonestados contra Bolivia, ellos se perder\u00e1n el partido ante Colombia en Barranquilla.<\/p>\n","protected":false},"excerpt":{"rendered":"<p>El volante ecuatoriano,\u00a0Mois\u00e9s Caicedo,\u00a0se perder\u00e1 el duelo contra Bolivia, programado para noviembre en Guayaquil, por las\u00a0Eliminatorias\u00a0al Mundial 2026. Caicedo fue el \u00fanico jugador amonestado\u00a0en este compromiso, a pesar de que se jug\u00f3 con mucha fuerza y hubo otras faltas igual de\u00a0graves. El entrenador Sebasti\u00e1n\u00a0Beccacece\u00a0tiene varias opciones para reemplazarlo. La principal es \u00d3scar Zambrano, quien ya estuvo en la doble fecha de octubre y est\u00e1 adaptado a lo que se busca en esa zona. Otros nombres son Carlos\u00a0Gruezo\u00a0y Jhegson\u00a0M\u00e9ndez. Aunque, ellos no fueron convocados en esta oportunidad. Alan Franco, F\u00e9lix Torres y\u00a0Kendry P\u00e1ez\u00a0tambi\u00e9n est\u00e1n con una amarilla. Si vuelven a ser amonestados contra Bolivia, ellos se perder\u00e1n el partido ante Colombia en Barranquilla.<\/p>\n","protected":false},"author":1,"featured_media":19456,"comment_status":"open","ping_status":"open","sticky":false,"template":"","format":"standard","meta":{"footnotes":""},"categories":[6],"tags":[],"class_list":["post-19455","post","type-post","status-publish","format-standard","has-post-thumbnail","hentry","category-deportes"],"_links":{"self":[{"href":"https:\/\/www.elamazonico.com\/portal\/wp-json\/wp\/v2\/posts\/19455","targetHints":{"allow":["GET"]}}],"collection":[{"href":"https:\/\/www.elamazonico.com\/portal\/wp-json\/wp\/v2\/posts"}],"about":[{"href":"https:\/\/www.elamazonico.com\/portal\/wp-json\/wp\/v2\/types\/post"}],"author":[{"embeddable":true,"href":"https:\/\/www.elamazonico.com\/portal\/wp-json\/wp\/v2\/users\/1"}],"replies":[{"embeddable":true,"href":"https:\/\/www.elamazonico.com\/portal\/wp-json\/wp\/v2\/comments?post=19455"}],"version-history":[{"count":1,"href":"https:\/\/www.elamazonico.com\/portal\/wp-json\/wp\/v2\/posts\/19455\/revisions"}],"predecessor-version":[{"id":19457,"href":"https:\/\/www.elamazonico.com\/portal\/wp-json\/wp\/v2\/posts\/19455\/revisions\/19457"}],"wp:featuredmedia":[{"embeddable":true,"href":"https:\/\/www.elamazonico.com\/portal\/wp-json\/wp\/v2\/media\/19456"}],"wp:attachment":[{"href":"https:\/\/www.elamazonico.com\/portal\/wp-json\/wp\/v2\/media?parent=19455"}],"wp:term":[{"taxonomy":"category","embeddable":true,"href":"https:\/\/www.elamazonico.com\/portal\/wp-json\/wp\/v2\/categories?post=19455"},{"taxonomy":"post_tag","embeddable":true,"href":"https:\/\/www.elamazonico.com\/portal\/wp-json\/wp\/v2\/tags?post=19455"}],"curies":[{"name":"wp","href":"https:\/\/api.w.org\/{rel}","templated":true}]}}