{"id":19318,"date":"2024-10-13T16:07:28","date_gmt":"2024-10-13T21:07:28","guid":{"rendered":"https:\/\/www.elamazonico.com\/portal\/?p=19318"},"modified":"2024-10-13T16:07:28","modified_gmt":"2024-10-13T21:07:28","slug":"sebastian-beccacece-antes-de-enfrentar-a-uruguay-marcelo-bielsa-es-mi-referente-como-un-padre","status":"publish","type":"post","link":"https:\/\/www.elamazonico.com\/portal\/sebastian-beccacece-antes-de-enfrentar-a-uruguay-marcelo-bielsa-es-mi-referente-como-un-padre\/","title":{"rendered":"Sebasti\u00e1n Beccacece antes de enfrentar a Uruguay: \u00abMarcelo Bielsa es mi referente, como un padre\u00bb"},"content":{"rendered":"<p>La selecci\u00f3n de Ecuador regres\u00f3 a los entrenamientos despu\u00e9s del empate ante Paraguay, por la Fecha 9 de las Eliminatorias al Mundial. La \u00fanica duda en el plantel de Sebasti\u00e1n Beccacece, para el siguiente encuentro ante Uruguay, es la de John Yeboah, que se lesion\u00f3 en el calentamiento.<\/p>\n<p>El director t\u00e9cnico de la Tricolor ofreci\u00f3 una rueda de prensa, este s\u00e1bado 12 de octubre, en la Casa de la Selecci\u00f3n, en la que habl\u00f3 del partido ante la &#8216;Celeste&#8217;. Beccacece volvi\u00f3 a insistir en que Ecuador jug\u00f3 bien ante Paraguay y que mereci\u00f3 ganar.<\/p>\n<p>Sin embargo, el entrenador ya piensa en Uruguay y no tuvo reparos en decir que Marcelo Bielsa ha sido como su segundo padre. \u00abPara m\u00ed ha sido un referente, no solamente en mi carrera sino en mi vida. Siempre ha sido mi viejo y despu\u00e9s cuando era muy adolescente siempre a sido Marcelo.\u00bb<\/p>\n<p>De todas formas, el DT de la Tricolor no quiso hablar de los problemas internos del camerino de Uruguay, despu\u00e9s de las pol\u00e9micas declaraciones de Luis Su\u00e1rez.<\/p>\n<p>\u00ab\u200bHa sido un padre futbol\u00edstico para m\u00ed, pero hoy se enfrentan Ecuador y Uruguay, los entrenadores no somos los importantes\u00bb.<\/p>\n<p><strong>Sebasti\u00e1n Beccacece sobre\u00a0 Marcelo Bielsa<\/strong><br \/>\nEl entrenador tambi\u00e9n habl\u00f3 sobre dos jugadores en particular: John Yeboah y Kendry Pa\u00e9z. Sobre el jugador del Venezia explic\u00f3 que viene sin jugar en los \u00faltimos tres meses y que por eso no tuvo m\u00e1s minutos en el partido ante Paraguay.<\/p>\n<p>\u00abYeboah es la \u00fanica duda que tenemos. Desde junio hasta hoy ha jugado 118 minutos, la mayor\u00eda con la Selecci\u00f3n. Yeboah lleg\u00f3 ac\u00e1 porque tiene calidad, pero ahora no est\u00e1 en condiciones, se tiene que adaptar mejor\u00bb.<\/p>\n<p>Y sobre Kendry P\u00e1ez, el DT no quiso dar mayores explicaciones sobre su rendimiento, pero dijo que en la concentraci\u00f3n mira a \u00abun ni\u00f1o feliz\u00bb y volvi\u00f3 a insistir en que lo mejor que le puede pasar es que ya se vaya del pa\u00eds.<\/p>\n<p>Ecuador y Uruguay se enfrentar\u00e1n el martes 15 de octubre, desde las 18:30 (hora de nuestro pa\u00eds), en el estadio Centenario de Montevideo, por la Fecha 10 de las Eliminatorias al Mundial.<\/p>\n<p>Estas fueron las declaraciones m\u00e1s importantes de Sebasti\u00e1n Beccacece:<\/p>\n<p>12\/10\/2024<\/p>\n<p>12:56<\/p>\n<p><strong>Sobre la capitan\u00eda<\/strong><br \/>\nBeccacece explica que la responsabilidad de la cinta de capit\u00e1n va a ser compartida. \u00abVa a ser una tendencia. Me ha funcionado en otros lugares y ac\u00e1 me ha encantado c\u00f3mo est\u00e1 funcionando. Tenemos gente muy sensible, honesta y comprometida como Enner y Hern\u00e1n y gente muy humilde como Pervis, Piero y Mois\u00e9s, que son muy humildes. C\u00f3mo se comprometen con la Selecci\u00f3n, me tiene encantado\u00bb.<\/p>\n<p>12\/10\/2024<\/p>\n<p>12:20<\/p>\n<p><strong>Sobre Kendry P\u00e1ez<\/strong><br \/>\nA pesar de las pol\u00e9micas en las que se ha involucrado Kendry P\u00e1ez, el DT destac\u00f3 que est\u00e1 feliz. \u201cYo te hablo de lo que vivo ac\u00e1, veo a un ni\u00f1o muy feliz (\u2026) Est\u00e1 llev\u00e1ndose muy bien con sus compa\u00f1eros. Lo veo muy bien, con mucho \u00e1nimo. Ac\u00e1 se lo trata como uno m\u00e1s, no se siente sobre observado. Creo que puede mostrar mucho m\u00e1s. Salir de ac\u00e1 le va a hacer muy bien. No veo la hora de que se vaya\u00bb.<\/p>\n<p>12\/10\/2024<\/p>\n<p>12:18<\/p>\n<p><strong>Yeboah es la \u00fanica duda<\/strong><br \/>\nEl entrenador de Ecuador cont\u00f3 que John Yeboah no ha tenido continuidad en los \u00faltimos meses y que por eso no est\u00e1 en condiciones de ser titular: \u00abYeboah es la \u00fanica duda que tenemos. Desde junio hasta hoy ha jugado 118 minutos, la mayor\u00eda con la Selecci\u00f3n.\u00a0Yeboah lleg\u00f3 ac\u00e1 porque tiene condiciones, pero ahora no est\u00e1 en condiciones, se tiene que adaptar mejor, tiene que saber lo que es jugar unas Eliminatorias en Sudam\u00e9rica\u00bb.<\/p>\n<p>12\/10\/2024<\/p>\n<p>12:16<\/p>\n<p><strong>Sobre las Eliminatorias<\/strong><br \/>\nBeccacece habla de la dificultad de las Eliminatorias: \u00abEstoy muy contento porque hay mucha entrega y porque en ninguno de los tres partidos hemos sido superados. Hay que tener en cuenta la dificultad de la competencia y la jerarqu\u00eda de los rivales. Tomamos bien las cr\u00edticas, sabemos que nada es personal. Estamos en un momento de crecimiento\u00bb.<\/p>\n<p>12\/10\/2024<\/p>\n<p>12:13<\/p>\n<p><strong>Beccacece sobre Bielsa<\/strong><br \/>\n\u00abHa sido un padre futbol\u00edstico para m\u00ed, pero hoy se enfrentan Ecuador y Uruguay, los entrenadores no somos los importantes. Lo importante son las selecciones y los chicos. Ojal\u00e1 podamos romper esa historia que ha sido un poco adversa. Vamos con esas ganas y esa rabia de que no pudimos conseguir lo que quer\u00edamos. Necesitamos canalizar bien esa rabia\u00bb.<\/p>\n<p>12\/10\/2024<\/p>\n<p>12:11<\/p>\n<p><strong>\u00abMarcelo Bielsa es un referente\u00bb<\/strong><br \/>\nBeccacece se deshizo en elogios para Bielsa: \u00abPara mi ha sido un referente, no solamente en mi carrera sino en mi vida. Siempre ha sido mi viejo y despu\u00e9s cuando era muy adolescente siempre a sido Marcelo. Le tengo un gran cari\u00f1o, una gran admiraci\u00f3n, un respeto muy grande a su trayectoria, a su labor, a su profesionalidad y por eso digo que jugar en estos escenarios nos va a tener en una tensi\u00f3n muy linda\u00bb.<\/p>\n<p>12\/10\/2024<\/p>\n<p>12:05<\/p>\n<p><strong>Sobre los resultados<\/strong><br \/>\n\u201cHay que darle valor a lo que est\u00e1n haciendo los chicos\u201d, agreg\u00f3 Beccacece, quien est\u00e1 convencido de su trabajo y pide que se valore lo que hacen sus jugadores en la cancha.<br \/>\nPara hacer uso de este contenido cite la fuente y haga un enlace a la nota original en https:\/\/www.primicias.ec\/deportes\/sebastian-beccacece-ecuador-uruguay-eliminatorias-mundial2026-81035\/<\/p>\n","protected":false},"excerpt":{"rendered":"<p>La selecci\u00f3n de Ecuador regres\u00f3 a los entrenamientos despu\u00e9s del empate ante Paraguay, por la Fecha 9 de las Eliminatorias al Mundial. La \u00fanica duda en el plantel de Sebasti\u00e1n Beccacece, para el siguiente encuentro ante Uruguay, es la de John Yeboah, que se lesion\u00f3 en el calentamiento. El director t\u00e9cnico de la Tricolor ofreci\u00f3 una rueda de prensa, este s\u00e1bado 12 de octubre, en la Casa de la Selecci\u00f3n, en la que habl\u00f3 del partido ante la &#8216;Celeste&#8217;. Beccacece volvi\u00f3 a insistir en que Ecuador jug\u00f3 bien ante Paraguay y que mereci\u00f3 ganar. Sin embargo, el entrenador ya piensa en Uruguay y no tuvo reparos en decir que Marcelo Bielsa ha sido como su segundo padre. \u00abPara m\u00ed ha sido un referente, no solamente en mi carrera sino en mi vida. Siempre ha sido mi viejo y despu\u00e9s cuando era muy adolescente siempre a sido Marcelo.\u00bb De todas formas, el DT de la Tricolor no quiso hablar de los problemas internos del camerino de Uruguay, despu\u00e9s de las pol\u00e9micas declaraciones de Luis Su\u00e1rez. \u00ab\u200bHa sido un padre futbol\u00edstico para m\u00ed, pero hoy se enfrentan Ecuador y Uruguay, los entrenadores no somos los importantes\u00bb. Sebasti\u00e1n Beccacece sobre\u00a0 Marcelo Bielsa El entrenador tambi\u00e9n habl\u00f3 sobre dos jugadores en particular: John Yeboah y Kendry Pa\u00e9z. Sobre el jugador del Venezia explic\u00f3 que viene sin jugar en los \u00faltimos tres meses y que por eso no tuvo m\u00e1s minutos en el partido ante Paraguay. \u00abYeboah es la \u00fanica duda que tenemos. Desde junio hasta hoy ha jugado 118 minutos, la mayor\u00eda con la Selecci\u00f3n. Yeboah lleg\u00f3 ac\u00e1 porque tiene calidad, pero ahora no est\u00e1 en condiciones, se tiene que adaptar mejor\u00bb. Y sobre Kendry P\u00e1ez, el DT no quiso dar mayores explicaciones sobre su rendimiento, pero dijo que en la concentraci\u00f3n mira a \u00abun ni\u00f1o feliz\u00bb y volvi\u00f3 a insistir en que lo mejor que le puede pasar es que ya se vaya del pa\u00eds. Ecuador y Uruguay se enfrentar\u00e1n el martes 15 de octubre, desde las 18:30 (hora de nuestro pa\u00eds), en el estadio Centenario de Montevideo, por la Fecha 10 de las Eliminatorias al Mundial. Estas fueron las declaraciones m\u00e1s importantes de Sebasti\u00e1n Beccacece: 12\/10\/2024 12:56 Sobre la capitan\u00eda Beccacece explica que la responsabilidad de la cinta de capit\u00e1n va a ser compartida. \u00abVa a ser una tendencia. Me ha funcionado en otros lugares y ac\u00e1 me ha encantado c\u00f3mo est\u00e1 funcionando. Tenemos gente muy sensible, honesta y comprometida como Enner y Hern\u00e1n y gente muy humilde como Pervis, Piero y Mois\u00e9s, que son muy humildes. C\u00f3mo se comprometen con la Selecci\u00f3n, me tiene encantado\u00bb. 12\/10\/2024 12:20 Sobre Kendry P\u00e1ez A pesar de las pol\u00e9micas en las que se ha involucrado Kendry P\u00e1ez, el DT destac\u00f3 que est\u00e1 feliz. \u201cYo te hablo de lo que vivo ac\u00e1, veo a un ni\u00f1o muy feliz (\u2026) Est\u00e1 llev\u00e1ndose muy bien con sus compa\u00f1eros. Lo veo muy bien, con mucho \u00e1nimo. Ac\u00e1 se lo trata como uno m\u00e1s, no se siente sobre observado. Creo que puede mostrar mucho m\u00e1s. Salir de ac\u00e1 le va a hacer muy bien. No veo la hora de que se vaya\u00bb. 12\/10\/2024 12:18 Yeboah es la \u00fanica duda El entrenador de Ecuador cont\u00f3 que John Yeboah no ha tenido continuidad en los \u00faltimos meses y que por eso no est\u00e1 en condiciones de ser titular: \u00abYeboah es la \u00fanica duda que tenemos. Desde junio hasta hoy ha jugado 118 minutos, la mayor\u00eda con la Selecci\u00f3n.\u00a0Yeboah lleg\u00f3 ac\u00e1 porque tiene condiciones, pero ahora no est\u00e1 en condiciones, se tiene que adaptar mejor, tiene que saber lo que es jugar unas Eliminatorias en Sudam\u00e9rica\u00bb. 12\/10\/2024 12:16 Sobre las Eliminatorias Beccacece habla de la dificultad de las Eliminatorias: \u00abEstoy muy contento porque hay mucha entrega y porque en ninguno de los tres partidos hemos sido superados. Hay que tener en cuenta la dificultad de la competencia y la jerarqu\u00eda de los rivales. Tomamos bien las cr\u00edticas, sabemos que nada es personal. Estamos en un momento de crecimiento\u00bb. 12\/10\/2024 12:13 Beccacece sobre Bielsa \u00abHa sido un padre futbol\u00edstico para m\u00ed, pero hoy se enfrentan Ecuador y Uruguay, los entrenadores no somos los importantes. Lo importante son las selecciones y los chicos. Ojal\u00e1 podamos romper esa historia que ha sido un poco adversa. Vamos con esas ganas y esa rabia de que no pudimos conseguir lo que quer\u00edamos. Necesitamos canalizar bien esa rabia\u00bb. 12\/10\/2024 12:11 \u00abMarcelo Bielsa es un referente\u00bb Beccacece se deshizo en elogios para Bielsa: \u00abPara mi ha sido un referente, no solamente en mi carrera sino en mi vida. Siempre ha sido mi viejo y despu\u00e9s cuando era muy adolescente siempre a sido Marcelo. Le tengo un gran cari\u00f1o, una gran admiraci\u00f3n, un respeto muy grande a su trayectoria, a su labor, a su profesionalidad y por eso digo que jugar en estos escenarios nos va a tener en una tensi\u00f3n muy linda\u00bb. 12\/10\/2024 12:05 Sobre los resultados \u201cHay que darle valor a lo que est\u00e1n haciendo los chicos\u201d, agreg\u00f3 Beccacece, quien est\u00e1 convencido de su trabajo y pide que se valore lo que hacen sus jugadores en la cancha. Para hacer uso de este contenido cite la fuente y haga un enlace a la nota original en https:\/\/www.primicias.ec\/deportes\/sebastian-beccacece-ecuador-uruguay-eliminatorias-mundial2026-81035\/<\/p>\n","protected":false},"author":1,"featured_media":19319,"comment_status":"open","ping_status":"open","sticky":false,"template":"","format":"standard","meta":{"footnotes":""},"categories":[6],"tags":[],"class_list":["post-19318","post","type-post","status-publish","format-standard","has-post-thumbnail","hentry","category-deportes"],"_links":{"self":[{"href":"https:\/\/www.elamazonico.com\/portal\/wp-json\/wp\/v2\/posts\/19318","targetHints":{"allow":["GET"]}}],"collection":[{"href":"https:\/\/www.elamazonico.com\/portal\/wp-json\/wp\/v2\/posts"}],"about":[{"href":"https:\/\/www.elamazonico.com\/portal\/wp-json\/wp\/v2\/types\/post"}],"author":[{"embeddable":true,"href":"https:\/\/www.elamazonico.com\/portal\/wp-json\/wp\/v2\/users\/1"}],"replies":[{"embeddable":true,"href":"https:\/\/www.elamazonico.com\/portal\/wp-json\/wp\/v2\/comments?post=19318"}],"version-history":[{"count":1,"href":"https:\/\/www.elamazonico.com\/portal\/wp-json\/wp\/v2\/posts\/19318\/revisions"}],"predecessor-version":[{"id":19320,"href":"https:\/\/www.elamazonico.com\/portal\/wp-json\/wp\/v2\/posts\/19318\/revisions\/19320"}],"wp:featuredmedia":[{"embeddable":true,"href":"https:\/\/www.elamazonico.com\/portal\/wp-json\/wp\/v2\/media\/19319"}],"wp:attachment":[{"href":"https:\/\/www.elamazonico.com\/portal\/wp-json\/wp\/v2\/media?parent=19318"}],"wp:term":[{"taxonomy":"category","embeddable":true,"href":"https:\/\/www.elamazonico.com\/portal\/wp-json\/wp\/v2\/categories?post=19318"},{"taxonomy":"post_tag","embeddable":true,"href":"https:\/\/www.elamazonico.com\/portal\/wp-json\/wp\/v2\/tags?post=19318"}],"curies":[{"name":"wp","href":"https:\/\/api.w.org\/{rel}","templated":true}]}}