{"id":19256,"date":"2024-10-09T21:07:15","date_gmt":"2024-10-10T02:07:15","guid":{"rendered":"https:\/\/www.elamazonico.com\/portal\/?p=19256"},"modified":"2024-10-09T21:07:15","modified_gmt":"2024-10-10T02:07:15","slug":"gustavo-alfaro-rompe-en-llanto-antes-de-jugar-frente-a-la-seleccion-de-ecuador","status":"publish","type":"post","link":"https:\/\/www.elamazonico.com\/portal\/gustavo-alfaro-rompe-en-llanto-antes-de-jugar-frente-a-la-seleccion-de-ecuador\/","title":{"rendered":"Gustavo Alfaro rompe en llanto antes de jugar frente a la Selecci\u00f3n de Ecuador"},"content":{"rendered":"<p>El DT Gustavo Alfaro se medir\u00e1 ante la Selecci\u00f3n de Ecuador en las eliminatorias rumbo al Mundial 2026 y lo har\u00e1 al mando de Paraguay. Antes del partido, el estratega se refiri\u00f3 a su relaci\u00f3n con el pa\u00eds tricolor y rompi\u00f3 en llanto al explicar su sentir.<\/p>\n<p>El argentino retorn\u00f3 para disputar la novena fecha de los compromisos clasificatorios y lo realiz\u00f3 por primera vez luego de su salida de la Tri. Antes, este hab\u00eda dirigido al combinado ecuatoriano entre 2020 y 2022, a\u00f1os en los cuales disput\u00f3 las eliminatorias y el Mundial de Catar.<\/p>\n<p>La salida del estratega gaucho se produjo despu\u00e9s de que este decidiese no renovar su contrato con la Federaci\u00f3n Ecuatoriana de F\u00fatbol (FEF). A ra\u00edz de aquel suceso, este se march\u00f3 para dirigir a Costa Rica y, tras las Copa Am\u00e9rica, termin\u00f3 en Paraguay.<\/p>\n<p>En el caso de la Tri, el sucesor de Gustavo Alfaro fue el espa\u00f1ol F\u00e9lix S\u00e1nchez Bas. Despu\u00e9s de que este fuese eliminado en cuartos de final del m\u00e1ximo torneo de selecciones del continente, Sebasti\u00e1n Beccacece se hizo cargo del equipo.<\/p>\n<p>Ecuador, el \u2018lugar en el mundo\u2019 de Gustavo Alfaro<\/p>\n<p>Despu\u00e9s de separar caminos entre s\u00ed, la Selecci\u00f3n de Ecuador enfrentar\u00e1 a Alfaro en su tercer partido tras asumir el cargo de entrenador en la \u2018Albirroja\u2019. Antes, este consigui\u00f3 un empate como visitante ante Uruguay, en su debut, y venci\u00f3 a Brasil como local.<\/p>\n<p>De cara al nuevo choque ante el conjunto de la mitad del mundo, Alfaro brind\u00f3 una rueda de prensa en la concentraci\u00f3n guaran\u00ed. All\u00ed, este record\u00f3 su paso por el combinado ecuatoriano, el pa\u00eds y lo que represent\u00f3 su estancia.<\/p>\n<p>\u201cGracias a Ecuador, gracias a los jugadores, fundamentalmente. Gracias a esa vivencia que me hicieron sentir y que para m\u00ed est\u00e1 ac\u00e1. Esto me lo voy a llevar hasta el final de los d\u00edas. Tengo una nieta a la que le contar\u00e9 que su abuelo tuvo un lugar en el mundo donde fue feliz y, ojal\u00e1, tenga otro en el que pueda ser tan feliz como fue ac\u00e1\u201d, manifest\u00f3 entre l\u00e1grimas.<\/p>\n<p>Gustavo Alfaro y un grato reencuentro antes de ver a la Selecci\u00f3n de Ecuador<br \/>\nEl compromiso entre la Selecci\u00f3n de Ecuador y Paraguay se llevar\u00e1 a cabo este jueves 10 de octubre del 2024. Dos d\u00edas antes de aquel compromiso y uno antes de su conferencia de prensa, Alfaro tambi\u00e9n brind\u00f3 palabras y comparti\u00f3 un emotivo momento.<\/p>\n<p>Antes de iniciar uno de sus entrenamientos con el combinado paraguayo, este rompi\u00f3 el protocolo y se acerc\u00f3 a saludar y conversar con los periodistas presentes. All\u00ed, este se refiri\u00f3 a su reencuentro con el pa\u00eds y dio una breve impresi\u00f3n del equipo de Beccacece.<\/p>\n<p>\u201cLa veo (a la Tri) muy dif\u00edcil. Ecuador tiene una gran selecci\u00f3n y Paraguay tambi\u00e9n. Va a ser un lindo partido\u201d, sostuvo. <strong>Fuente: El Comercio<\/strong><\/p>\n<p>&nbsp;<\/p>\n","protected":false},"excerpt":{"rendered":"<p>El DT Gustavo Alfaro se medir\u00e1 ante la Selecci\u00f3n de Ecuador en las eliminatorias rumbo al Mundial 2026 y lo har\u00e1 al mando de Paraguay. Antes del partido, el estratega se refiri\u00f3 a su relaci\u00f3n con el pa\u00eds tricolor y rompi\u00f3 en llanto al explicar su sentir. El argentino retorn\u00f3 para disputar la novena fecha de los compromisos clasificatorios y lo realiz\u00f3 por primera vez luego de su salida de la Tri. Antes, este hab\u00eda dirigido al combinado ecuatoriano entre 2020 y 2022, a\u00f1os en los cuales disput\u00f3 las eliminatorias y el Mundial de Catar. La salida del estratega gaucho se produjo despu\u00e9s de que este decidiese no renovar su contrato con la Federaci\u00f3n Ecuatoriana de F\u00fatbol (FEF). A ra\u00edz de aquel suceso, este se march\u00f3 para dirigir a Costa Rica y, tras las Copa Am\u00e9rica, termin\u00f3 en Paraguay. En el caso de la Tri, el sucesor de Gustavo Alfaro fue el espa\u00f1ol F\u00e9lix S\u00e1nchez Bas. Despu\u00e9s de que este fuese eliminado en cuartos de final del m\u00e1ximo torneo de selecciones del continente, Sebasti\u00e1n Beccacece se hizo cargo del equipo. Ecuador, el \u2018lugar en el mundo\u2019 de Gustavo Alfaro Despu\u00e9s de separar caminos entre s\u00ed, la Selecci\u00f3n de Ecuador enfrentar\u00e1 a Alfaro en su tercer partido tras asumir el cargo de entrenador en la \u2018Albirroja\u2019. Antes, este consigui\u00f3 un empate como visitante ante Uruguay, en su debut, y venci\u00f3 a Brasil como local. De cara al nuevo choque ante el conjunto de la mitad del mundo, Alfaro brind\u00f3 una rueda de prensa en la concentraci\u00f3n guaran\u00ed. All\u00ed, este record\u00f3 su paso por el combinado ecuatoriano, el pa\u00eds y lo que represent\u00f3 su estancia. \u201cGracias a Ecuador, gracias a los jugadores, fundamentalmente. Gracias a esa vivencia que me hicieron sentir y que para m\u00ed est\u00e1 ac\u00e1. Esto me lo voy a llevar hasta el final de los d\u00edas. Tengo una nieta a la que le contar\u00e9 que su abuelo tuvo un lugar en el mundo donde fue feliz y, ojal\u00e1, tenga otro en el que pueda ser tan feliz como fue ac\u00e1\u201d, manifest\u00f3 entre l\u00e1grimas. Gustavo Alfaro y un grato reencuentro antes de ver a la Selecci\u00f3n de Ecuador El compromiso entre la Selecci\u00f3n de Ecuador y Paraguay se llevar\u00e1 a cabo este jueves 10 de octubre del 2024. Dos d\u00edas antes de aquel compromiso y uno antes de su conferencia de prensa, Alfaro tambi\u00e9n brind\u00f3 palabras y comparti\u00f3 un emotivo momento. Antes de iniciar uno de sus entrenamientos con el combinado paraguayo, este rompi\u00f3 el protocolo y se acerc\u00f3 a saludar y conversar con los periodistas presentes. All\u00ed, este se refiri\u00f3 a su reencuentro con el pa\u00eds y dio una breve impresi\u00f3n del equipo de Beccacece. \u201cLa veo (a la Tri) muy dif\u00edcil. Ecuador tiene una gran selecci\u00f3n y Paraguay tambi\u00e9n. Va a ser un lindo partido\u201d, sostuvo. Fuente: El Comercio &nbsp;<\/p>\n","protected":false},"author":1,"featured_media":19257,"comment_status":"open","ping_status":"open","sticky":false,"template":"","format":"standard","meta":{"footnotes":""},"categories":[6],"tags":[],"class_list":["post-19256","post","type-post","status-publish","format-standard","has-post-thumbnail","hentry","category-deportes"],"_links":{"self":[{"href":"https:\/\/www.elamazonico.com\/portal\/wp-json\/wp\/v2\/posts\/19256","targetHints":{"allow":["GET"]}}],"collection":[{"href":"https:\/\/www.elamazonico.com\/portal\/wp-json\/wp\/v2\/posts"}],"about":[{"href":"https:\/\/www.elamazonico.com\/portal\/wp-json\/wp\/v2\/types\/post"}],"author":[{"embeddable":true,"href":"https:\/\/www.elamazonico.com\/portal\/wp-json\/wp\/v2\/users\/1"}],"replies":[{"embeddable":true,"href":"https:\/\/www.elamazonico.com\/portal\/wp-json\/wp\/v2\/comments?post=19256"}],"version-history":[{"count":1,"href":"https:\/\/www.elamazonico.com\/portal\/wp-json\/wp\/v2\/posts\/19256\/revisions"}],"predecessor-version":[{"id":19258,"href":"https:\/\/www.elamazonico.com\/portal\/wp-json\/wp\/v2\/posts\/19256\/revisions\/19258"}],"wp:featuredmedia":[{"embeddable":true,"href":"https:\/\/www.elamazonico.com\/portal\/wp-json\/wp\/v2\/media\/19257"}],"wp:attachment":[{"href":"https:\/\/www.elamazonico.com\/portal\/wp-json\/wp\/v2\/media?parent=19256"}],"wp:term":[{"taxonomy":"category","embeddable":true,"href":"https:\/\/www.elamazonico.com\/portal\/wp-json\/wp\/v2\/categories?post=19256"},{"taxonomy":"post_tag","embeddable":true,"href":"https:\/\/www.elamazonico.com\/portal\/wp-json\/wp\/v2\/tags?post=19256"}],"curies":[{"name":"wp","href":"https:\/\/api.w.org\/{rel}","templated":true}]}}