{"id":19174,"date":"2024-10-08T15:05:38","date_gmt":"2024-10-08T20:05:38","guid":{"rendered":"https:\/\/www.elamazonico.com\/portal\/?p=19174"},"modified":"2024-10-08T15:26:12","modified_gmt":"2024-10-08T20:26:12","slug":"en-que-consiste-el-plan-de-seguridad-de-claudia-sheinbaum-anunciado-en-plena-crisis-de-violencia-en-mexico","status":"publish","type":"post","link":"https:\/\/www.elamazonico.com\/portal\/en-que-consiste-el-plan-de-seguridad-de-claudia-sheinbaum-anunciado-en-plena-crisis-de-violencia-en-mexico\/","title":{"rendered":"En qu\u00e9 consiste el plan de Seguridad de Claudia Sheinbaum anunciado en plena crisis de violencia en M\u00e9xico"},"content":{"rendered":"<div class=\"bbc-19j92fr ebmt73l0\" dir=\"ltr\">\n<p class=\"bbc-hhl7in e17g058b0\" dir=\"ltr\"><b>M\u00e9xico vive una nueva crisis de violencia y el gobierno de Claudia Sheinbaum, que cumple una semana en el poder, anunci\u00f3 este martes c\u00f3mo lo quiere resolver.<\/b><\/p>\n<\/div>\n<div class=\"bbc-19j92fr ebmt73l0\" dir=\"ltr\">\n<p class=\"bbc-hhl7in e17g058b0\" dir=\"ltr\">El macabro asesinato del alcalde de Chilpancingo el domingo, en el oeste del pa\u00eds, se sum\u00f3 a la guerra abierta entre las facciones del Cartel de Sinaloa, en el norte. La semana pasada, adem\u00e1s, seis migrantes murieron en el sur de M\u00e9xico despu\u00e9s de que militares dispararan contra el veh\u00edculo en el que viajaban.<\/p>\n<\/div>\n<div class=\"bbc-19j92fr ebmt73l0\" dir=\"ltr\">\n<p class=\"bbc-hhl7in e17g058b0\" dir=\"ltr\">En este contexto, el nuevo gabinete present\u00f3 su plan de contingencia.<\/p>\n<\/div>\n<div class=\"bbc-19j92fr ebmt73l0\" dir=\"ltr\">\n<p class=\"bbc-hhl7in e17g058b0\" dir=\"ltr\">\u201cNo va a regresar la guerra contra el narco\u201d, advirti\u00f3 Sheinbaum en conferencia de prensa. \u201cNosotros vamos a usar\u00a0<b>prevenci\u00f3n y atenci\u00f3n a las causas<\/b>\u00a0(\u2026) Los delitos de alto impacto van a disminuir porque hay una estrategia y se va a cumplir\u201d.<\/p>\n<p dir=\"ltr\">Aunque habr\u00e1 un \u00e9nfasis distinto hacia el tema, Sheinbaum insistir\u00e1 en una premisa de su antecesor, Andr\u00e9s Manuel L\u00f3pez Obrador: \u201cSeguimos creyendo en la m\u00e1xima de que la seguridad y la paz son fruto de la justicia; justicia social pero tambi\u00e9n un sistema de justicia que funcione y proteja a la poblaci\u00f3n\u201d, dijo la mandataria.<\/p>\n<div class=\"bbc-19j92fr ebmt73l0\" dir=\"ltr\">\n<p class=\"bbc-hhl7in e17g058b0\" dir=\"ltr\">La \u00abconferencia matutina\u00bb de este martes, como llama el nuevo gobierno al esquema de \u00abma\u00f1aneras\u00bb establecido por AMLO, fue dedicada a explicar en qu\u00e9 consiste el plan de seguridad del nuevo gobierno.<\/p>\n<\/div>\n<div class=\"bbc-19j92fr ebmt73l0\" dir=\"ltr\">\n<p class=\"bbc-hhl7in e17g058b0\" dir=\"ltr\">Aunque durante los \u00faltimos 6 a\u00f1os los homicidios bajaron levemente cada a\u00f1o, en t\u00e9rminos absolutos<b>\u00a0el sexenio obradorista fue m\u00e1s violento de la historia reciente del pa\u00eds.<\/b><\/p>\n<\/div>\n<div class=\"bbc-19j92fr ebmt73l0\" dir=\"ltr\">\n<p class=\"bbc-hhl7in e17g058b0\" dir=\"ltr\">Sheinbaum quiere cambiar la aproximaci\u00f3n al tema. Y propone su experiencia en la alcald\u00eda de Ciudad de M\u00e9xico, entre 2018 y 2023, como antecedente de lo que puede ser la estrategia a nivel nacional.<\/p>\n<\/div>\n<div class=\"bbc-19j92fr ebmt73l0\" dir=\"ltr\">\n<p class=\"bbc-hhl7in e17g058b0\" dir=\"ltr\">Los homicidios y los secuestros en la capital se redujeron a la mitad durante los \u00faltimos seis a\u00f1os.<\/p>\n<\/div>\n<div class=\"bbc-19j92fr ebmt73l0\" dir=\"ltr\">\n<p class=\"bbc-hhl7in e17g058b0\" dir=\"ltr\">Y el secretario de Seguridad de la ciudad es ahora el del pa\u00eds: se trata de Omar Garc\u00eda Harfuch, un joven polic\u00eda y abogado que, gracias a su popularidad, lleg\u00f3 a ser considerado como candidato presidencial del oficialismo.<\/p>\n<\/div>\n<div class=\"bbc-19j92fr ebmt73l0\" dir=\"ltr\">\n<p class=\"bbc-hhl7in e17g058b0\" dir=\"ltr\">Fue \u00e9l quien dio a conocer en la ma\u00f1ana del martes los cuatro focos del plan.<\/p>\n<figure class=\"bbc-1qn0xuy\">\n<div class=\"bbc-18ywsw9\">\n<p><img fetchpriority=\"high\" decoding=\"async\" class=\"bbc-139onq\" src=\"https:\/\/ichef.bbci.co.uk\/ace\/ws\/640\/cpsprodpb\/ef12\/live\/de3f7850-8589-11ef-83dd-fbf1b9732cf0.jpg.webp\" sizes=\"(min-width: 1008px) 760px, 100vw\" srcset=\"https:\/\/ichef.bbci.co.uk\/ace\/ws\/240\/cpsprodpb\/ef12\/live\/de3f7850-8589-11ef-83dd-fbf1b9732cf0.jpg.webp 240w, https:\/\/ichef.bbci.co.uk\/ace\/ws\/320\/cpsprodpb\/ef12\/live\/de3f7850-8589-11ef-83dd-fbf1b9732cf0.jpg.webp 320w, https:\/\/ichef.bbci.co.uk\/ace\/ws\/480\/cpsprodpb\/ef12\/live\/de3f7850-8589-11ef-83dd-fbf1b9732cf0.jpg.webp 480w, https:\/\/ichef.bbci.co.uk\/ace\/ws\/624\/cpsprodpb\/ef12\/live\/de3f7850-8589-11ef-83dd-fbf1b9732cf0.jpg.webp 624w, https:\/\/ichef.bbci.co.uk\/ace\/ws\/800\/cpsprodpb\/ef12\/live\/de3f7850-8589-11ef-83dd-fbf1b9732cf0.jpg.webp 800w\" alt=\"Omar Garc\u00eda Harfuch y Sheinbaum\" width=\"976\" height=\"549\" \/><\/p>\n<p class=\"bbc-by8ykd\" role=\"text\"><span class=\"bbc-m04vo2\">Fuente de la imagen,<\/span><span lang=\"en-GB\">Reuters<\/span><\/p>\n<\/div><figcaption class=\"bbc-15f1ujd\" dir=\"ltr\"><span role=\"text\"><span class=\"bbc-m04vo2\">Pie de foto,<\/span><span data-testid=\"caption-paragraph\">Omar Garc\u00eda Harfuch fue uno de los funcionarios estrella del gobierno de Sheinbuam en la Ciudad de M\u00e9xico.<\/span><\/span><\/figcaption><\/figure>\n<div class=\"bbc-19j92fr ebmt73l0\" dir=\"ltr\">\n<h2 id=\"1-Atenci\u00f3n-a-las-causas\" class=\"bbc-1f03ibc eglt09e0\" tabindex=\"-1\">1. Atenci\u00f3n a las causas<\/h2>\n<\/div>\n<div class=\"bbc-19j92fr ebmt73l0\" dir=\"ltr\">\n<p class=\"bbc-hhl7in e17g058b0\" dir=\"ltr\">El primero es un saludo al legado de AMLO: lucha contra el crimen con pol\u00edtica social.<\/p>\n<\/div>\n<div class=\"bbc-19j92fr ebmt73l0\" dir=\"ltr\">\n<p class=\"bbc-hhl7in e17g058b0\" dir=\"ltr\">Sheinbaum dio como ejemplo el programa Barrio Adentro que se implement\u00f3 en CDMX.<\/p>\n<\/div>\n<div class=\"bbc-19j92fr ebmt73l0\" dir=\"ltr\">\n<p class=\"bbc-hhl7in e17g058b0\" dir=\"ltr\">\u201cTodas las secretar\u00edas se sumaron para atender a la gente en las zonas de mayor \u00edndice delictivo\u201d, record\u00f3. \u201c<b>Si el joven no estaba yendo a la preparatoria, lo llev\u00e1bamos. Si no tiene universidad o trabajo, se los encontramos<\/b>\u201d.<\/p>\n<\/div>\n<div class=\"bbc-19j92fr ebmt73l0\" dir=\"ltr\">\n<p class=\"bbc-hhl7in e17g058b0\" dir=\"ltr\">La idea del gobierno es que, en la medida en que los j\u00f3venes tengan algo que hacer, una vida sana y un proceso de formaci\u00f3n consolidado, es menos probable que opten por entrar al crimen.<\/p>\n<\/div>\n<div class=\"bbc-19j92fr ebmt73l0\" dir=\"ltr\">\n<p class=\"bbc-hhl7in e17g058b0\" dir=\"ltr\">Algunos cr\u00edticos citan estudios especializados que\u00a0<b>no han encontrado una relaci\u00f3n causal entre pobreza y delincuencia<\/b>, y apuntan a los problemas de corrupci\u00f3n dentro de polic\u00edas y fiscal\u00edas como factores de la violencia.<\/p>\n<\/div>\n<div class=\"bbc-19j92fr ebmt73l0\" dir=\"ltr\">\n<p class=\"bbc-hhl7in e17g058b0\" dir=\"ltr\">Pero Sheinbaum, tambi\u00e9n citando an\u00e1lisis acad\u00e9micos, explic\u00f3 que los j\u00f3venes se suman a los grupos delictivos por razones que la pol\u00edtica social del gobierno puede atender: ausencia de recursos econ\u00f3micos, una identidad social y cultural que quiz\u00e1 no tienen en la familia y falta de acceso a la educaci\u00f3n y al empleo.<\/p>\n<\/div>\n<div class=\"bbc-19j92fr ebmt73l0\" dir=\"ltr\">\n<p class=\"bbc-hhl7in e17g058b0\" dir=\"ltr\">\u201cEl gobierno de M\u00e9xico, con sus diferentes secretar\u00edas, tiene que ir al territorio para apoyar a la gente\u201d, dijo la mandataria.<\/p>\n<\/div>\n<figure class=\"bbc-1qn0xuy\">\n<div class=\"bbc-18ywsw9\">\n<p><img decoding=\"async\" class=\"bbc-139onq\" src=\"https:\/\/ichef.bbci.co.uk\/ace\/ws\/640\/cpsprodpb\/e7d9\/live\/03b1f4f0-858a-11ef-83dd-fbf1b9732cf0.jpg.webp\" sizes=\"(min-width: 1008px) 760px, 100vw\" srcset=\"https:\/\/ichef.bbci.co.uk\/ace\/ws\/240\/cpsprodpb\/e7d9\/live\/03b1f4f0-858a-11ef-83dd-fbf1b9732cf0.jpg.webp 240w, https:\/\/ichef.bbci.co.uk\/ace\/ws\/320\/cpsprodpb\/e7d9\/live\/03b1f4f0-858a-11ef-83dd-fbf1b9732cf0.jpg.webp 320w, https:\/\/ichef.bbci.co.uk\/ace\/ws\/480\/cpsprodpb\/e7d9\/live\/03b1f4f0-858a-11ef-83dd-fbf1b9732cf0.jpg.webp 480w, https:\/\/ichef.bbci.co.uk\/ace\/ws\/624\/cpsprodpb\/e7d9\/live\/03b1f4f0-858a-11ef-83dd-fbf1b9732cf0.jpg.webp 624w, https:\/\/ichef.bbci.co.uk\/ace\/ws\/800\/cpsprodpb\/e7d9\/live\/03b1f4f0-858a-11ef-83dd-fbf1b9732cf0.jpg.webp 800w\" alt=\"Funeral de Alejandro Arcos\" width=\"976\" height=\"549\" \/><\/p>\n<p class=\"bbc-by8ykd\" role=\"text\"><span class=\"bbc-m04vo2\">Fuente de la imagen,<\/span><span lang=\"en-GB\">Reuters<\/span><\/p>\n<\/div><figcaption class=\"bbc-15f1ujd\" dir=\"ltr\"><span role=\"text\"><span class=\"bbc-m04vo2\">Pie de foto,<\/span><span data-testid=\"caption-paragraph\">La familia del alcalde de Chilpancingo en el funeral el lunes.<\/span><\/span><\/figcaption><\/figure>\n<div class=\"bbc-19j92fr ebmt73l0\" dir=\"ltr\">\n<h2 id=\"2-Consolidaci\u00f3n-de-la-Guardia-Nacional\" class=\"bbc-1f03ibc eglt09e0\" tabindex=\"-1\">2. Consolidaci\u00f3n de la Guardia Nacional<\/h2>\n<\/div>\n<div class=\"bbc-19j92fr ebmt73l0\" dir=\"ltr\">\n<p class=\"bbc-hhl7in e17g058b0\" dir=\"ltr\">Otro punto pol\u00e9mico del plan del gobierno es seguir fortaleciendo el papel de la Guardia Nacional para luchar contra el crimen.<\/p>\n<\/div>\n<div class=\"bbc-19j92fr ebmt73l0\" dir=\"ltr\">\n<p class=\"bbc-hhl7in e17g058b0\" dir=\"ltr\">El gobierno de AMLO desmantel\u00f3 a la vieja Polic\u00eda Federal, acusada de corrupci\u00f3n y de tener v\u00ednculos con el crimen organizado, y la remplaz\u00f3 por la Guardia Nacional, una organizaci\u00f3n con 140.000 oficiales tambi\u00e9n de corte civil pero adscrita a la rama militar.<\/p>\n<\/div>\n<div class=\"bbc-19j92fr ebmt73l0\" dir=\"ltr\">\n<p class=\"bbc-hhl7in e17g058b0\" dir=\"ltr\">Durante los 6 a\u00f1os de L\u00f3pez Obrador en el poder las Fuerzas Armadas pasaron de ser defensores de la soberan\u00eda a colaborar en la construcci\u00f3n de infraestructura p\u00fablica, tener presencia en las calles y participar en la gesti\u00f3n de entidades y empresa p\u00fablicas.<\/p>\n<\/div>\n<div class=\"bbc-19j92fr ebmt73l0\" dir=\"ltr\">\n<p class=\"bbc-hhl7in e17g058b0\" dir=\"ltr\">Antes de terminar el gobierno de AMLO, el oficialismo aprob\u00f3 una pol\u00e9mica reforma constitucional que transfiere a la Guardia Nacional de la Secretar\u00eda de Seguridad a la Secretar\u00eda de Defensa.<\/p>\n<\/div>\n<div class=\"bbc-19j92fr ebmt73l0\" dir=\"ltr\">\n<p class=\"bbc-hhl7in e17g058b0\" dir=\"ltr\">Muchos, de entrada, consideran que los militares no deber\u00edan tener funciones de orden p\u00fablico. De hecho, el asesinato de seis migrantes en un ret\u00e9n militar en Chiapas el fin semana se tom\u00f3 como un ejemplo de la problem\u00e1tica que ello implica.<\/p>\n<\/div>\n<div class=\"bbc-19j92fr ebmt73l0\" dir=\"ltr\">\n<p class=\"bbc-hhl7in e17g058b0\" dir=\"ltr\">\u201cLa Guardia Nacional es una instituci\u00f3n policial definida por una doctrina militar bajo regulaci\u00f3n estricta.\u00a0<b>Es falso que haya militarizaci\u00f3n, lo que estamos haciendo es aprovechar las capacidad de la secretaria de la Defensa para que la Guardia Nacional se pueda consolidar<\/b>\u201d, sostuvo este martes Garc\u00eda Harfuch.<\/p>\n<\/div>\n<div class=\"bbc-19j92fr ebmt73l0\" dir=\"ltr\">\n<p class=\"bbc-hhl7in e17g058b0\" dir=\"ltr\">\u201cHay familias que no tienen acceso a la polic\u00eda. Ah\u00ed es donde la Guardia Nacional jugar\u00e1 un rol importante\u201d, asegur\u00f3.<\/p>\n<\/div>\n<figure class=\"bbc-1qn0xuy\">\n<div class=\"bbc-18ywsw9\">\n<p><img decoding=\"async\" class=\"bbc-139onq\" src=\"https:\/\/ichef.bbci.co.uk\/ace\/ws\/640\/cpsprodpb\/0dcb\/live\/26bf0a50-858a-11ef-9329-f30486eb2a33.jpg.webp\" sizes=\"(min-width: 1008px) 760px, 100vw\" srcset=\"https:\/\/ichef.bbci.co.uk\/ace\/ws\/240\/cpsprodpb\/0dcb\/live\/26bf0a50-858a-11ef-9329-f30486eb2a33.jpg.webp 240w, https:\/\/ichef.bbci.co.uk\/ace\/ws\/320\/cpsprodpb\/0dcb\/live\/26bf0a50-858a-11ef-9329-f30486eb2a33.jpg.webp 320w, https:\/\/ichef.bbci.co.uk\/ace\/ws\/480\/cpsprodpb\/0dcb\/live\/26bf0a50-858a-11ef-9329-f30486eb2a33.jpg.webp 480w, https:\/\/ichef.bbci.co.uk\/ace\/ws\/624\/cpsprodpb\/0dcb\/live\/26bf0a50-858a-11ef-9329-f30486eb2a33.jpg.webp 624w, https:\/\/ichef.bbci.co.uk\/ace\/ws\/800\/cpsprodpb\/0dcb\/live\/26bf0a50-858a-11ef-9329-f30486eb2a33.jpg.webp 800w\" alt=\"Guardia Nacional en hurac\u00e1n Milton\" width=\"976\" height=\"549\" \/><\/p>\n<p class=\"bbc-by8ykd\" role=\"text\"><span class=\"bbc-m04vo2\">Fuente de la imagen,<\/span><span lang=\"en-GB\">Reuters<\/span><\/p>\n<\/div><figcaption class=\"bbc-15f1ujd\" dir=\"ltr\"><span role=\"text\"><span class=\"bbc-m04vo2\">Pie de foto,<\/span><span data-testid=\"caption-paragraph\">Otras de las nuevas funciones de la Guardia Nacional es ayudar a socorren durante desastres naturales.<\/span><\/span><\/figcaption><\/figure>\n<div class=\"bbc-19j92fr ebmt73l0\" dir=\"ltr\">\n<h2 id=\"3-y-4-Inteligencia-y-coordinaci\u00f3n\" class=\"bbc-1f03ibc eglt09e0\" tabindex=\"-1\">3 y 4. Inteligencia y coordinaci\u00f3n<\/h2>\n<\/div>\n<div class=\"bbc-19j92fr ebmt73l0\" dir=\"ltr\">\n<p class=\"bbc-hhl7in e17g058b0\" dir=\"ltr\">Sheinbaum y Garc\u00eda anunciaron que la tercera y cuarta parte del plan tienen un objetivo com\u00fan: luchar en contra de la impunidad, que en M\u00e9xico se da en un 90% de los casos delictivos.<\/p>\n<\/div>\n<div class=\"bbc-19j92fr ebmt73l0\" dir=\"ltr\">\n<p class=\"bbc-hhl7in e17g058b0\" dir=\"ltr\">Por un lado, se busca tener mejor informaci\u00f3n sobre los cr\u00edmenes y, por el otro, que esa informaci\u00f3n sea gestionada de manera articulada por todas las instituciones competentes.<\/p>\n<\/div>\n<div class=\"bbc-19j92fr ebmt73l0\" dir=\"ltr\">\n<p class=\"bbc-hhl7in e17g058b0\" dir=\"ltr\">Parte del problema actualmente en M\u00e9xico es que\u00a0<b>las denuncias de posibles delitos se filtran a los grupos armados, que por su parte aprovechan la fragmentaci\u00f3n de los organismos de seguridad para desarrollar sus actividades<\/b>.<\/p>\n<\/div>\n<div class=\"bbc-19j92fr ebmt73l0\" dir=\"ltr\">\n<p class=\"bbc-hhl7in e17g058b0\" dir=\"ltr\">\u201cNo se trata solo de reaccionar a los delitos, sino anticiparse a ellos, usando inteligencia y recursos tecnol\u00f3gicos m\u00e1s avanzados para analizar datos, identificar patrones y comprender din\u00e1micas en zonas con m\u00e1s incidencias\u201d, dijo el secretario de Seguridad.<\/p>\n<\/div>\n<figure class=\"bbc-1qn0xuy\">\n<div class=\"bbc-18ywsw9\">\n<p><img loading=\"lazy\" decoding=\"async\" class=\"bbc-139onq\" src=\"https:\/\/ichef.bbci.co.uk\/ace\/ws\/640\/cpsprodpb\/a542\/live\/4b28c980-858a-11ef-83dd-fbf1b9732cf0.jpg.webp\" sizes=\"(min-width: 1008px) 760px, 100vw\" srcset=\"https:\/\/ichef.bbci.co.uk\/ace\/ws\/240\/cpsprodpb\/a542\/live\/4b28c980-858a-11ef-83dd-fbf1b9732cf0.jpg.webp 240w, https:\/\/ichef.bbci.co.uk\/ace\/ws\/320\/cpsprodpb\/a542\/live\/4b28c980-858a-11ef-83dd-fbf1b9732cf0.jpg.webp 320w, https:\/\/ichef.bbci.co.uk\/ace\/ws\/480\/cpsprodpb\/a542\/live\/4b28c980-858a-11ef-83dd-fbf1b9732cf0.jpg.webp 480w, https:\/\/ichef.bbci.co.uk\/ace\/ws\/624\/cpsprodpb\/a542\/live\/4b28c980-858a-11ef-83dd-fbf1b9732cf0.jpg.webp 624w, https:\/\/ichef.bbci.co.uk\/ace\/ws\/800\/cpsprodpb\/a542\/live\/4b28c980-858a-11ef-83dd-fbf1b9732cf0.jpg.webp 800w\" alt=\"Sheinbaum con militares\" width=\"976\" height=\"549\" \/><\/p>\n<p class=\"bbc-by8ykd\" role=\"text\"><span class=\"bbc-m04vo2\">Fuente de la imagen,<\/span><span lang=\"en-GB\">Reuters<\/span><\/p>\n<\/div><figcaption class=\"bbc-15f1ujd\" dir=\"ltr\"><span role=\"text\"><span class=\"bbc-m04vo2\">Pie de foto,<\/span><span data-testid=\"caption-paragraph\">Sheinbaum tendr\u00e1 en las Fuerzas Armadas un aliado fundamental al tiempo que un desaf\u00edo dif\u00edcil de controlar.<\/span><\/span><\/figcaption><\/figure>\n<div class=\"bbc-19j92fr ebmt73l0\" dir=\"ltr\">\n<p class=\"bbc-hhl7in e17g058b0\" dir=\"ltr\">Para eso, el gobierno crear\u00e1 dos entidades: una subsecretar\u00eda de inteligencia y una academia de la seguridad para polic\u00edas y fiscales.<\/p>\n<\/div>\n<div class=\"bbc-19j92fr ebmt73l0\" dir=\"ltr\">\n<p class=\"bbc-hhl7in e17g058b0\" dir=\"ltr\">Para empezar, las autoridades federales se van a trasladar este mismo martes a Culiac\u00e1n, capital de Sinaloa, para atender la batalla entre las dos facciones del cartel de Sinaloa que estall\u00f3 tras la detenci\u00f3n en Estados Unidos del capo Ismael \u201cEl Mayo\u201d Zambada.<\/p>\n<\/div>\n<div class=\"bbc-19j92fr ebmt73l0\" dir=\"ltr\">\n<p class=\"bbc-hhl7in e17g058b0\" dir=\"ltr\">\u201cLa seguridad es un problema que requiere una responsabilidad compartida y una respuesta unificada\u201d, dijo Garc\u00eda Harfuch.<\/p>\n<\/div>\n<div class=\"bbc-19j92fr ebmt73l0\" dir=\"ltr\">\n<p class=\"bbc-hhl7in e17g058b0\" dir=\"ltr\">Parte del \u00e9xito de la pol\u00edtica de seguridad en la Ciudad de M\u00e9xico fue precisamente lograr que las polic\u00edas y fiscal\u00edas estuvieran coordinadas para atender las denuncias.<\/p>\n<\/div>\n<div class=\"bbc-19j92fr ebmt73l0\" dir=\"ltr\">\n<p class=\"bbc-hhl7in e17g058b0\" dir=\"ltr\">Y parte de la duda que expertos tienen es c\u00f3mo puede el gobierno central coordinar instituciones grandes, aut\u00f3nomas y diversas de cada Estado.<\/p>\n<\/div>\n<div class=\"bbc-19j92fr ebmt73l0\" dir=\"ltr\">\n<p class=\"bbc-hhl7in e17g058b0\" dir=\"ltr\"><b>El monstruo de la violencia a nivel nacional es mucho m\u00e1s poderoso y diverso que a nivel local.<\/b>\u00a0Y las fuerzas de seguridad del Estado tienen menos influencia, control territorial e infraestructura a nivel federal que a nivel local.<\/p>\n<\/div>\n<div class=\"bbc-19j92fr ebmt73l0\" dir=\"ltr\">\n<p class=\"bbc-hhl7in e17g058b0\" dir=\"ltr\">Ese ser\u00e1, precisamente, el gran desaf\u00edo de Claudia Sheinbaum. <strong>Fuente: BBC mundo<\/strong><\/p>\n<\/div>\n<\/div>\n<\/div>\n","protected":false},"excerpt":{"rendered":"<p>M\u00e9xico vive una nueva crisis de violencia y el gobierno de Claudia Sheinbaum, que cumple una semana en el poder, anunci\u00f3 este martes c\u00f3mo lo quiere resolver. El macabro asesinato del alcalde de Chilpancingo el domingo, en el oeste del pa\u00eds, se sum\u00f3 a la guerra abierta entre las facciones del Cartel de Sinaloa, en el norte. La semana pasada, adem\u00e1s, seis migrantes murieron en el sur de M\u00e9xico despu\u00e9s de que militares dispararan contra el veh\u00edculo en el que viajaban. En este contexto, el nuevo gabinete present\u00f3 su plan de contingencia. \u201cNo va a regresar la guerra contra el narco\u201d, advirti\u00f3 Sheinbaum en conferencia de prensa. \u201cNosotros vamos a usar\u00a0prevenci\u00f3n y atenci\u00f3n a las causas\u00a0(\u2026) Los delitos de alto impacto van a disminuir porque hay una estrategia y se va a cumplir\u201d. Aunque habr\u00e1 un \u00e9nfasis distinto hacia el tema, Sheinbaum insistir\u00e1 en una premisa de su antecesor, Andr\u00e9s Manuel L\u00f3pez Obrador: \u201cSeguimos creyendo en la m\u00e1xima de que la seguridad y la paz son fruto de la justicia; justicia social pero tambi\u00e9n un sistema de justicia que funcione y proteja a la poblaci\u00f3n\u201d, dijo la mandataria. La \u00abconferencia matutina\u00bb de este martes, como llama el nuevo gobierno al esquema de \u00abma\u00f1aneras\u00bb establecido por AMLO, fue dedicada a explicar en qu\u00e9 consiste el plan de seguridad del nuevo gobierno. Aunque durante los \u00faltimos 6 a\u00f1os los homicidios bajaron levemente cada a\u00f1o, en t\u00e9rminos absolutos\u00a0el sexenio obradorista fue m\u00e1s violento de la historia reciente del pa\u00eds. Sheinbaum quiere cambiar la aproximaci\u00f3n al tema. Y propone su experiencia en la alcald\u00eda de Ciudad de M\u00e9xico, entre 2018 y 2023, como antecedente de lo que puede ser la estrategia a nivel nacional. Los homicidios y los secuestros en la capital se redujeron a la mitad durante los \u00faltimos seis a\u00f1os. Y el secretario de Seguridad de la ciudad es ahora el del pa\u00eds: se trata de Omar Garc\u00eda Harfuch, un joven polic\u00eda y abogado que, gracias a su popularidad, lleg\u00f3 a ser considerado como candidato presidencial del oficialismo. Fue \u00e9l quien dio a conocer en la ma\u00f1ana del martes los cuatro focos del plan. Fuente de la imagen,Reuters Pie de foto,Omar Garc\u00eda Harfuch fue uno de los funcionarios estrella del gobierno de Sheinbuam en la Ciudad de M\u00e9xico. 1. Atenci\u00f3n a las causas El primero es un saludo al legado de AMLO: lucha contra el crimen con pol\u00edtica social. Sheinbaum dio como ejemplo el programa Barrio Adentro que se implement\u00f3 en CDMX. \u201cTodas las secretar\u00edas se sumaron para atender a la gente en las zonas de mayor \u00edndice delictivo\u201d, record\u00f3. \u201cSi el joven no estaba yendo a la preparatoria, lo llev\u00e1bamos. Si no tiene universidad o trabajo, se los encontramos\u201d. La idea del gobierno es que, en la medida en que los j\u00f3venes tengan algo que hacer, una vida sana y un proceso de formaci\u00f3n consolidado, es menos probable que opten por entrar al crimen. Algunos cr\u00edticos citan estudios especializados que\u00a0no han encontrado una relaci\u00f3n causal entre pobreza y delincuencia, y apuntan a los problemas de corrupci\u00f3n dentro de polic\u00edas y fiscal\u00edas como factores de la violencia. Pero Sheinbaum, tambi\u00e9n citando an\u00e1lisis acad\u00e9micos, explic\u00f3 que los j\u00f3venes se suman a los grupos delictivos por razones que la pol\u00edtica social del gobierno puede atender: ausencia de recursos econ\u00f3micos, una identidad social y cultural que quiz\u00e1 no tienen en la familia y falta de acceso a la educaci\u00f3n y al empleo. \u201cEl gobierno de M\u00e9xico, con sus diferentes secretar\u00edas, tiene que ir al territorio para apoyar a la gente\u201d, dijo la mandataria. Fuente de la imagen,Reuters Pie de foto,La familia del alcalde de Chilpancingo en el funeral el lunes. 2. Consolidaci\u00f3n de la Guardia Nacional Otro punto pol\u00e9mico del plan del gobierno es seguir fortaleciendo el papel de la Guardia Nacional para luchar contra el crimen. El gobierno de AMLO desmantel\u00f3 a la vieja Polic\u00eda Federal, acusada de corrupci\u00f3n y de tener v\u00ednculos con el crimen organizado, y la remplaz\u00f3 por la Guardia Nacional, una organizaci\u00f3n con 140.000 oficiales tambi\u00e9n de corte civil pero adscrita a la rama militar. Durante los 6 a\u00f1os de L\u00f3pez Obrador en el poder las Fuerzas Armadas pasaron de ser defensores de la soberan\u00eda a colaborar en la construcci\u00f3n de infraestructura p\u00fablica, tener presencia en las calles y participar en la gesti\u00f3n de entidades y empresa p\u00fablicas. Antes de terminar el gobierno de AMLO, el oficialismo aprob\u00f3 una pol\u00e9mica reforma constitucional que transfiere a la Guardia Nacional de la Secretar\u00eda de Seguridad a la Secretar\u00eda de Defensa. Muchos, de entrada, consideran que los militares no deber\u00edan tener funciones de orden p\u00fablico. De hecho, el asesinato de seis migrantes en un ret\u00e9n militar en Chiapas el fin semana se tom\u00f3 como un ejemplo de la problem\u00e1tica que ello implica. \u201cLa Guardia Nacional es una instituci\u00f3n policial definida por una doctrina militar bajo regulaci\u00f3n estricta.\u00a0Es falso que haya militarizaci\u00f3n, lo que estamos haciendo es aprovechar las capacidad de la secretaria de la Defensa para que la Guardia Nacional se pueda consolidar\u201d, sostuvo este martes Garc\u00eda Harfuch. \u201cHay familias que no tienen acceso a la polic\u00eda. Ah\u00ed es donde la Guardia Nacional jugar\u00e1 un rol importante\u201d, asegur\u00f3. Fuente de la imagen,Reuters Pie de foto,Otras de las nuevas funciones de la Guardia Nacional es ayudar a socorren durante desastres naturales. 3 y 4. Inteligencia y coordinaci\u00f3n Sheinbaum y Garc\u00eda anunciaron que la tercera y cuarta parte del plan tienen un objetivo com\u00fan: luchar en contra de la impunidad, que en M\u00e9xico se da en un 90% de los casos delictivos. Por un lado, se busca tener mejor informaci\u00f3n sobre los cr\u00edmenes y, por el otro, que esa informaci\u00f3n sea gestionada de manera articulada por todas las instituciones competentes. Parte del problema actualmente en M\u00e9xico es que\u00a0las denuncias de posibles delitos se filtran a los grupos armados, que por su parte aprovechan la fragmentaci\u00f3n de los organismos de seguridad para desarrollar sus actividades. \u201cNo se trata solo de reaccionar a los delitos, sino anticiparse a ellos, usando inteligencia y recursos tecnol\u00f3gicos m\u00e1s avanzados<\/p>\n","protected":false},"author":1,"featured_media":19175,"comment_status":"open","ping_status":"open","sticky":false,"template":"","format":"standard","meta":{"footnotes":""},"categories":[5],"tags":[],"class_list":["post-19174","post","type-post","status-publish","format-standard","has-post-thumbnail","hentry","category-internacionales"],"_links":{"self":[{"href":"https:\/\/www.elamazonico.com\/portal\/wp-json\/wp\/v2\/posts\/19174","targetHints":{"allow":["GET"]}}],"collection":[{"href":"https:\/\/www.elamazonico.com\/portal\/wp-json\/wp\/v2\/posts"}],"about":[{"href":"https:\/\/www.elamazonico.com\/portal\/wp-json\/wp\/v2\/types\/post"}],"author":[{"embeddable":true,"href":"https:\/\/www.elamazonico.com\/portal\/wp-json\/wp\/v2\/users\/1"}],"replies":[{"embeddable":true,"href":"https:\/\/www.elamazonico.com\/portal\/wp-json\/wp\/v2\/comments?post=19174"}],"version-history":[{"count":2,"href":"https:\/\/www.elamazonico.com\/portal\/wp-json\/wp\/v2\/posts\/19174\/revisions"}],"predecessor-version":[{"id":19178,"href":"https:\/\/www.elamazonico.com\/portal\/wp-json\/wp\/v2\/posts\/19174\/revisions\/19178"}],"wp:featuredmedia":[{"embeddable":true,"href":"https:\/\/www.elamazonico.com\/portal\/wp-json\/wp\/v2\/media\/19175"}],"wp:attachment":[{"href":"https:\/\/www.elamazonico.com\/portal\/wp-json\/wp\/v2\/media?parent=19174"}],"wp:term":[{"taxonomy":"category","embeddable":true,"href":"https:\/\/www.elamazonico.com\/portal\/wp-json\/wp\/v2\/categories?post=19174"},{"taxonomy":"post_tag","embeddable":true,"href":"https:\/\/www.elamazonico.com\/portal\/wp-json\/wp\/v2\/tags?post=19174"}],"curies":[{"name":"wp","href":"https:\/\/api.w.org\/{rel}","templated":true}]}}