{"id":1915,"date":"2021-12-03T07:53:49","date_gmt":"2021-12-03T12:53:49","guid":{"rendered":"https:\/\/www.elamazonico.com\/portal\/?p=1915"},"modified":"2021-12-03T07:59:36","modified_gmt":"2021-12-03T12:59:36","slug":"jornadas-odontologicas-de-la-prefectura-llegan-a-chinchipe","status":"publish","type":"post","link":"https:\/\/www.elamazonico.com\/portal\/jornadas-odontologicas-de-la-prefectura-llegan-a-chinchipe\/","title":{"rendered":"Jornadas odontol\u00f3gicas de la Prefectura llegan a Chinchipe"},"content":{"rendered":"\n<p>En la parroquia Chito fueron inauguradas las brigadas odontol\u00f3gicas que se desarrollar\u00e1n en el cant\u00f3n Chinchipe desde este jueves 02 hasta el 20 de diciembre del 2021. La campa\u00f1a de salud es gratuita y beneficia a ni\u00f1os de entre 5 y 12 a\u00f1os de edad, cabe resaltar que este proyecto viene siendo coordinado con todos los Gobiernos Parroquiales de la localidad.<\/p>\n\n\n\n<p>Hasta la actualidad han sido atendidos 4000 ni\u00f1os y ni\u00f1as de los ocho cantones restantes, y s\u00f3lo en el cant\u00f3n Chinchipe se aspira beneficiar a cerca de 400 ni\u00f1os, en ese sentido Daniela Matute, odont\u00f3loga &nbsp;coordinadora del proyecto, afirm\u00f3 que estas jornadas han sido exitosas, por lo que posterior a una evaluaci\u00f3n, el pr\u00f3ximo a\u00f1o este beneficio se extender\u00e1.<\/p>\n\n\n\n<figure class=\"wp-block-embed is-type-rich is-provider-soundcloud wp-block-embed-soundcloud\"><div class=\"wp-block-embed__wrapper\">\n<iframe title=\"Daniela Matute, Responsable Del Proyecto Odontol\u00f3gico De La Prefectura by Katerine\" width=\"740\" height=\"400\" scrolling=\"no\" frameborder=\"no\" src=\"https:\/\/w.soundcloud.com\/player\/?visual=true&#038;url=https%3A%2F%2Fapi.soundcloud.com%2Ftracks%2F1171247977&#038;show_artwork=true&#038;maxheight=1000&#038;maxwidth=740\"><\/iframe>\n<\/div><\/figure>\n\n\n\n<p>En la parroquia Chito est\u00e1 previsto que se atiendan alrededor de 290 infantes gracias a la convocatoria realizada por su presidente, Mauricio Guerrero, quien extendi\u00f3 su gratitud a la Prefectura por llegar con estos servicios gratuitos a las parroquias m\u00e1s alejadas de la provincia.<\/p>\n\n\n\n<p>Gladis Mu\u00f1oz, madre de familia, dijo que en estas parroquias la mayor\u00eda de hogares son de bajos recursos econ\u00f3micos, y adem\u00e1s por la distancia es complicado salir con sus hijos para hacerlos atender, a nombre de la comunidad expres\u00f3 su agradecimiento al Gobierno Provincial, por el apoyo que entregan a las familias de Chito. &nbsp;<\/p>\n\n\n\n<figure class=\"wp-block-embed is-type-rich is-provider-soundcloud wp-block-embed-soundcloud\"><div class=\"wp-block-embed__wrapper\">\n<iframe title=\"Galdis Mu\u00f1oz, Madre De Familia De Chito by Katerine\" width=\"740\" height=\"400\" scrolling=\"no\" frameborder=\"no\" src=\"https:\/\/w.soundcloud.com\/player\/?visual=true&#038;url=https%3A%2F%2Fapi.soundcloud.com%2Ftracks%2F1171248532&#038;show_artwork=true&#038;maxheight=1000&#038;maxwidth=740\"><\/iframe>\n<\/div><\/figure>\n\n\n\n<p><strong>Atenci\u00f3n en parroquias<\/strong><\/p>\n\n\n\n<p>\u00b7&nbsp;&nbsp;&nbsp;&nbsp;&nbsp;&nbsp;&nbsp;&nbsp;&nbsp;Chito: 01 al 10 de diciembre<\/p>\n\n\n\n<p>\u00b7&nbsp;&nbsp;&nbsp;&nbsp;&nbsp;&nbsp;&nbsp;&nbsp;&nbsp;La Chonta: 13 de diciembre<\/p>\n\n\n\n<p>\u00b7&nbsp;&nbsp;&nbsp;&nbsp;&nbsp;&nbsp;&nbsp;&nbsp;&nbsp;Pucapamba: 14 de diciembre<\/p>\n\n\n\n<p>\u00b7&nbsp;&nbsp;&nbsp;&nbsp;&nbsp;&nbsp;&nbsp;&nbsp;&nbsp;El Chorro: &nbsp;15 y 16 de diciembre<\/p>\n\n\n\n<p>\u00b7&nbsp;&nbsp;&nbsp;&nbsp;&nbsp;&nbsp;&nbsp;&nbsp;&nbsp;Barrio R\u00edo Blanco: 17 y 18 de diciembre de 2021<\/p>\n\n\n\n<p>\u00b7&nbsp;&nbsp;&nbsp;&nbsp;&nbsp;&nbsp;&nbsp;&nbsp;&nbsp;San Andr\u00e9s: 19 y 20 de diciembre&nbsp;<\/p>\n","protected":false},"excerpt":{"rendered":"<p>En la parroquia Chito fueron inauguradas las brigadas odontol\u00f3gicas que se desarrollar\u00e1n en el cant\u00f3n Chinchipe desde este jueves 02 hasta el 20 de diciembre del 2021. La campa\u00f1a de salud es gratuita y beneficia a ni\u00f1os de entre 5 y 12 a\u00f1os de edad, cabe resaltar que este proyecto viene siendo coordinado con todos los Gobiernos Parroquiales de la localidad. Hasta la actualidad han sido atendidos 4000 ni\u00f1os y ni\u00f1as de los ocho cantones restantes, y s\u00f3lo en el cant\u00f3n Chinchipe se aspira beneficiar a cerca de 400 ni\u00f1os, en ese sentido Daniela Matute, odont\u00f3loga &nbsp;coordinadora del proyecto, afirm\u00f3 que estas jornadas han sido exitosas, por lo que posterior a una evaluaci\u00f3n, el pr\u00f3ximo a\u00f1o este beneficio se extender\u00e1. En la parroquia Chito est\u00e1 previsto que se atiendan alrededor de 290 infantes gracias a la convocatoria realizada por su presidente, Mauricio Guerrero, quien extendi\u00f3 su gratitud a la Prefectura por llegar con estos servicios gratuitos a las parroquias m\u00e1s alejadas de la provincia. Gladis Mu\u00f1oz, madre de familia, dijo que en estas parroquias la mayor\u00eda de hogares son de bajos recursos econ\u00f3micos, y adem\u00e1s por la distancia es complicado salir con sus hijos para hacerlos atender, a nombre de la comunidad expres\u00f3 su agradecimiento al Gobierno Provincial, por el apoyo que entregan a las familias de Chito. &nbsp; Atenci\u00f3n en parroquias \u00b7&nbsp;&nbsp;&nbsp;&nbsp;&nbsp;&nbsp;&nbsp;&nbsp;&nbsp;Chito: 01 al 10 de diciembre \u00b7&nbsp;&nbsp;&nbsp;&nbsp;&nbsp;&nbsp;&nbsp;&nbsp;&nbsp;La Chonta: 13 de diciembre \u00b7&nbsp;&nbsp;&nbsp;&nbsp;&nbsp;&nbsp;&nbsp;&nbsp;&nbsp;Pucapamba: 14 de diciembre \u00b7&nbsp;&nbsp;&nbsp;&nbsp;&nbsp;&nbsp;&nbsp;&nbsp;&nbsp;El Chorro: &nbsp;15 y 16 de diciembre \u00b7&nbsp;&nbsp;&nbsp;&nbsp;&nbsp;&nbsp;&nbsp;&nbsp;&nbsp;Barrio R\u00edo Blanco: 17 y 18 de diciembre de 2021 \u00b7&nbsp;&nbsp;&nbsp;&nbsp;&nbsp;&nbsp;&nbsp;&nbsp;&nbsp;San Andr\u00e9s: 19 y 20 de diciembre&nbsp;<\/p>\n","protected":false},"author":1,"featured_media":1917,"comment_status":"open","ping_status":"open","sticky":false,"template":"","format":"standard","meta":{"footnotes":""},"categories":[243],"tags":[],"class_list":["post-1915","post","type-post","status-publish","format-standard","has-post-thumbnail","hentry","category-noticias-zamora"],"_links":{"self":[{"href":"https:\/\/www.elamazonico.com\/portal\/wp-json\/wp\/v2\/posts\/1915","targetHints":{"allow":["GET"]}}],"collection":[{"href":"https:\/\/www.elamazonico.com\/portal\/wp-json\/wp\/v2\/posts"}],"about":[{"href":"https:\/\/www.elamazonico.com\/portal\/wp-json\/wp\/v2\/types\/post"}],"author":[{"embeddable":true,"href":"https:\/\/www.elamazonico.com\/portal\/wp-json\/wp\/v2\/users\/1"}],"replies":[{"embeddable":true,"href":"https:\/\/www.elamazonico.com\/portal\/wp-json\/wp\/v2\/comments?post=1915"}],"version-history":[{"count":2,"href":"https:\/\/www.elamazonico.com\/portal\/wp-json\/wp\/v2\/posts\/1915\/revisions"}],"predecessor-version":[{"id":1919,"href":"https:\/\/www.elamazonico.com\/portal\/wp-json\/wp\/v2\/posts\/1915\/revisions\/1919"}],"wp:featuredmedia":[{"embeddable":true,"href":"https:\/\/www.elamazonico.com\/portal\/wp-json\/wp\/v2\/media\/1917"}],"wp:attachment":[{"href":"https:\/\/www.elamazonico.com\/portal\/wp-json\/wp\/v2\/media?parent=1915"}],"wp:term":[{"taxonomy":"category","embeddable":true,"href":"https:\/\/www.elamazonico.com\/portal\/wp-json\/wp\/v2\/categories?post=1915"},{"taxonomy":"post_tag","embeddable":true,"href":"https:\/\/www.elamazonico.com\/portal\/wp-json\/wp\/v2\/tags?post=1915"}],"curies":[{"name":"wp","href":"https:\/\/api.w.org\/{rel}","templated":true}]}}