{"id":19139,"date":"2024-10-08T06:07:28","date_gmt":"2024-10-08T11:07:28","guid":{"rendered":"https:\/\/www.elamazonico.com\/portal\/?p=19139"},"modified":"2024-10-08T06:07:28","modified_gmt":"2024-10-08T11:07:28","slug":"hallazgo-de-cuerpo-en-descomposicion-en-el-limite-provincial-entre-loja-y-zamora","status":"publish","type":"post","link":"https:\/\/www.elamazonico.com\/portal\/hallazgo-de-cuerpo-en-descomposicion-en-el-limite-provincial-entre-loja-y-zamora\/","title":{"rendered":"Hallazgo de cuerpo en descomposici\u00f3n en el l\u00edmite provincial entre Loja y Zamora"},"content":{"rendered":"<p>A las 10:00 horas del lunes 7 de octubre, se report\u00f3 el hallazgo de un cuerpo en estado de descomposici\u00f3n en el sector conocido como El Tiro, en el l\u00edmite entre las provincias de Loja y Zamora. El cuerpo corresponde a un hombre de aproximadamente 30 a\u00f1os, quien fue encontrado a unos 10 metros de la v\u00eda principal que conecta Zamora y Loja.<\/p>\n<p>El individuo vest\u00eda una chompa verde y un pantal\u00f3n jean, y seg\u00fan el parte policial preliminar, no se han encontrado signos visibles de violencia en el cuerpo. Las unidades especializadas de la Direcci\u00f3n Nacional de Delitos Contra la Vida, Muertes Violentas, Desapariciones, Extorsi\u00f3n y Secuestros (DINASED), junto con el fiscal de turno de Zamora, acudieron al lugar para realizar el levantamiento del cad\u00e1ver y dar inicio a las investigaciones pertinentes.<\/p>\n<p>Las autoridades han se\u00f1alado que las causas de la muerte est\u00e1n en proceso de investigaci\u00f3n, y se proceder\u00e1 a realizar las pericias necesarias para determinar las circunstancias del deceso. Se espera que los resultados de estas investigaciones aporten mayor claridad sobre el caso en los pr\u00f3ximos d\u00edas.<\/p>\n","protected":false},"excerpt":{"rendered":"<p>A las 10:00 horas del lunes 7 de octubre, se report\u00f3 el hallazgo de un cuerpo en estado de descomposici\u00f3n en el sector conocido como El Tiro, en el l\u00edmite entre las provincias de Loja y Zamora. El cuerpo corresponde a un hombre de aproximadamente 30 a\u00f1os, quien fue encontrado a unos 10 metros de la v\u00eda principal que conecta Zamora y Loja. El individuo vest\u00eda una chompa verde y un pantal\u00f3n jean, y seg\u00fan el parte policial preliminar, no se han encontrado signos visibles de violencia en el cuerpo. Las unidades especializadas de la Direcci\u00f3n Nacional de Delitos Contra la Vida, Muertes Violentas, Desapariciones, Extorsi\u00f3n y Secuestros (DINASED), junto con el fiscal de turno de Zamora, acudieron al lugar para realizar el levantamiento del cad\u00e1ver y dar inicio a las investigaciones pertinentes. Las autoridades han se\u00f1alado que las causas de la muerte est\u00e1n en proceso de investigaci\u00f3n, y se proceder\u00e1 a realizar las pericias necesarias para determinar las circunstancias del deceso. Se espera que los resultados de estas investigaciones aporten mayor claridad sobre el caso en los pr\u00f3ximos d\u00edas.<\/p>\n","protected":false},"author":1,"featured_media":19140,"comment_status":"open","ping_status":"open","sticky":false,"template":"","format":"standard","meta":{"footnotes":""},"categories":[243],"tags":[],"class_list":["post-19139","post","type-post","status-publish","format-standard","has-post-thumbnail","hentry","category-noticias-zamora"],"_links":{"self":[{"href":"https:\/\/www.elamazonico.com\/portal\/wp-json\/wp\/v2\/posts\/19139","targetHints":{"allow":["GET"]}}],"collection":[{"href":"https:\/\/www.elamazonico.com\/portal\/wp-json\/wp\/v2\/posts"}],"about":[{"href":"https:\/\/www.elamazonico.com\/portal\/wp-json\/wp\/v2\/types\/post"}],"author":[{"embeddable":true,"href":"https:\/\/www.elamazonico.com\/portal\/wp-json\/wp\/v2\/users\/1"}],"replies":[{"embeddable":true,"href":"https:\/\/www.elamazonico.com\/portal\/wp-json\/wp\/v2\/comments?post=19139"}],"version-history":[{"count":1,"href":"https:\/\/www.elamazonico.com\/portal\/wp-json\/wp\/v2\/posts\/19139\/revisions"}],"predecessor-version":[{"id":19141,"href":"https:\/\/www.elamazonico.com\/portal\/wp-json\/wp\/v2\/posts\/19139\/revisions\/19141"}],"wp:featuredmedia":[{"embeddable":true,"href":"https:\/\/www.elamazonico.com\/portal\/wp-json\/wp\/v2\/media\/19140"}],"wp:attachment":[{"href":"https:\/\/www.elamazonico.com\/portal\/wp-json\/wp\/v2\/media?parent=19139"}],"wp:term":[{"taxonomy":"category","embeddable":true,"href":"https:\/\/www.elamazonico.com\/portal\/wp-json\/wp\/v2\/categories?post=19139"},{"taxonomy":"post_tag","embeddable":true,"href":"https:\/\/www.elamazonico.com\/portal\/wp-json\/wp\/v2\/tags?post=19139"}],"curies":[{"name":"wp","href":"https:\/\/api.w.org\/{rel}","templated":true}]}}