{"id":19057,"date":"2024-10-05T19:40:34","date_gmt":"2024-10-06T00:40:34","guid":{"rendered":"https:\/\/www.elamazonico.com\/portal\/?p=19057"},"modified":"2024-10-05T19:40:34","modified_gmt":"2024-10-06T00:40:34","slug":"fallecio-el-doctor-jorge-zavala-egas-destacado-academico-y-jurista","status":"publish","type":"post","link":"https:\/\/www.elamazonico.com\/portal\/fallecio-el-doctor-jorge-zavala-egas-destacado-academico-y-jurista\/","title":{"rendered":"Falleci\u00f3 el doctor Jorge Zavala Egas, destacado acad\u00e9mico y jurista"},"content":{"rendered":"<p>El pa\u00eds pierde una de las mentes m\u00e1s brillantes de la Jurisprudencia, hoy falleci\u00f3 el doctor Jorge Zavala Ega, enlutando a una distinguida familia guayaquile\u00f1a.<\/p>\n<p>Abogado y Doctor en Jurisprudencia, graduado en la Universidad de Guayaquil, gracias a su vasto conocimiento jur\u00eddico, se destac\u00f3 en el desempe\u00f1o de alt\u00edsimos cargos del sector p\u00fablico y privado,<\/p>\n<p>Zavala fue un gran maestro del Derecho Constitucional. Adem\u00e1s, Sus \u00e1reas de experiencia\u00a0incluyeron litigios en general, derecho administrativo, derecho tributario, derecho penal, derecho aduanero, derecho de la competencia, y derecho ambiental, indica un perfil de la UEES.\u00a0 Adem\u00e1s, de un sinn\u00famero obras en Derecho.<\/p>\n<p>Paz en su tumba para un ciudadano ejemplar.<\/p>\n","protected":false},"excerpt":{"rendered":"<p>El pa\u00eds pierde una de las mentes m\u00e1s brillantes de la Jurisprudencia, hoy falleci\u00f3 el doctor Jorge Zavala Ega, enlutando a una distinguida familia guayaquile\u00f1a. Abogado y Doctor en Jurisprudencia, graduado en la Universidad de Guayaquil, gracias a su vasto conocimiento jur\u00eddico, se destac\u00f3 en el desempe\u00f1o de alt\u00edsimos cargos del sector p\u00fablico y privado, Zavala fue un gran maestro del Derecho Constitucional. Adem\u00e1s, Sus \u00e1reas de experiencia\u00a0incluyeron litigios en general, derecho administrativo, derecho tributario, derecho penal, derecho aduanero, derecho de la competencia, y derecho ambiental, indica un perfil de la UEES.\u00a0 Adem\u00e1s, de un sinn\u00famero obras en Derecho. Paz en su tumba para un ciudadano ejemplar.<\/p>\n","protected":false},"author":1,"featured_media":19058,"comment_status":"open","ping_status":"open","sticky":false,"template":"","format":"standard","meta":{"footnotes":""},"categories":[263],"tags":[],"class_list":["post-19057","post","type-post","status-publish","format-standard","has-post-thumbnail","hentry","category-politica"],"_links":{"self":[{"href":"https:\/\/www.elamazonico.com\/portal\/wp-json\/wp\/v2\/posts\/19057","targetHints":{"allow":["GET"]}}],"collection":[{"href":"https:\/\/www.elamazonico.com\/portal\/wp-json\/wp\/v2\/posts"}],"about":[{"href":"https:\/\/www.elamazonico.com\/portal\/wp-json\/wp\/v2\/types\/post"}],"author":[{"embeddable":true,"href":"https:\/\/www.elamazonico.com\/portal\/wp-json\/wp\/v2\/users\/1"}],"replies":[{"embeddable":true,"href":"https:\/\/www.elamazonico.com\/portal\/wp-json\/wp\/v2\/comments?post=19057"}],"version-history":[{"count":1,"href":"https:\/\/www.elamazonico.com\/portal\/wp-json\/wp\/v2\/posts\/19057\/revisions"}],"predecessor-version":[{"id":19059,"href":"https:\/\/www.elamazonico.com\/portal\/wp-json\/wp\/v2\/posts\/19057\/revisions\/19059"}],"wp:featuredmedia":[{"embeddable":true,"href":"https:\/\/www.elamazonico.com\/portal\/wp-json\/wp\/v2\/media\/19058"}],"wp:attachment":[{"href":"https:\/\/www.elamazonico.com\/portal\/wp-json\/wp\/v2\/media?parent=19057"}],"wp:term":[{"taxonomy":"category","embeddable":true,"href":"https:\/\/www.elamazonico.com\/portal\/wp-json\/wp\/v2\/categories?post=19057"},{"taxonomy":"post_tag","embeddable":true,"href":"https:\/\/www.elamazonico.com\/portal\/wp-json\/wp\/v2\/tags?post=19057"}],"curies":[{"name":"wp","href":"https:\/\/api.w.org\/{rel}","templated":true}]}}