{"id":19054,"date":"2024-10-05T19:38:13","date_gmt":"2024-10-06T00:38:13","guid":{"rendered":"https:\/\/www.elamazonico.com\/portal\/?p=19054"},"modified":"2024-10-05T19:38:13","modified_gmt":"2024-10-06T00:38:13","slug":"se-describe-nueva-especie-de-rana-de-hojarasca-que-rinde-homenaje-al-pueblo-shuar","status":"publish","type":"post","link":"https:\/\/www.elamazonico.com\/portal\/se-describe-nueva-especie-de-rana-de-hojarasca-que-rinde-homenaje-al-pueblo-shuar\/","title":{"rendered":"Se describe nueva especie de rana de hojarasca que rinde homenaje al pueblo Shuar"},"content":{"rendered":"<p>Investigadores de la Universidad San Francisco de Quito e Instituto Nacional de Biodiversidad (INABIO) describen en la provincia de Zamora Chinchipe una nueva especie de rana de hojarasca del g\u00e9nero\u00a0<em>Noblella<\/em>, de nombre <em>Noblella arutam<\/em>, que rinde homenaje al pueblo Shuar, a sus tierras ancestrales, su cultura, y sus incansables esfuerzos y compromiso con la protecci\u00f3n de la naturaleza.<\/p>\n<p><em>Noblella arutam<\/em>\u00a0hace referencia a Ar\u00fatam, la entidad espiritual que simboliza el poder divino en el mundo de los Shuar, pueblo ind\u00edgena originario de la Amazonia occidental, que abarca Ecuador y Per\u00fa. Varias comunidades residen en la Cordillera del C\u00f3ndor y sus alrededores inmediatos, donde tambi\u00e9n habita esta nueva especie de rana.<\/p>\n<p>La nueva especie se diagnostica a partir de todos sus cong\u00e9neres por presentar uno o dos tub\u00e9rculos en los p\u00e1rpados superiores; falanges distales marcadamente en forma de T; f\u00f3rmula fal\u00e1ngica en manos 2-2-3-3; f\u00f3rmula fal\u00e1ngica en pies 2-2-3-4-3; tal\u00f3n con un peque\u00f1o tub\u00e9rculo subc\u00f3nico; disco en todos los dedos con papilas; y dorso marr\u00f3n o marr\u00f3n con gris, con marcas irregulares m\u00e1s oscuras dispersas o invertidas en forma de V.<\/p>\n<p>&nbsp;<\/p>\n<p>Todos los individuos de\u00a0<em>Noblella arutam<\/em>\u00a0 son conocidos de la comunidad de R\u00edo Blanco y \u00e1reas aleda\u00f1as, cant\u00f3n Paquisha, provincia de Zamora Chinchipe, a 1720\u20131890 m de altitud, en el ecosistema Bosque Siempreverde Montano de las Cordilleras del C\u00f3ndor y Kutuk\u00fa, caracterizado por su alta humedad y abundancia de ep\u00edfitas, briofitas y hojarasca.<\/p>\n<p>&nbsp;<\/p>\n<p>La mayor\u00eda de los espec\u00edmenes fueron encontrados activos en la noche en el suelo, entre la hojarasca, y tres individuos fueron encontrados en la hojarasca pero en la ma\u00f1ana. No se escucharon vocalizaciones de la nueva especie durante las expediciones. El an\u00e1lisis filogen\u00e9tico muestra que la nueva especie pertenece al clado norte de\u00a0<em>Noblella<\/em>, hoy reconocido como <em>Phyllonastes<\/em>.<\/p>\n<p>Estudios previos han revelado la polifilia de\u00a0<em>Noblella<\/em>, con un clado (denominado Clado Sur) de los Andes del centro y sur de Per\u00fa y Bolivia m\u00e1s estrechamente relacionado con los g\u00e9neros\u00a0<em>Psychrophrynella<\/em>,\u00a0<em>Microkayla<\/em>\u00a0y\u00a0<em>Qosqophryne<\/em>, y otro clado de los Andes del norte y la Amazonia, donde se incluyen las especies ecuatorianas (denominado Clado Norte).<\/p>\n<p>La Cordillera del C\u00f3ndor es una cadena monta\u00f1osa subandina ubicada en el l\u00edmite geopol\u00edtico entre el sureste de Ecuador y el norte de Per\u00fa. Se caracteriza por terrenos accidentados que alcanzan una elevaci\u00f3n m\u00e1xima de aproximadamente 2900 m y est\u00e1n constituidos principalmente por areniscas y calizas mesozoicas y cenozoicas tempranas depositadas antes del surgimiento de los Andes.<\/p>\n<p>La intrincada interacci\u00f3n de factores geol\u00f3gicos y ecol\u00f3gicos en la Cordillera del C\u00f3ndor ha fomentado la riqueza biol\u00f3gica de la regi\u00f3n, siendo un punto cr\u00edtico de diversidad y endemicidad. Este trabajo contribuye a resaltar la importancia de conservar esta \u00e1rea, que gracias a su alta tasa de endemismo y la continua descripci\u00f3n de nuevas especies de animales y plantas la convierten en un lugar de alta biodiversidad.<\/p>\n<p>La extracci\u00f3n de ADN, la amplificaci\u00f3n por PCR y la posterior secuenciaci\u00f3n por Nanopore se realizaron en el Laboratorio de Secuenciaci\u00f3n de \u00c1cidos Nucleicos del Instituto Nacional de Biodiversidad (INABIO). La investigaci\u00f3n fue desarrollada por David Brito-Zapata (USFQ), Juan D. Ch\u00e1vez-Reyes (USFQ), Matheo David Pallo-Robles (USFQ), Julio C. Carri\u00f3n-Olmedo (INABIO), Diego F. Cisneros-Heredia (USFQ-INABIO) y Carolina Reyes-Puig (USFQ-INABIO).<\/p>\n<p>La investigaci\u00f3n est\u00e1 disponible en PeerJ: <a href=\"https:\/\/peerj.com\/articles\/17939\/?fbclid=IwY2xjawFqgEVleHRuA2FlbQIxMAABHZb2A5AqwsDtc026O49eXUAa2g173TGxlzPLTTu7I0paoPZtVNqsv7dmCw_aem_DRjqFU7_agliqY8SkKTnlw\">https:\/\/peerj.com\/articles\/17939\/?fbclid=IwY2xjawFqgEVleHRuA2FlbQIxMAABHZb2A5AqwsDtc026O49eXUAa2g173TGxlzPLTTu7I0paoPZtVNqsv7dmCw_aem_DRjqFU7_agliqY8SkKTnlw#<\/a><\/p>\n<p>El INABIO es una instituci\u00f3n que busca generar conocimiento y desarrollar ciencia, tecnolog\u00eda e innovaci\u00f3n que requiere el Estado ecuatoriano para garantizar la conservaci\u00f3n de su patrimonio natural mediante el uso soberano, estrat\u00e9gico y sustentable de la biodiversidad y sus componentes. De maneras sin\u00e9rgica, el fortalecimiento de programas y proyectos de investigaci\u00f3n, junto a instituciones acad\u00e9micas nacionales e internacionales, permiten alcanzar objetivos estrat\u00e9gicos detallados en la Agenda Nacional de Biodiversidad de Ecuador.<\/p>\n","protected":false},"excerpt":{"rendered":"<p>Investigadores de la Universidad San Francisco de Quito e Instituto Nacional de Biodiversidad (INABIO) describen en la provincia de Zamora Chinchipe una nueva especie de rana de hojarasca del g\u00e9nero\u00a0Noblella, de nombre Noblella arutam, que rinde homenaje al pueblo Shuar, a sus tierras ancestrales, su cultura, y sus incansables esfuerzos y compromiso con la protecci\u00f3n de la naturaleza. Noblella arutam\u00a0hace referencia a Ar\u00fatam, la entidad espiritual que simboliza el poder divino en el mundo de los Shuar, pueblo ind\u00edgena originario de la Amazonia occidental, que abarca Ecuador y Per\u00fa. Varias comunidades residen en la Cordillera del C\u00f3ndor y sus alrededores inmediatos, donde tambi\u00e9n habita esta nueva especie de rana. La nueva especie se diagnostica a partir de todos sus cong\u00e9neres por presentar uno o dos tub\u00e9rculos en los p\u00e1rpados superiores; falanges distales marcadamente en forma de T; f\u00f3rmula fal\u00e1ngica en manos 2-2-3-3; f\u00f3rmula fal\u00e1ngica en pies 2-2-3-4-3; tal\u00f3n con un peque\u00f1o tub\u00e9rculo subc\u00f3nico; disco en todos los dedos con papilas; y dorso marr\u00f3n o marr\u00f3n con gris, con marcas irregulares m\u00e1s oscuras dispersas o invertidas en forma de V. &nbsp; Todos los individuos de\u00a0Noblella arutam\u00a0 son conocidos de la comunidad de R\u00edo Blanco y \u00e1reas aleda\u00f1as, cant\u00f3n Paquisha, provincia de Zamora Chinchipe, a 1720\u20131890 m de altitud, en el ecosistema Bosque Siempreverde Montano de las Cordilleras del C\u00f3ndor y Kutuk\u00fa, caracterizado por su alta humedad y abundancia de ep\u00edfitas, briofitas y hojarasca. &nbsp; La mayor\u00eda de los espec\u00edmenes fueron encontrados activos en la noche en el suelo, entre la hojarasca, y tres individuos fueron encontrados en la hojarasca pero en la ma\u00f1ana. No se escucharon vocalizaciones de la nueva especie durante las expediciones. El an\u00e1lisis filogen\u00e9tico muestra que la nueva especie pertenece al clado norte de\u00a0Noblella, hoy reconocido como Phyllonastes. Estudios previos han revelado la polifilia de\u00a0Noblella, con un clado (denominado Clado Sur) de los Andes del centro y sur de Per\u00fa y Bolivia m\u00e1s estrechamente relacionado con los g\u00e9neros\u00a0Psychrophrynella,\u00a0Microkayla\u00a0y\u00a0Qosqophryne, y otro clado de los Andes del norte y la Amazonia, donde se incluyen las especies ecuatorianas (denominado Clado Norte). La Cordillera del C\u00f3ndor es una cadena monta\u00f1osa subandina ubicada en el l\u00edmite geopol\u00edtico entre el sureste de Ecuador y el norte de Per\u00fa. Se caracteriza por terrenos accidentados que alcanzan una elevaci\u00f3n m\u00e1xima de aproximadamente 2900 m y est\u00e1n constituidos principalmente por areniscas y calizas mesozoicas y cenozoicas tempranas depositadas antes del surgimiento de los Andes. La intrincada interacci\u00f3n de factores geol\u00f3gicos y ecol\u00f3gicos en la Cordillera del C\u00f3ndor ha fomentado la riqueza biol\u00f3gica de la regi\u00f3n, siendo un punto cr\u00edtico de diversidad y endemicidad. Este trabajo contribuye a resaltar la importancia de conservar esta \u00e1rea, que gracias a su alta tasa de endemismo y la continua descripci\u00f3n de nuevas especies de animales y plantas la convierten en un lugar de alta biodiversidad. La extracci\u00f3n de ADN, la amplificaci\u00f3n por PCR y la posterior secuenciaci\u00f3n por Nanopore se realizaron en el Laboratorio de Secuenciaci\u00f3n de \u00c1cidos Nucleicos del Instituto Nacional de Biodiversidad (INABIO). La investigaci\u00f3n fue desarrollada por David Brito-Zapata (USFQ), Juan D. Ch\u00e1vez-Reyes (USFQ), Matheo David Pallo-Robles (USFQ), Julio C. Carri\u00f3n-Olmedo (INABIO), Diego F. Cisneros-Heredia (USFQ-INABIO) y Carolina Reyes-Puig (USFQ-INABIO). La investigaci\u00f3n est\u00e1 disponible en PeerJ: https:\/\/peerj.com\/articles\/17939\/?fbclid=IwY2xjawFqgEVleHRuA2FlbQIxMAABHZb2A5AqwsDtc026O49eXUAa2g173TGxlzPLTTu7I0paoPZtVNqsv7dmCw_aem_DRjqFU7_agliqY8SkKTnlw# El INABIO es una instituci\u00f3n que busca generar conocimiento y desarrollar ciencia, tecnolog\u00eda e innovaci\u00f3n que requiere el Estado ecuatoriano para garantizar la conservaci\u00f3n de su patrimonio natural mediante el uso soberano, estrat\u00e9gico y sustentable de la biodiversidad y sus componentes. De maneras sin\u00e9rgica, el fortalecimiento de programas y proyectos de investigaci\u00f3n, junto a instituciones acad\u00e9micas nacionales e internacionales, permiten alcanzar objetivos estrat\u00e9gicos detallados en la Agenda Nacional de Biodiversidad de Ecuador.<\/p>\n","protected":false},"author":1,"featured_media":19055,"comment_status":"open","ping_status":"open","sticky":false,"template":"","format":"standard","meta":{"footnotes":""},"categories":[243],"tags":[],"class_list":["post-19054","post","type-post","status-publish","format-standard","has-post-thumbnail","hentry","category-noticias-zamora"],"_links":{"self":[{"href":"https:\/\/www.elamazonico.com\/portal\/wp-json\/wp\/v2\/posts\/19054","targetHints":{"allow":["GET"]}}],"collection":[{"href":"https:\/\/www.elamazonico.com\/portal\/wp-json\/wp\/v2\/posts"}],"about":[{"href":"https:\/\/www.elamazonico.com\/portal\/wp-json\/wp\/v2\/types\/post"}],"author":[{"embeddable":true,"href":"https:\/\/www.elamazonico.com\/portal\/wp-json\/wp\/v2\/users\/1"}],"replies":[{"embeddable":true,"href":"https:\/\/www.elamazonico.com\/portal\/wp-json\/wp\/v2\/comments?post=19054"}],"version-history":[{"count":1,"href":"https:\/\/www.elamazonico.com\/portal\/wp-json\/wp\/v2\/posts\/19054\/revisions"}],"predecessor-version":[{"id":19056,"href":"https:\/\/www.elamazonico.com\/portal\/wp-json\/wp\/v2\/posts\/19054\/revisions\/19056"}],"wp:featuredmedia":[{"embeddable":true,"href":"https:\/\/www.elamazonico.com\/portal\/wp-json\/wp\/v2\/media\/19055"}],"wp:attachment":[{"href":"https:\/\/www.elamazonico.com\/portal\/wp-json\/wp\/v2\/media?parent=19054"}],"wp:term":[{"taxonomy":"category","embeddable":true,"href":"https:\/\/www.elamazonico.com\/portal\/wp-json\/wp\/v2\/categories?post=19054"},{"taxonomy":"post_tag","embeddable":true,"href":"https:\/\/www.elamazonico.com\/portal\/wp-json\/wp\/v2\/tags?post=19054"}],"curies":[{"name":"wp","href":"https:\/\/api.w.org\/{rel}","templated":true}]}}