{"id":18797,"date":"2024-09-18T10:41:24","date_gmt":"2024-09-18T15:41:24","guid":{"rendered":"https:\/\/www.elamazonico.com\/portal\/?p=18797"},"modified":"2024-09-18T10:41:24","modified_gmt":"2024-09-18T15:41:24","slug":"utpl-presenta-el-concurso-laboratorio-de-ideas-para-estudiantes-y-funcionarios-de-los-gads","status":"publish","type":"post","link":"https:\/\/www.elamazonico.com\/portal\/utpl-presenta-el-concurso-laboratorio-de-ideas-para-estudiantes-y-funcionarios-de-los-gads\/","title":{"rendered":"UTPL presenta el concurso \u00abLaboratorio de Ideas\u00bb para estudiantes y funcionarios de los GADS"},"content":{"rendered":"<p><strong>\u00a0<\/strong><em>El \u201cLaboratorio de Ideas\u201d se presenta como una oportunidad clave para que los j\u00f3venes y funcionarios p\u00fablicos construyan soluciones que generen un impacto positivo en la provincia.<\/em><\/p>\n<p>La Universidad T\u00e9cnica Particular de Loja (UTPL), a trav\u00e9s de sus carreras de Administraci\u00f3n P\u00fablica y Econom\u00eda, presenta el concurso \u201cLaboratorio de Ideas\u201d, dirigido a estudiantes de tercero de bachillerato del r\u00e9gimen Costa y a funcionarios de los Gobiernos Aut\u00f3nomos Descentralizados (GADS) de la provincia de Loja. Esta <strong>iniciativa busca incentivar la creatividad, la innovaci\u00f3n y el pensamiento cr\u00edtico en el desarrollo de soluciones para problem\u00e1ticas sociales y de gesti\u00f3n p\u00fablica.<\/strong><\/p>\n<p>Mario Contreras, docente de la carrera de Administraci\u00f3n P\u00fablica de la UTPL y director del proyecto, explic\u00f3 que el objetivo del concurso es <strong>generar espacios donde los j\u00f3venes estudiantes y los funcionarios puedan desarrollar propuestas innovadoras que contribuyan al desarrollo sostenible de sus comunidades.<\/strong> \u201cEsta iniciativa no solo busca premiar ideas, sino tambi\u00e9n fortalecer las capacidades anal\u00edticas y de gesti\u00f3n de los participantes\u201d, afirm\u00f3.<\/p>\n<p>El concurso incluye diversas fases que abarcan <strong>asesor\u00eda universitaria, desarrollo de proyectos, capacitaciones en \u00e1reas clave como administraci\u00f3n p\u00fablica, econom\u00eda y desarrollo local y la presentaci\u00f3n de propuestas finales ante un jurado compuesto por expertos. <\/strong>Los participantes trabajar\u00e1n en equipo, con el apoyo de mentores, para perfeccionar sus ideas y desarrollar soluciones pr\u00e1cticas.<\/p>\n<p>Los ganadores podr\u00e1n acceder a becas para cursar el primer semestre de la carrera de Administraci\u00f3n P\u00fablica en modalidad en l\u00ednea de la UTPL. Las categor\u00edas y premios son los siguientes:<\/p>\n<ul>\n<li><strong>Categor\u00eda estudiantil:<\/strong>\n<ul>\n<li>Primer puesto: Beca del 100%<\/li>\n<li>Segundo puesto: Beca del 80%<\/li>\n<li>Tercer puesto: Beca del 60%<\/li>\n<\/ul>\n<\/li>\n<li><strong>Categor\u00eda servidores p\u00fablicos:<\/strong>\n<ul>\n<li>Primer puesto: Beca del 60%<\/li>\n<li>Segundo puesto: Beca del 40%<\/li>\n<li>Tercer puesto: Beca del 20%<\/li>\n<\/ul>\n<\/li>\n<\/ul>\n<p>Adem\u00e1s, se otorgar\u00e1n 5 becas del 100% para servidores p\u00fablicos que deseen cursar los siguientes diplomados en la UTPL:<\/p>\n<ul>\n<li>Diplomado en Cooperaci\u00f3n Internacional y Movilidad Humana<\/li>\n<li>Diplomado en Desarrollo Sostenible y Movilidad Humana<\/li>\n<\/ul>\n<p><strong>Las inscripciones est\u00e1n abiertas desde el 17 de septiembre hasta el 30 de octubre de 2024, y los interesados pueden registrarse a trav\u00e9s de la p\u00e1gina web del concurso<\/strong>: <strong>eventos.utpl.edu.ec\/lab-ideas<\/strong>. La exposici\u00f3n de las propuestas finalistas se realizar\u00e1 el 10 de febrero 2025.<\/p>\n<p>Con esta iniciativa, la UTPL reafirma su compromiso de promover el desarrollo sostenible y la formaci\u00f3n de ciudadanos y profesionales capaces de liderar el cambio en sus comunidades.<\/p>\n<p>&nbsp;<\/p>\n","protected":false},"excerpt":{"rendered":"<p>\u00a0El \u201cLaboratorio de Ideas\u201d se presenta como una oportunidad clave para que los j\u00f3venes y funcionarios p\u00fablicos construyan soluciones que generen un impacto positivo en la provincia. La Universidad T\u00e9cnica Particular de Loja (UTPL), a trav\u00e9s de sus carreras de Administraci\u00f3n P\u00fablica y Econom\u00eda, presenta el concurso \u201cLaboratorio de Ideas\u201d, dirigido a estudiantes de tercero de bachillerato del r\u00e9gimen Costa y a funcionarios de los Gobiernos Aut\u00f3nomos Descentralizados (GADS) de la provincia de Loja. Esta iniciativa busca incentivar la creatividad, la innovaci\u00f3n y el pensamiento cr\u00edtico en el desarrollo de soluciones para problem\u00e1ticas sociales y de gesti\u00f3n p\u00fablica. Mario Contreras, docente de la carrera de Administraci\u00f3n P\u00fablica de la UTPL y director del proyecto, explic\u00f3 que el objetivo del concurso es generar espacios donde los j\u00f3venes estudiantes y los funcionarios puedan desarrollar propuestas innovadoras que contribuyan al desarrollo sostenible de sus comunidades. \u201cEsta iniciativa no solo busca premiar ideas, sino tambi\u00e9n fortalecer las capacidades anal\u00edticas y de gesti\u00f3n de los participantes\u201d, afirm\u00f3. El concurso incluye diversas fases que abarcan asesor\u00eda universitaria, desarrollo de proyectos, capacitaciones en \u00e1reas clave como administraci\u00f3n p\u00fablica, econom\u00eda y desarrollo local y la presentaci\u00f3n de propuestas finales ante un jurado compuesto por expertos. Los participantes trabajar\u00e1n en equipo, con el apoyo de mentores, para perfeccionar sus ideas y desarrollar soluciones pr\u00e1cticas. Los ganadores podr\u00e1n acceder a becas para cursar el primer semestre de la carrera de Administraci\u00f3n P\u00fablica en modalidad en l\u00ednea de la UTPL. Las categor\u00edas y premios son los siguientes: Categor\u00eda estudiantil: Primer puesto: Beca del 100% Segundo puesto: Beca del 80% Tercer puesto: Beca del 60% Categor\u00eda servidores p\u00fablicos: Primer puesto: Beca del 60% Segundo puesto: Beca del 40% Tercer puesto: Beca del 20% Adem\u00e1s, se otorgar\u00e1n 5 becas del 100% para servidores p\u00fablicos que deseen cursar los siguientes diplomados en la UTPL: Diplomado en Cooperaci\u00f3n Internacional y Movilidad Humana Diplomado en Desarrollo Sostenible y Movilidad Humana Las inscripciones est\u00e1n abiertas desde el 17 de septiembre hasta el 30 de octubre de 2024, y los interesados pueden registrarse a trav\u00e9s de la p\u00e1gina web del concurso: eventos.utpl.edu.ec\/lab-ideas. La exposici\u00f3n de las propuestas finalistas se realizar\u00e1 el 10 de febrero 2025. Con esta iniciativa, la UTPL reafirma su compromiso de promover el desarrollo sostenible y la formaci\u00f3n de ciudadanos y profesionales capaces de liderar el cambio en sus comunidades. &nbsp;<\/p>\n","protected":false},"author":1,"featured_media":18798,"comment_status":"open","ping_status":"open","sticky":false,"template":"","format":"standard","meta":{"footnotes":""},"categories":[284],"tags":[],"class_list":["post-18797","post","type-post","status-publish","format-standard","has-post-thumbnail","hentry","category-noticias-loja"],"_links":{"self":[{"href":"https:\/\/www.elamazonico.com\/portal\/wp-json\/wp\/v2\/posts\/18797","targetHints":{"allow":["GET"]}}],"collection":[{"href":"https:\/\/www.elamazonico.com\/portal\/wp-json\/wp\/v2\/posts"}],"about":[{"href":"https:\/\/www.elamazonico.com\/portal\/wp-json\/wp\/v2\/types\/post"}],"author":[{"embeddable":true,"href":"https:\/\/www.elamazonico.com\/portal\/wp-json\/wp\/v2\/users\/1"}],"replies":[{"embeddable":true,"href":"https:\/\/www.elamazonico.com\/portal\/wp-json\/wp\/v2\/comments?post=18797"}],"version-history":[{"count":1,"href":"https:\/\/www.elamazonico.com\/portal\/wp-json\/wp\/v2\/posts\/18797\/revisions"}],"predecessor-version":[{"id":18799,"href":"https:\/\/www.elamazonico.com\/portal\/wp-json\/wp\/v2\/posts\/18797\/revisions\/18799"}],"wp:featuredmedia":[{"embeddable":true,"href":"https:\/\/www.elamazonico.com\/portal\/wp-json\/wp\/v2\/media\/18798"}],"wp:attachment":[{"href":"https:\/\/www.elamazonico.com\/portal\/wp-json\/wp\/v2\/media?parent=18797"}],"wp:term":[{"taxonomy":"category","embeddable":true,"href":"https:\/\/www.elamazonico.com\/portal\/wp-json\/wp\/v2\/categories?post=18797"},{"taxonomy":"post_tag","embeddable":true,"href":"https:\/\/www.elamazonico.com\/portal\/wp-json\/wp\/v2\/tags?post=18797"}],"curies":[{"name":"wp","href":"https:\/\/api.w.org\/{rel}","templated":true}]}}