{"id":18736,"date":"2024-09-16T10:25:48","date_gmt":"2024-09-16T15:25:48","guid":{"rendered":"https:\/\/www.elamazonico.com\/portal\/?p=18736"},"modified":"2024-09-16T10:25:48","modified_gmt":"2024-09-16T15:25:48","slug":"jornada-violenta-en-manta-deja-un-fallecido-varios-heridos-y-un-carro-en-llama","status":"publish","type":"post","link":"https:\/\/www.elamazonico.com\/portal\/jornada-violenta-en-manta-deja-un-fallecido-varios-heridos-y-un-carro-en-llama\/","title":{"rendered":"Jornada violenta en Manta deja un fallecido, varios heridos y un carro en llama"},"content":{"rendered":"<div class=\"paragraph texto\">\n<p class=\"p_0\"><b>Un muerto y varios heridos\u00a0<\/b>dej\u00f3 una\u00a0<b><a href=\"https:\/\/www.vistazo.com\/cronologia\/-\/meta\/manta\" target=\"_blank\" rel=\"noopener noreferrer\">jornada violenta en Manta\u00a0<\/a><\/b>este fin de semana del s\u00e1bado 14 y domingo 15 de septiembre.<\/p>\n<\/div>\n<div class=\"html_text\">\n<h2>ATAQUES ARMADOS EN BARRIOS DE MANTA<\/h2>\n<\/div>\n<div class=\"paragraph texto\">\n<p class=\"p_1\">De acuerdo con informaci\u00f3n preliminar,\u00a0<b>dos ataques armados<\/b>\u00a0ocurrieron cerca de las 16:00, uno en el<b>\u00a0barrio Santa Ana<\/b>, de la parroquia\u00a0<b>Eloy Alfaro<\/b>, y el otro en el<b>\u00a0barrio 8 de Enero<\/b>, en\u00a0<b>Tarqui.<\/b><\/p>\n<\/div>\n<div class=\"paragraph texto\">\n<p class=\"p_2\">En el primer incidente una persona recibi\u00f3 varios disparos, en tanto que en el segundo,\u00a0<b>dos resultaron heridas<\/b>.<b>\u00a0Todos fueron trasladados a centros hospitalarios.<\/b><\/p>\n<p class=\"p_3\">M\u00e1s tarde, a las 21:00,\u00a0<b>sicarios atacaron a tres personas<\/b>\u00a0que se movilizaban en un auto en el\u00a0<b>barrio El Palmar,<\/b>\u00a0matando a uno de los ocupantes e hiriendo a los otros dos.<\/p>\n<p class=\"p_4\">En tanto que este domingo 15 de septiembre, en la parroquia<b>\u00a0Los Esteros,\u00a0<\/b>varios sujetos sin identificar dispararon a\u00a0<b>William Z, Cindy C., y su hija de 6 a\u00f1os.<\/b>\u00a0Se desconocen las causas del ataque a esta familia que fue trasladada a un centro hospitalario.<\/p>\n<p class=\"p_5\">Pasadas las 17:00 se report\u00f3 otro incidente. En videos divulgados en redes sociales se observa\u00a0<b>un auto en llamas\u00a0<\/b>rodando por una calle, para estrellarse finalmente contra una vivienda de un barrio de Manta.<\/p>\n<div class=\"html_text\">\n<h2>SALDO DE MUERTES VIOLENTAS EN MANTA<\/h2>\n<\/div>\n<div class=\"paragraph texto\">\n<p class=\"p_6\">A 214 ascienden las muertes violentas registradas durante 2024 en el distrito de Manta, junto con los cantones de Jaramij\u00f3 y Montecristi.<\/p>\n<p class=\"p_7\">En el marco de la\u00a0<b>guerra contra el narcoterrorismo<\/b>, el Gobierno nacional destin\u00f3 para 2024\u00a0<b>un presupuesto de 3 mil 700 millones de d\u00f3lares,\u00a0<\/b>recursos divididos entre la Polic\u00eda Nacional, el Ministerio de Defensa, el Servicio Nacional de Atenci\u00f3n Integral a Privados de Libertad (SNAI), el ECU 911, entre otras instituciones.<\/p>\n<p class=\"p_8\">Hasta la segunda semana de septiembre de 2024 el Gabinete Sectorial de Seguridad ha devengado<b>\u00a02 mil 170 millones de d\u00f3lares,<\/b>\u00a0seg\u00fan datos del\u00a0<b>Ministerio de Econom\u00eda y Finanzas (MEF).\u00a0<\/b>El destino espec\u00edfico de este presupuesto<b>\u00a0se desconoce\u00a0<\/b>ya que es\u00a0<b>un tema de seguridad nacional,\u00a0<\/b>de acuerdo con el Comando Conjunto de las Fuerzas Armadas.<\/p>\n<p class=\"p_9\">Ecuador se convirti\u00f3 en 2023 el pa\u00eds de Latinoam\u00e9rica que ocupa el\u00a0<b>primer lugar de homicidios per c\u00e1pita,<\/b>\u00a0con una tasa de\u00a0<b>47,2 por cada 100.000 habitantes en 2023,<\/b> ocho veces mayor respecto a 2016. Este incremento se atribuye al auge de la violencia de los grupos criminales dedicados al narcotr\u00e1fico y a la miner\u00eda ilegal<\/p>\n<\/div>\n<\/div>\n","protected":false},"excerpt":{"rendered":"<p>Un muerto y varios heridos\u00a0dej\u00f3 una\u00a0jornada violenta en Manta\u00a0este fin de semana del s\u00e1bado 14 y domingo 15 de septiembre. ATAQUES ARMADOS EN BARRIOS DE MANTA De acuerdo con informaci\u00f3n preliminar,\u00a0dos ataques armados\u00a0ocurrieron cerca de las 16:00, uno en el\u00a0barrio Santa Ana, de la parroquia\u00a0Eloy Alfaro, y el otro en el\u00a0barrio 8 de Enero, en\u00a0Tarqui. En el primer incidente una persona recibi\u00f3 varios disparos, en tanto que en el segundo,\u00a0dos resultaron heridas.\u00a0Todos fueron trasladados a centros hospitalarios. M\u00e1s tarde, a las 21:00,\u00a0sicarios atacaron a tres personas\u00a0que se movilizaban en un auto en el\u00a0barrio El Palmar,\u00a0matando a uno de los ocupantes e hiriendo a los otros dos. En tanto que este domingo 15 de septiembre, en la parroquia\u00a0Los Esteros,\u00a0varios sujetos sin identificar dispararon a\u00a0William Z, Cindy C., y su hija de 6 a\u00f1os.\u00a0Se desconocen las causas del ataque a esta familia que fue trasladada a un centro hospitalario. Pasadas las 17:00 se report\u00f3 otro incidente. En videos divulgados en redes sociales se observa\u00a0un auto en llamas\u00a0rodando por una calle, para estrellarse finalmente contra una vivienda de un barrio de Manta. SALDO DE MUERTES VIOLENTAS EN MANTA A 214 ascienden las muertes violentas registradas durante 2024 en el distrito de Manta, junto con los cantones de Jaramij\u00f3 y Montecristi. En el marco de la\u00a0guerra contra el narcoterrorismo, el Gobierno nacional destin\u00f3 para 2024\u00a0un presupuesto de 3 mil 700 millones de d\u00f3lares,\u00a0recursos divididos entre la Polic\u00eda Nacional, el Ministerio de Defensa, el Servicio Nacional de Atenci\u00f3n Integral a Privados de Libertad (SNAI), el ECU 911, entre otras instituciones. Hasta la segunda semana de septiembre de 2024 el Gabinete Sectorial de Seguridad ha devengado\u00a02 mil 170 millones de d\u00f3lares,\u00a0seg\u00fan datos del\u00a0Ministerio de Econom\u00eda y Finanzas (MEF).\u00a0El destino espec\u00edfico de este presupuesto\u00a0se desconoce\u00a0ya que es\u00a0un tema de seguridad nacional,\u00a0de acuerdo con el Comando Conjunto de las Fuerzas Armadas. Ecuador se convirti\u00f3 en 2023 el pa\u00eds de Latinoam\u00e9rica que ocupa el\u00a0primer lugar de homicidios per c\u00e1pita,\u00a0con una tasa de\u00a047,2 por cada 100.000 habitantes en 2023, ocho veces mayor respecto a 2016. Este incremento se atribuye al auge de la violencia de los grupos criminales dedicados al narcotr\u00e1fico y a la miner\u00eda ilegal<\/p>\n","protected":false},"author":1,"featured_media":18737,"comment_status":"open","ping_status":"open","sticky":false,"template":"","format":"standard","meta":{"footnotes":""},"categories":[268],"tags":[],"class_list":["post-18736","post","type-post","status-publish","format-standard","has-post-thumbnail","hentry","category-nacionales"],"_links":{"self":[{"href":"https:\/\/www.elamazonico.com\/portal\/wp-json\/wp\/v2\/posts\/18736","targetHints":{"allow":["GET"]}}],"collection":[{"href":"https:\/\/www.elamazonico.com\/portal\/wp-json\/wp\/v2\/posts"}],"about":[{"href":"https:\/\/www.elamazonico.com\/portal\/wp-json\/wp\/v2\/types\/post"}],"author":[{"embeddable":true,"href":"https:\/\/www.elamazonico.com\/portal\/wp-json\/wp\/v2\/users\/1"}],"replies":[{"embeddable":true,"href":"https:\/\/www.elamazonico.com\/portal\/wp-json\/wp\/v2\/comments?post=18736"}],"version-history":[{"count":1,"href":"https:\/\/www.elamazonico.com\/portal\/wp-json\/wp\/v2\/posts\/18736\/revisions"}],"predecessor-version":[{"id":18740,"href":"https:\/\/www.elamazonico.com\/portal\/wp-json\/wp\/v2\/posts\/18736\/revisions\/18740"}],"wp:featuredmedia":[{"embeddable":true,"href":"https:\/\/www.elamazonico.com\/portal\/wp-json\/wp\/v2\/media\/18737"}],"wp:attachment":[{"href":"https:\/\/www.elamazonico.com\/portal\/wp-json\/wp\/v2\/media?parent=18736"}],"wp:term":[{"taxonomy":"category","embeddable":true,"href":"https:\/\/www.elamazonico.com\/portal\/wp-json\/wp\/v2\/categories?post=18736"},{"taxonomy":"post_tag","embeddable":true,"href":"https:\/\/www.elamazonico.com\/portal\/wp-json\/wp\/v2\/tags?post=18736"}],"curies":[{"name":"wp","href":"https:\/\/api.w.org\/{rel}","templated":true}]}}