{"id":18704,"date":"2024-09-13T06:08:29","date_gmt":"2024-09-13T11:08:29","guid":{"rendered":"https:\/\/www.elamazonico.com\/portal\/?p=18704"},"modified":"2024-09-13T06:12:14","modified_gmt":"2024-09-13T11:12:14","slug":"unl-y-utpl-convertiran-a-loja-en-destino-de-excelencia-academica","status":"publish","type":"post","link":"https:\/\/www.elamazonico.com\/portal\/unl-y-utpl-convertiran-a-loja-en-destino-de-excelencia-academica\/","title":{"rendered":"UNL y UTPL convertir\u00e1n a Loja en destino de excelencia acad\u00e9mica"},"content":{"rendered":"<p>El prop\u00f3sito es presentar un escenario diverso de conocimiento para el Ecuador y el mundo; colaboraci\u00f3n que dinamizar\u00e1 el sistema econ\u00f3mico-productivo de la ciudad.<\/p>\n<p>\u201cLoja ciudad universitaria\u201d es la nueva propuesta en la que se articula el trabajo conjunto entre la Universidad Nacional de Loja (UNL) y la Universidad T\u00e9cnica Particular de Loja (UTPL) para convertir a la ciudad en un destino de excelencia acad\u00e9mica que permita generar una din\u00e1mica social, econ\u00f3mica, tur\u00edstica y productiva.<\/p>\n<p>La nueva visi\u00f3n de desarrollo para Loja se abord\u00f3 en una reuni\u00f3n de trabajo entre los rectores de las dos instituciones de educaci\u00f3n superior, llevada a efecto en la UNL en la que, entre otras iniciativas, acordaron construir una agenda com\u00fan para actuar sobre la base de las experiencias de cada universidad y ponerlas al servicio de la urbe lojana.<\/p>\n<p>Nikolay Aguirre, rector de la UNL, explic\u00f3 que Loja se volver\u00e1 atractiva con una amplia y diversa oferta acad\u00e9mica de grado, posgrado y doctorado; as\u00ed como se convertir\u00e1 en sede de grandes eventos acad\u00e9micos-cient\u00edficos. \u201cLoja ciudad universitaria ser\u00e1 un modelo para el cambio socio-productivo; para lograr este prop\u00f3sito necesitamos del aporte de actores p\u00fablicos y privados con visi\u00f3n de desarrollo\u201d, puntualiz\u00f3.<\/p>\n<p>El rector de la UTPL, Santiago Acosta, reconoci\u00f3 la importancia de esta iniciativa conjunta para que las dos universidades act\u00faen por el bienestar de la ciudad. Destac\u00f3 que esta es una propuesta aglutinadora y de futuro que parte de la articulaci\u00f3n de la academia local en un proyecto de desarrollo. \u201cLoja deber ser tambi\u00e9n una ciudad donde la sostenibilidad ayude a que los ciudadanos tengan mejores perspectivas de futuro\u201d, indic\u00f3.<\/p>\n<p>La UNL, en su Plan Estrat\u00e9gico de Desarrollo Institucional, prioriza la sostenibilidad, un horizonte que empata con las aspiraciones de la regi\u00f3n a trav\u00e9s del respeto a la naturaleza, la generaci\u00f3n de recursos, la inclusi\u00f3n, la democracia y la garant\u00eda de los derechos; esta contribuci\u00f3n ser\u00e1 fundamental para consolidar el proyecto \u201cLoja ciudad<\/p>\n<p>universitaria\u201d que ayudar\u00e1 a cumplir con los objetivos de desarrollo sostenible.<\/p>\n","protected":false},"excerpt":{"rendered":"<p>El prop\u00f3sito es presentar un escenario diverso de conocimiento para el Ecuador y el mundo; colaboraci\u00f3n que dinamizar\u00e1 el sistema econ\u00f3mico-productivo de la ciudad. \u201cLoja ciudad universitaria\u201d es la nueva propuesta en la que se articula el trabajo conjunto entre la Universidad Nacional de Loja (UNL) y la Universidad T\u00e9cnica Particular de Loja (UTPL) para convertir a la ciudad en un destino de excelencia acad\u00e9mica que permita generar una din\u00e1mica social, econ\u00f3mica, tur\u00edstica y productiva. La nueva visi\u00f3n de desarrollo para Loja se abord\u00f3 en una reuni\u00f3n de trabajo entre los rectores de las dos instituciones de educaci\u00f3n superior, llevada a efecto en la UNL en la que, entre otras iniciativas, acordaron construir una agenda com\u00fan para actuar sobre la base de las experiencias de cada universidad y ponerlas al servicio de la urbe lojana. Nikolay Aguirre, rector de la UNL, explic\u00f3 que Loja se volver\u00e1 atractiva con una amplia y diversa oferta acad\u00e9mica de grado, posgrado y doctorado; as\u00ed como se convertir\u00e1 en sede de grandes eventos acad\u00e9micos-cient\u00edficos. \u201cLoja ciudad universitaria ser\u00e1 un modelo para el cambio socio-productivo; para lograr este prop\u00f3sito necesitamos del aporte de actores p\u00fablicos y privados con visi\u00f3n de desarrollo\u201d, puntualiz\u00f3. El rector de la UTPL, Santiago Acosta, reconoci\u00f3 la importancia de esta iniciativa conjunta para que las dos universidades act\u00faen por el bienestar de la ciudad. Destac\u00f3 que esta es una propuesta aglutinadora y de futuro que parte de la articulaci\u00f3n de la academia local en un proyecto de desarrollo. \u201cLoja deber ser tambi\u00e9n una ciudad donde la sostenibilidad ayude a que los ciudadanos tengan mejores perspectivas de futuro\u201d, indic\u00f3. La UNL, en su Plan Estrat\u00e9gico de Desarrollo Institucional, prioriza la sostenibilidad, un horizonte que empata con las aspiraciones de la regi\u00f3n a trav\u00e9s del respeto a la naturaleza, la generaci\u00f3n de recursos, la inclusi\u00f3n, la democracia y la garant\u00eda de los derechos; esta contribuci\u00f3n ser\u00e1 fundamental para consolidar el proyecto \u201cLoja ciudad universitaria\u201d que ayudar\u00e1 a cumplir con los objetivos de desarrollo sostenible.<\/p>\n","protected":false},"author":1,"featured_media":18706,"comment_status":"open","ping_status":"open","sticky":false,"template":"","format":"standard","meta":{"footnotes":""},"categories":[268,284],"tags":[],"class_list":["post-18704","post","type-post","status-publish","format-standard","has-post-thumbnail","hentry","category-nacionales","category-noticias-loja"],"_links":{"self":[{"href":"https:\/\/www.elamazonico.com\/portal\/wp-json\/wp\/v2\/posts\/18704","targetHints":{"allow":["GET"]}}],"collection":[{"href":"https:\/\/www.elamazonico.com\/portal\/wp-json\/wp\/v2\/posts"}],"about":[{"href":"https:\/\/www.elamazonico.com\/portal\/wp-json\/wp\/v2\/types\/post"}],"author":[{"embeddable":true,"href":"https:\/\/www.elamazonico.com\/portal\/wp-json\/wp\/v2\/users\/1"}],"replies":[{"embeddable":true,"href":"https:\/\/www.elamazonico.com\/portal\/wp-json\/wp\/v2\/comments?post=18704"}],"version-history":[{"count":1,"href":"https:\/\/www.elamazonico.com\/portal\/wp-json\/wp\/v2\/posts\/18704\/revisions"}],"predecessor-version":[{"id":18705,"href":"https:\/\/www.elamazonico.com\/portal\/wp-json\/wp\/v2\/posts\/18704\/revisions\/18705"}],"wp:featuredmedia":[{"embeddable":true,"href":"https:\/\/www.elamazonico.com\/portal\/wp-json\/wp\/v2\/media\/18706"}],"wp:attachment":[{"href":"https:\/\/www.elamazonico.com\/portal\/wp-json\/wp\/v2\/media?parent=18704"}],"wp:term":[{"taxonomy":"category","embeddable":true,"href":"https:\/\/www.elamazonico.com\/portal\/wp-json\/wp\/v2\/categories?post=18704"},{"taxonomy":"post_tag","embeddable":true,"href":"https:\/\/www.elamazonico.com\/portal\/wp-json\/wp\/v2\/tags?post=18704"}],"curies":[{"name":"wp","href":"https:\/\/api.w.org\/{rel}","templated":true}]}}