{"id":18680,"date":"2024-09-11T17:25:24","date_gmt":"2024-09-11T22:25:24","guid":{"rendered":"https:\/\/www.elamazonico.com\/portal\/?p=18680"},"modified":"2024-09-11T17:25:24","modified_gmt":"2024-09-11T22:25:24","slug":"asamblea-archiva-definitivamente-pedidos-de-juicio-politico-a-fiscal-diana-salazar","status":"publish","type":"post","link":"https:\/\/www.elamazonico.com\/portal\/asamblea-archiva-definitivamente-pedidos-de-juicio-politico-a-fiscal-diana-salazar\/","title":{"rendered":"Asamblea archiva definitivamente pedidos de juicio pol\u00edtico a fiscal Diana Salazar"},"content":{"rendered":"<p>La fiscal general del Estado,\u00a0<strong><a href=\"https:\/\/www.teleamazonas.com\/?s=Diana+Salazar\">Diana Salazar<\/a><\/strong>,\u00a0<strong>no ir\u00e1 a juicio pol\u00edtico<\/strong>. Con\u00a0<strong>76 votos a favor<\/strong>, el Pleno de la Asamblea Nacional\u00a0<strong>decidi\u00f3 archivar\u00a0<\/strong>las<strong>\u00a0solicitudes<\/strong>\u00a0de enjuiciamiento presentadas por los asamble\u00edstas H\u00e9ctor Valladarez y Gissela Garz\u00f3n. La decisi\u00f3n se tom\u00f3 la tarde de este martes 10 de septiembre del 2024.<\/p>\n<p>La moci\u00f3n para\u00a0<strong>unificar ambos pedidos<\/strong>\u00a0de juicio pol\u00edtico y la resoluci\u00f3n de archivarlos naci\u00f3 del asamble\u00edsta<strong>\u00a0Otto Vera,<\/strong>\u00a0del Partido Social Cristiano (PSC). El argumento fue que la resoluci\u00f3n de la\u00a0<strong>Comisi\u00f3n de Fiscalizaci\u00f3n\u00a0<\/strong>de dar paso al juicio pol\u00edtico fue<strong>\u00a0extempor\u00e1nea.<\/strong><\/p>\n<blockquote class=\"twitter-tweet\" data-width=\"550\" data-dnt=\"true\">\n<p lang=\"es\" dir=\"ltr\">Con 76 votos afirmativos <a href=\"https:\/\/twitter.com\/hashtag\/LaNuevaAsamblea?src=hash&amp;ref_src=twsrc%5Etfw\">#LaNuevaAsamblea<\/a> resuelve <br \/>ARCHIVAR las solicitudes de enjuiciamiento pol\u00edtico en contra de la Fiscal &#13;General del Estado, Lady Diana Salazar M\u00e9ndez, propuestos por el asamble\u00edsta H\u00e9ctor &#13;Guillermo Valladarez Gonz\u00e1lez, mediante Memorando\u2026 <a href=\"https:\/\/t.co\/92pFkFvUeX\">pic.twitter.com\/92pFkFvUeX<\/a><\/p>\n<p>&mdash; Asamblea Nacional (@AsambleaEcuador) <a href=\"https:\/\/twitter.com\/AsambleaEcuador\/status\/1833636061513167191?ref_src=twsrc%5Etfw\">September 10, 2024<\/a><\/p><\/blockquote>\n<p><script async src=\"https:\/\/platform.twitter.com\/widgets.js\" charset=\"utf-8\"><\/script><\/p>\n<p>Seg\u00fan Vera, la<strong>\u00a0Comisi\u00f3n<\/strong>\u00a0\u00fanicamente\u00a0<strong>ten\u00eda cinco d\u00edas\u00a0<\/strong>para resolver sobre la continuidad del juicio. Es decir, solo pod\u00edan hacerlo hasta la noche del 9 de septiembre. Sin embargo, la decisi\u00f3n se tom\u00f3 los primeros minutos de este martes 10.<\/p>\n<p>Seg\u00fan Vera, lo primero que deb\u00eda hacer la Comisi\u00f3n de Fiscalizaci\u00f3n era\u00a0<strong>unificar las solicitudes\u00a0<\/strong>de juicio pol\u00edtico presentadas por\u00a0<strong>Garz\u00f3n y Valladares<\/strong>\u00a0y luego votar para darlos paso. Pero, dice el legislador, la mesa legislativa actu\u00f3 de forma err\u00f3nea.<\/p>\n<p>El debate en el Pleno fue r\u00e1pido. Los votos para archivar el juicio pol\u00edtico salieron de distintos partidos pol\u00edticos, mientras que la Revoluci\u00f3n Ciudadana vot\u00f3 en contra.<\/p>\n<div class=\"code-block code-block-10\"><\/div>\n<p>Tras conocer la resoluci\u00f3n, la fiscal\u00a0<strong>Diana Salazar<\/strong>\u00a0asegur\u00f3 que \u00abes importante\u00a0<strong>respeta<\/strong>r la representaci\u00f3n de la\u00a0<strong>m\u00e1xima voluntad popular<\/strong>\u00ab. Tambi\u00e9n dijo que la decisi\u00f3n del Pleno es un\u00a0<strong>\u00abrespaldo\u00bb<\/strong>\u00a0al trabajo que se realiz\u00f3 en su\u00a0<strong>administraci\u00f3n<\/strong>.<\/p>\n<p>Recalc\u00f3 que los\u00a0<strong>juicios<\/strong>\u00a0impulsados por la Revoluci\u00f3n Ciudadana<strong>\u00a0\u00abbuscaban impunidad\u00bb.\u00a0<\/strong>\u00abSab\u00edamos que los\u00a0<strong>narcojuicios nacieron viciados<\/strong>, sin el sustento que, al menos, un proceso de este tipo requiere\u00bb, escribi\u00f3. <strong>Fuente: Teleamazonas<\/strong><\/p>\n<blockquote class=\"twitter-tweet\" data-width=\"550\" data-dnt=\"true\">\n<p lang=\"es\" dir=\"ltr\">Al pa\u00eds: <a href=\"https:\/\/t.co\/ggvlOp9ByV\">pic.twitter.com\/ggvlOp9ByV<\/a><\/p>\n<p>&mdash; Diana Salazar M. (@DianaSalazarM2) <a href=\"https:\/\/twitter.com\/DianaSalazarM2\/status\/1833637337001087079?ref_src=twsrc%5Etfw\">September 10, 2024<\/a><\/p><\/blockquote>\n<p><script async src=\"https:\/\/platform.twitter.com\/widgets.js\" charset=\"utf-8\"><\/script><\/p>\n<p>&nbsp;<\/p>\n","protected":false},"excerpt":{"rendered":"<p>La fiscal general del Estado,\u00a0Diana Salazar,\u00a0no ir\u00e1 a juicio pol\u00edtico. Con\u00a076 votos a favor, el Pleno de la Asamblea Nacional\u00a0decidi\u00f3 archivar\u00a0las\u00a0solicitudes\u00a0de enjuiciamiento presentadas por los asamble\u00edstas H\u00e9ctor Valladarez y Gissela Garz\u00f3n. La decisi\u00f3n se tom\u00f3 la tarde de este martes 10 de septiembre del 2024. La moci\u00f3n para\u00a0unificar ambos pedidos\u00a0de juicio pol\u00edtico y la resoluci\u00f3n de archivarlos naci\u00f3 del asamble\u00edsta\u00a0Otto Vera,\u00a0del Partido Social Cristiano (PSC). El argumento fue que la resoluci\u00f3n de la\u00a0Comisi\u00f3n de Fiscalizaci\u00f3n\u00a0de dar paso al juicio pol\u00edtico fue\u00a0extempor\u00e1nea. Con 76 votos afirmativos #LaNuevaAsamblea resuelve ARCHIVAR las solicitudes de enjuiciamiento pol\u00edtico en contra de la Fiscal &#13;General del Estado, Lady Diana Salazar M\u00e9ndez, propuestos por el asamble\u00edsta H\u00e9ctor &#13;Guillermo Valladarez Gonz\u00e1lez, mediante Memorando\u2026 pic.twitter.com\/92pFkFvUeX &mdash; Asamblea Nacional (@AsambleaEcuador) September 10, 2024 Seg\u00fan Vera, la\u00a0Comisi\u00f3n\u00a0\u00fanicamente\u00a0ten\u00eda cinco d\u00edas\u00a0para resolver sobre la continuidad del juicio. Es decir, solo pod\u00edan hacerlo hasta la noche del 9 de septiembre. Sin embargo, la decisi\u00f3n se tom\u00f3 los primeros minutos de este martes 10. Seg\u00fan Vera, lo primero que deb\u00eda hacer la Comisi\u00f3n de Fiscalizaci\u00f3n era\u00a0unificar las solicitudes\u00a0de juicio pol\u00edtico presentadas por\u00a0Garz\u00f3n y Valladares\u00a0y luego votar para darlos paso. Pero, dice el legislador, la mesa legislativa actu\u00f3 de forma err\u00f3nea. El debate en el Pleno fue r\u00e1pido. Los votos para archivar el juicio pol\u00edtico salieron de distintos partidos pol\u00edticos, mientras que la Revoluci\u00f3n Ciudadana vot\u00f3 en contra. Tras conocer la resoluci\u00f3n, la fiscal\u00a0Diana Salazar\u00a0asegur\u00f3 que \u00abes importante\u00a0respetar la representaci\u00f3n de la\u00a0m\u00e1xima voluntad popular\u00ab. Tambi\u00e9n dijo que la decisi\u00f3n del Pleno es un\u00a0\u00abrespaldo\u00bb\u00a0al trabajo que se realiz\u00f3 en su\u00a0administraci\u00f3n. Recalc\u00f3 que los\u00a0juicios\u00a0impulsados por la Revoluci\u00f3n Ciudadana\u00a0\u00abbuscaban impunidad\u00bb.\u00a0\u00abSab\u00edamos que los\u00a0narcojuicios nacieron viciados, sin el sustento que, al menos, un proceso de este tipo requiere\u00bb, escribi\u00f3. Fuente: Teleamazonas Al pa\u00eds: pic.twitter.com\/ggvlOp9ByV &mdash; Diana Salazar M. (@DianaSalazarM2) September 10, 2024 &nbsp;<\/p>\n","protected":false},"author":1,"featured_media":18681,"comment_status":"open","ping_status":"open","sticky":false,"template":"","format":"standard","meta":{"footnotes":""},"categories":[268],"tags":[],"class_list":["post-18680","post","type-post","status-publish","format-standard","has-post-thumbnail","hentry","category-nacionales"],"_links":{"self":[{"href":"https:\/\/www.elamazonico.com\/portal\/wp-json\/wp\/v2\/posts\/18680","targetHints":{"allow":["GET"]}}],"collection":[{"href":"https:\/\/www.elamazonico.com\/portal\/wp-json\/wp\/v2\/posts"}],"about":[{"href":"https:\/\/www.elamazonico.com\/portal\/wp-json\/wp\/v2\/types\/post"}],"author":[{"embeddable":true,"href":"https:\/\/www.elamazonico.com\/portal\/wp-json\/wp\/v2\/users\/1"}],"replies":[{"embeddable":true,"href":"https:\/\/www.elamazonico.com\/portal\/wp-json\/wp\/v2\/comments?post=18680"}],"version-history":[{"count":1,"href":"https:\/\/www.elamazonico.com\/portal\/wp-json\/wp\/v2\/posts\/18680\/revisions"}],"predecessor-version":[{"id":18682,"href":"https:\/\/www.elamazonico.com\/portal\/wp-json\/wp\/v2\/posts\/18680\/revisions\/18682"}],"wp:featuredmedia":[{"embeddable":true,"href":"https:\/\/www.elamazonico.com\/portal\/wp-json\/wp\/v2\/media\/18681"}],"wp:attachment":[{"href":"https:\/\/www.elamazonico.com\/portal\/wp-json\/wp\/v2\/media?parent=18680"}],"wp:term":[{"taxonomy":"category","embeddable":true,"href":"https:\/\/www.elamazonico.com\/portal\/wp-json\/wp\/v2\/categories?post=18680"},{"taxonomy":"post_tag","embeddable":true,"href":"https:\/\/www.elamazonico.com\/portal\/wp-json\/wp\/v2\/tags?post=18680"}],"curies":[{"name":"wp","href":"https:\/\/api.w.org\/{rel}","templated":true}]}}