{"id":18667,"date":"2024-09-11T15:47:27","date_gmt":"2024-09-11T20:47:27","guid":{"rendered":"https:\/\/www.elamazonico.com\/portal\/?p=18667"},"modified":"2024-09-11T16:13:31","modified_gmt":"2024-09-11T21:13:31","slug":"veronica-abad-falta-que-me-quiten-la-vida-vicepresidenta-detalla-las-presiones-para-su-renuncia-tras-ser-trasladada-a-turquia","status":"publish","type":"post","link":"https:\/\/www.elamazonico.com\/portal\/veronica-abad-falta-que-me-quiten-la-vida-vicepresidenta-detalla-las-presiones-para-su-renuncia-tras-ser-trasladada-a-turquia\/","title":{"rendered":"Ver\u00f3nica Abad: &#8216;falta que me quiten la vida&#8217;; Vicepresidenta detalla las presiones para su renuncia tras ser trasladada a Turqu\u00eda"},"content":{"rendered":"<p class=\"p_0\">La vicepresidenta\u00a0<b><a href=\"https:\/\/www.vistazo.com\/cronologia\/-\/meta\/veronica-abad\" target=\"_blank\" rel=\"noopener noreferrer\">Ver\u00f3nica Abad<\/a><\/b>\u00a0atraviesa momentos de incertidumbre, luego de que el presidente\u00a0<b>Daniel Noboa<\/b>\u00a0ordenara su traslado a\u00a0<b>Turqu\u00eda\u00a0<\/b>desde\u00a0<b>Israel<\/b>, debido al aumento de la tensi\u00f3n en el Medio Oriente, en lugar de permitir su regreso a\u00a0<b>Ecuador<\/b>.<\/p>\n<p class=\"p_2\">Momentos antes de su partida hacia la capital turca,\u00a0<b>Ankara<\/b>, Abad concedi\u00f3 una entrevista a\u00a0<b>El Pa\u00eds<\/b>, en la que revel\u00f3 las\u00a0<b>presiones\u00a0<\/b>que enfrenta para que\u00a0<b>renuncie\u00a0<\/b>a su cargo de vicepresidenta antes de la campa\u00f1a de 2025.<\/p>\n<p class=\"p_3\">Seg\u00fan Abad, esta situaci\u00f3n se debe a que el presidente Noboa deber\u00e1 dimitir para participar en la campa\u00f1a por la\u00a0<b>reelecci\u00f3n\u00a0<\/b>y ella tendr\u00eda que asumir la\u00a0<b>presidencia interina<\/b>.<\/p>\n<h2 class=\"h2vistazo\">\u201cFalta que me quiten la vida\u201d<\/h2>\n<div class=\"paragraph texto\">\n<p class=\"p_4\">La Vicepresidenta detall\u00f3 que el mismo decreto presidencial que la obliga a viajar a Turqu\u00eda, le\u00a0<b>proh\u00edbe<\/b>\u00a0hablar los asuntos internos de\u00a0<b>Ecuador<\/b>.<\/p>\n<p class=\"p_5\"><b>\u00bfPor qu\u00e9 la env\u00edan a Turqu\u00eda?<\/b>\u00a0La vicepresidenta asegura que el verdadero objetivo de su traslado es amordazarla. \u00abLa intenci\u00f3n final es\u00a0<b>silenciarme<\/b>. El Gobierno busca acallarme una vez m\u00e1s para que no interfiera en su campa\u00f1a pol\u00edtica, en la que evidentemente ya est\u00e1 inmerso\u00bb, declar\u00f3 Abad.<\/p>\n<p class=\"p_7\">Seg\u00fan la vicepresidenta, su traslado a Turqu\u00eda no fue debidamente preparado, y ha enfrentado problemas administrativos que han afectado a su\u00a0<b>familia<\/b>. \u00abPlantearon que dejara a mis\u00a0<b>hijos\u00a0<\/b>en Israel para irme sola a Turqu\u00eda\u00bb, a\u00f1adi\u00f3.<\/p>\n<p class=\"p_8\">Abad tambi\u00e9n expres\u00f3 su preocupaci\u00f3n por lo que pueda suceder en el futuro cercano. \u00ab<b>Lo \u00fanico que falta es que me quiten la vida<\/b>. Porque no existe otra forma, ni el Gobierno nobo\u00edsta puede inventarse un mecanismo para evitarlo\u00bb, coment\u00f3.<\/p>\n<p class=\"p_9\">Asimismo, Abad afirm\u00f3 que\u00a0<b>no se le han asignado funciones<\/b>\u00a0espec\u00edficas en Turqu\u00eda y que su traslado no responde a razones de seguridad, como ha afirmado el Gobierno.<\/p>\n<div id=\"Center2\" class=\"centervist\" data-google-query-id=\"CImg-57hu4gDFY6Ugwgd9dgKtg\">\n<div id=\"google_ads_iframe_\/21839199781\/Vistazo\/Vistazo_Center2_0__container__\">La vicepresidenta tambi\u00e9n respondi\u00f3 a las acusaciones del presidente Daniel Noboa, quien la ha acusado de intentar un <b>golpe de Estado<\/b>, tras presentar una denuncia de violencia pol\u00edtica de g\u00e9nero contra \u00e9l y otros funcionarios.<\/div>\n<\/div>\n<p class=\"p_11\">\u00abLas pruebas son p\u00fablicas. No s\u00e9 qu\u00e9 m\u00e1s pretende el presidente; esto sobrepasa cualquier pel\u00edcula de horror y terror. \u00bfQu\u00e9 m\u00e1s va a hacer para forzar mi renuncia? No es una cuesti\u00f3n de voluntad, es lo que dicta la Constituci\u00f3n\u00bb, afirm\u00f3 Abad.<\/p>\n<\/div>\n<h2 class=\"h2vistazo\">Buscan la Destituci\u00f3n de la Vicepresidenta<\/h2>\n<div class=\"paragraph texto\">\n<p class=\"p_12\">La asesora presidencial\u00a0<b>Diana J\u00e1come<\/b>\u00a0admiti\u00f3 este lunes que su contrademanda contra la vicepresidenta\u00a0<b>Ver\u00f3nica Abad<\/b>\u00a0tiene como objetivo su\u00a0<b>destituci\u00f3n,<\/b>\u00a0suspensi\u00f3n de los derechos pol\u00edticos y sanci\u00f3n econ\u00f3mica<\/p>\n<p class=\"p_13\">\u00abAqu\u00ed se trata de defender al pa\u00eds y evitar que la vieja pol\u00edtica regrese a Ecuador, hoy amparada en la vicepresidenta, que busca destituir al presidente (Daniel Noboa)\u00bb, a\u00f1adi\u00f3.<\/p>\n<p class=\"p_14\">J\u00e1come present\u00f3 ante el\u00a0<b>Tribunal Contencioso Electoral<\/b>\u00a0(TCE) su denuncia por presunta violencia pol\u00edtica de g\u00e9nero contra la vicepresidenta despu\u00e9s de que \u00e9sta denunciara en primer lugar, por el mismo motivo, al presidente Noboa y a varios funcionarios de su administraci\u00f3n, entre los que se encuentra la misma asesora presidencial.<\/p>\n<p class=\"p_15\">Abad ha acusado a Noboa de liderar un presunto\u00a0<b>hostigamiento\u00a0<\/b>contra ella para forzarla a dimitir y evitar que el mandatario deba delegarle las funciones presidenciales durante el periodo de campa\u00f1a electoral de las elecciones de 2025, donde \u00e9l buscar\u00e1 la reelecci\u00f3n.<\/p>\n<p class=\"p_16\">Para J\u00e1come, \u00abes doloroso y triste saber que tenemos una segunda mandataria que lo que pretende es\u00a0<b>desestabilizar\u00a0<\/b>al pa\u00eds\u00bb, al punto que el Gobierno ha interpretado la demanda de Abad contra Noboa como un intento de golpe de Estado.<\/p>\n<p class=\"p_17\">El distanciamiento entre Noboa y Abad comenz\u00f3 en la segunda vuelta de las elecciones presidenciales extraodinarias de 2023 que gan\u00f3 Noboa, y se cristaliz\u00f3 tras la investidura cuando, en una de sus primeras decisiones, el gobernante la design\u00f3 embajadora en Israel, con la misi\u00f3n de buscar la paz entre israel\u00edes y palestinos. <strong>Fuente: Vistazo<\/strong><\/p>\n<\/div>\n","protected":false},"excerpt":{"rendered":"<p>La vicepresidenta\u00a0Ver\u00f3nica Abad\u00a0atraviesa momentos de incertidumbre, luego de que el presidente\u00a0Daniel Noboa\u00a0ordenara su traslado a\u00a0Turqu\u00eda\u00a0desde\u00a0Israel, debido al aumento de la tensi\u00f3n en el Medio Oriente, en lugar de permitir su regreso a\u00a0Ecuador. Momentos antes de su partida hacia la capital turca,\u00a0Ankara, Abad concedi\u00f3 una entrevista a\u00a0El Pa\u00eds, en la que revel\u00f3 las\u00a0presiones\u00a0que enfrenta para que\u00a0renuncie\u00a0a su cargo de vicepresidenta antes de la campa\u00f1a de 2025. Seg\u00fan Abad, esta situaci\u00f3n se debe a que el presidente Noboa deber\u00e1 dimitir para participar en la campa\u00f1a por la\u00a0reelecci\u00f3n\u00a0y ella tendr\u00eda que asumir la\u00a0presidencia interina. \u201cFalta que me quiten la vida\u201d La Vicepresidenta detall\u00f3 que el mismo decreto presidencial que la obliga a viajar a Turqu\u00eda, le\u00a0proh\u00edbe\u00a0hablar los asuntos internos de\u00a0Ecuador. \u00bfPor qu\u00e9 la env\u00edan a Turqu\u00eda?\u00a0La vicepresidenta asegura que el verdadero objetivo de su traslado es amordazarla. \u00abLa intenci\u00f3n final es\u00a0silenciarme. El Gobierno busca acallarme una vez m\u00e1s para que no interfiera en su campa\u00f1a pol\u00edtica, en la que evidentemente ya est\u00e1 inmerso\u00bb, declar\u00f3 Abad. Seg\u00fan la vicepresidenta, su traslado a Turqu\u00eda no fue debidamente preparado, y ha enfrentado problemas administrativos que han afectado a su\u00a0familia. \u00abPlantearon que dejara a mis\u00a0hijos\u00a0en Israel para irme sola a Turqu\u00eda\u00bb, a\u00f1adi\u00f3. Abad tambi\u00e9n expres\u00f3 su preocupaci\u00f3n por lo que pueda suceder en el futuro cercano. \u00abLo \u00fanico que falta es que me quiten la vida. Porque no existe otra forma, ni el Gobierno nobo\u00edsta puede inventarse un mecanismo para evitarlo\u00bb, coment\u00f3. Asimismo, Abad afirm\u00f3 que\u00a0no se le han asignado funciones\u00a0espec\u00edficas en Turqu\u00eda y que su traslado no responde a razones de seguridad, como ha afirmado el Gobierno. La vicepresidenta tambi\u00e9n respondi\u00f3 a las acusaciones del presidente Daniel Noboa, quien la ha acusado de intentar un golpe de Estado, tras presentar una denuncia de violencia pol\u00edtica de g\u00e9nero contra \u00e9l y otros funcionarios. \u00abLas pruebas son p\u00fablicas. No s\u00e9 qu\u00e9 m\u00e1s pretende el presidente; esto sobrepasa cualquier pel\u00edcula de horror y terror. \u00bfQu\u00e9 m\u00e1s va a hacer para forzar mi renuncia? No es una cuesti\u00f3n de voluntad, es lo que dicta la Constituci\u00f3n\u00bb, afirm\u00f3 Abad. Buscan la Destituci\u00f3n de la Vicepresidenta La asesora presidencial\u00a0Diana J\u00e1come\u00a0admiti\u00f3 este lunes que su contrademanda contra la vicepresidenta\u00a0Ver\u00f3nica Abad\u00a0tiene como objetivo su\u00a0destituci\u00f3n,\u00a0suspensi\u00f3n de los derechos pol\u00edticos y sanci\u00f3n econ\u00f3mica \u00abAqu\u00ed se trata de defender al pa\u00eds y evitar que la vieja pol\u00edtica regrese a Ecuador, hoy amparada en la vicepresidenta, que busca destituir al presidente (Daniel Noboa)\u00bb, a\u00f1adi\u00f3. J\u00e1come present\u00f3 ante el\u00a0Tribunal Contencioso Electoral\u00a0(TCE) su denuncia por presunta violencia pol\u00edtica de g\u00e9nero contra la vicepresidenta despu\u00e9s de que \u00e9sta denunciara en primer lugar, por el mismo motivo, al presidente Noboa y a varios funcionarios de su administraci\u00f3n, entre los que se encuentra la misma asesora presidencial. Abad ha acusado a Noboa de liderar un presunto\u00a0hostigamiento\u00a0contra ella para forzarla a dimitir y evitar que el mandatario deba delegarle las funciones presidenciales durante el periodo de campa\u00f1a electoral de las elecciones de 2025, donde \u00e9l buscar\u00e1 la reelecci\u00f3n. Para J\u00e1come, \u00abes doloroso y triste saber que tenemos una segunda mandataria que lo que pretende es\u00a0desestabilizar\u00a0al pa\u00eds\u00bb, al punto que el Gobierno ha interpretado la demanda de Abad contra Noboa como un intento de golpe de Estado. El distanciamiento entre Noboa y Abad comenz\u00f3 en la segunda vuelta de las elecciones presidenciales extraodinarias de 2023 que gan\u00f3 Noboa, y se cristaliz\u00f3 tras la investidura cuando, en una de sus primeras decisiones, el gobernante la design\u00f3 embajadora en Israel, con la misi\u00f3n de buscar la paz entre israel\u00edes y palestinos. Fuente: Vistazo<\/p>\n","protected":false},"author":1,"featured_media":18668,"comment_status":"open","ping_status":"open","sticky":false,"template":"","format":"standard","meta":{"footnotes":""},"categories":[268],"tags":[],"class_list":["post-18667","post","type-post","status-publish","format-standard","has-post-thumbnail","hentry","category-nacionales"],"_links":{"self":[{"href":"https:\/\/www.elamazonico.com\/portal\/wp-json\/wp\/v2\/posts\/18667","targetHints":{"allow":["GET"]}}],"collection":[{"href":"https:\/\/www.elamazonico.com\/portal\/wp-json\/wp\/v2\/posts"}],"about":[{"href":"https:\/\/www.elamazonico.com\/portal\/wp-json\/wp\/v2\/types\/post"}],"author":[{"embeddable":true,"href":"https:\/\/www.elamazonico.com\/portal\/wp-json\/wp\/v2\/users\/1"}],"replies":[{"embeddable":true,"href":"https:\/\/www.elamazonico.com\/portal\/wp-json\/wp\/v2\/comments?post=18667"}],"version-history":[{"count":2,"href":"https:\/\/www.elamazonico.com\/portal\/wp-json\/wp\/v2\/posts\/18667\/revisions"}],"predecessor-version":[{"id":18673,"href":"https:\/\/www.elamazonico.com\/portal\/wp-json\/wp\/v2\/posts\/18667\/revisions\/18673"}],"wp:featuredmedia":[{"embeddable":true,"href":"https:\/\/www.elamazonico.com\/portal\/wp-json\/wp\/v2\/media\/18668"}],"wp:attachment":[{"href":"https:\/\/www.elamazonico.com\/portal\/wp-json\/wp\/v2\/media?parent=18667"}],"wp:term":[{"taxonomy":"category","embeddable":true,"href":"https:\/\/www.elamazonico.com\/portal\/wp-json\/wp\/v2\/categories?post=18667"},{"taxonomy":"post_tag","embeddable":true,"href":"https:\/\/www.elamazonico.com\/portal\/wp-json\/wp\/v2\/tags?post=18667"}],"curies":[{"name":"wp","href":"https:\/\/api.w.org\/{rel}","templated":true}]}}