{"id":18620,"date":"2024-09-09T12:02:53","date_gmt":"2024-09-09T17:02:53","guid":{"rendered":"https:\/\/www.elamazonico.com\/portal\/?p=18620"},"modified":"2024-09-09T16:22:30","modified_gmt":"2024-09-09T21:22:30","slug":"la-impunidad-campea-en-los-crimenes-de-periodistas-ecuatorianos","status":"publish","type":"post","link":"https:\/\/www.elamazonico.com\/portal\/la-impunidad-campea-en-los-crimenes-de-periodistas-ecuatorianos\/","title":{"rendered":"La impunidad campea en los cr\u00edmenes de periodistas ecuatorianos"},"content":{"rendered":"<div class=\"lead destacado\">En 2023 las agresiones del crimen organizado contra periodistas crecieron en 340 por ciento. A partir de ese a\u00f1o, ya se registran casos de periodistas en exilio.<\/div>\n<div class=\"paragraph texto\">\n<p class=\"p_1\">Mike Cabrera. C\u00e9sar Henry Vivanco. Fernando Le\u00f3n. Los dos primeros son periodistas\u00a0<b>asesinados<\/b>\u00a0en 2022, en Manab\u00ed y El Oro, respectivamente. De Le\u00f3n\u00a0<b>se perdi\u00f3 el rastro<\/b>, luego de que saliera a una reporter\u00eda de campo en Gualaceo (Azuay), tambi\u00e9n ese a\u00f1o. Solo se hall\u00f3 su auto.<\/p>\n<p class=\"p_2\"><b>Dagmar Flores<\/b>, coordinadora del \u00e1rea de protecci\u00f3n de Fundamedios, explica que entre 2005 y el primer semestre de 2023 se registraron<b>\u00a011 casos de periodistas asesinados<\/b>, que est\u00e1n en impunidad. \u201cLos asesinatos de los periodistas son la forma m\u00e1s grave de vulnerar el derecho a la libertad de expresi\u00f3n y el derecho de la sociedad a estar informada sobre temas que son de inter\u00e9s p\u00fablico\u201d.<\/p>\n<p class=\"p_3\">Hay una constante. Las investigaciones oficiales no lograron identifica si se trat\u00f3 de cr\u00edmenes relacionados con su trabajo period\u00edstico. \u00c9sta, cita la experta, deber\u00eda ser una de las primeras l\u00edneas de investigaci\u00f3n por las que debe arrancar la fiscal\u00eda.<\/p>\n<\/div>\n<div class=\"multimediaMacroWrapper img lateral\">\n<figure class=\"contentMedia art-img\">\n<div><img fetchpriority=\"high\" decoding=\"async\" class=\" lazyloaded\" title=\"Asesinatos de periodistas es una de las formas m\u00e1s graves de vulnerar el derecho a la libertad de prensa.\" src=\"https:\/\/www.vistazo.com\/placeholder\/svg\/viewbox\/768x338\" sizes=\"100vw\" srcset=\"\/\/www.vistazo.com\/binrepository\/768x338\/0c0\/0d0\/none\/12727\/TFNA\/woman-mouth-sealed-in-adhesive-tape-f_1739251_20240909114746.jpg 768w,\/\/www.vistazo.com\/binrepository\/640x282\/0c0\/0d0\/none\/12727\/TFNL\/woman-mouth-sealed-in-adhesive-tape-f_1739251_20240909114746.jpg 640w,\/\/www.vistazo.com\/binrepository\/512x225\/0c0\/0d0\/none\/12727\/TFNC\/woman-mouth-sealed-in-adhesive-tape-f_1739251_20240909114746.jpg 512w,\/\/www.vistazo.com\/binrepository\/384x169\/0c0\/0d0\/none\/12727\/TFNA\/woman-mouth-sealed-in-adhesive-tape-f_1739251_20240909114746.jpg 384w,\/\/www.vistazo.com\/binrepository\/300x132\/0c0\/0d0\/none\/12727\/TFNC\/woman-mouth-sealed-in-adhesive-tape-f_1739251_20240909114746.jpg 300w\" alt=\"$!Asesinatos de periodistas es una de las formas m\u00e1s graves de vulnerar el derecho a la libertad de prensa.\" width=\"768\" height=\"338\" data-srcset=\"\/\/www.vistazo.com\/binrepository\/768x338\/0c0\/0d0\/none\/12727\/TFNA\/woman-mouth-sealed-in-adhesive-tape-f_1739251_20240909114746.jpg 768w,\/\/www.vistazo.com\/binrepository\/640x282\/0c0\/0d0\/none\/12727\/TFNL\/woman-mouth-sealed-in-adhesive-tape-f_1739251_20240909114746.jpg 640w,\/\/www.vistazo.com\/binrepository\/512x225\/0c0\/0d0\/none\/12727\/TFNC\/woman-mouth-sealed-in-adhesive-tape-f_1739251_20240909114746.jpg 512w,\/\/www.vistazo.com\/binrepository\/384x169\/0c0\/0d0\/none\/12727\/TFNA\/woman-mouth-sealed-in-adhesive-tape-f_1739251_20240909114746.jpg 384w,\/\/www.vistazo.com\/binrepository\/300x132\/0c0\/0d0\/none\/12727\/TFNC\/woman-mouth-sealed-in-adhesive-tape-f_1739251_20240909114746.jpg 300w\" \/><\/div>\n<div class=\"cutline-byline\"><span class=\"cutline-text\">Asesinatos de periodistas es una de las formas m\u00e1s graves de vulnerar el derecho a la libertad de prensa.\u00a0<\/span><span class=\"byline-image\">(Foto: envato )<\/span><\/div>\n<\/figure>\n<\/div>\n<div class=\"paragraph texto\">\n<p class=\"p_4\"><b>\u00bfPor qu\u00e9 se produce el aumento en los cr\u00edmenes contra periodistas?<\/b><\/p>\n<p class=\"p_5\">Desde el a\u00f1o 2021 empezamos a notar un crecimiento de la violencia a nivel nacional, eso nos lleva a encontrar a actores del crimen organizado como uno de los principales agresores contra la prensa. Quiz\u00e1s el secuestro y asesinato de los periodistas de El Comercio (en 2018) pudo sentirse como un caso aislado. Despu\u00e9s, nos damos cuenta de que hay un patr\u00f3n. En 2021 hay periodistas amenazados con panfletos. En 2022 aparecen tiros en las puertas de medios de comunicaci\u00f3n. En 2022 asesinan a tres periodistas, dos en Manab\u00ed y uno en El Oro.<\/p>\n<p class=\"p_6\">Vemos un aumento en las agresiones. En 2023 crecen en cerca del 340 por ciento de las agresiones del crimen organizado contra periodistas, \u00e9ste es un n\u00famero muy alto. Y en 2023 ya tenemos casos de exilio de periodistas.<\/p>\n<p class=\"p_7\"><b>\u00bfHay un cambio de patr\u00f3n?<\/b><\/p>\n<p class=\"p_8\">El\u00a0<i>modus operandi<\/i>\u00a0va cambiando. Al principio eran amenazas. Luego las organizaciones criminales ven a los medios como un canal para expandir su discurso: se preocupan si publican sus videos, si van a cubrir sus muertes. Eso es lo que pas\u00f3 con TC televisi\u00f3n este a\u00f1o, el objetivo de los terroristas era hablar en se\u00f1al en vivo, iban a mandar un mensaje al pa\u00eds, \u00e9se era el objetivo.<\/p>\n<p class=\"p_9\">Llegan a extorsionar a los periodistas y con esto se configura este cambio de patr\u00f3n, se busca instrumentalizar a la prensa como propagadora de mensajes.<\/p>\n<p class=\"p_10\">Y nos ha pasado en medios que deciden autocensurarse, ya no cubren ciertos temas como cr\u00f3nica roja. En varias provincias algunos medios deciden autocensurarse.<\/p>\n<\/div>\n<div class=\"multimediaMacroWrapper img lateral\">\n<figure class=\"contentMedia art-img\">\n<div><img decoding=\"async\" class=\" lazyloaded\" title=\"Dagmar Flores, coordinadora del \u00e1rea de protecci\u00f3n de Fundamedios.\" src=\"https:\/\/www.vistazo.com\/placeholder\/svg\/viewbox\/718x1280\" sizes=\"100vw\" srcset=\"\/\/www.vistazo.com\/binrepository\/718x1280\/0c0\/0d0\/none\/12727\/CNWS\/whatsapp-image-2024-09-09-at-09-49_1739263_20240909114941.jpg 718w,\/\/www.vistazo.com\/binrepository\/598x1067\/0c0\/0d0\/none\/12727\/CNWT\/whatsapp-image-2024-09-09-at-09-49_1739263_20240909114941.jpg 598w,\/\/www.vistazo.com\/binrepository\/479x853\/0c0\/0d0\/none\/12727\/RGGB\/whatsapp-image-2024-09-09-at-09-49_1739263_20240909114941.jpg 479w,\/\/www.vistazo.com\/binrepository\/359x640\/0c0\/0d0\/none\/12727\/RGGT\/whatsapp-image-2024-09-09-at-09-49_1739263_20240909114941.jpg 359w,\/\/www.vistazo.com\/binrepository\/300x535\/0c0\/0d0\/none\/12727\/RGGW\/whatsapp-image-2024-09-09-at-09-49_1739263_20240909114941.jpg 300w\" alt=\"$!Dagmar Flores, coordinadora del \u00e1rea de protecci\u00f3n de Fundamedios.\" width=\"718\" height=\"1280\" data-srcset=\"\/\/www.vistazo.com\/binrepository\/718x1280\/0c0\/0d0\/none\/12727\/CNWS\/whatsapp-image-2024-09-09-at-09-49_1739263_20240909114941.jpg 718w,\/\/www.vistazo.com\/binrepository\/598x1067\/0c0\/0d0\/none\/12727\/CNWT\/whatsapp-image-2024-09-09-at-09-49_1739263_20240909114941.jpg 598w,\/\/www.vistazo.com\/binrepository\/479x853\/0c0\/0d0\/none\/12727\/RGGB\/whatsapp-image-2024-09-09-at-09-49_1739263_20240909114941.jpg 479w,\/\/www.vistazo.com\/binrepository\/359x640\/0c0\/0d0\/none\/12727\/RGGT\/whatsapp-image-2024-09-09-at-09-49_1739263_20240909114941.jpg 359w,\/\/www.vistazo.com\/binrepository\/300x535\/0c0\/0d0\/none\/12727\/RGGW\/whatsapp-image-2024-09-09-at-09-49_1739263_20240909114941.jpg 300w\" \/><\/div>\n<div class=\"cutline-byline\"><span class=\"cutline-text\">Dagmar Flores, coordinadora del \u00e1rea de protecci\u00f3n de Fundamedios.\u00a0<\/span><span class=\"byline-image\">(Foto: cortes\u00eda )<\/span><\/div>\n<\/figure>\n<\/div>\n<div class=\"paragraph texto\">\n<p class=\"p_11\"><b>\u00bfSon m\u00e1s vulnerables los periodistas de provincias?<\/b><\/p>\n<p class=\"p_12\">Definitivamente, m\u00e1s vulnerables son periodistas independientes, ha habido un auge impresionante de periodistas digitales. Hace poco pude viajar a dar talleres de autoprotecci\u00f3n para periodistas, la totalidad no sab\u00eda nada respecto a autoprotecci\u00f3n, qu\u00e9 medidas tomar frente a coberturas riesgosas, nadie ten\u00eda protocolos de seguridad, hay desconocimiento frente al riesgo que uno enfrenta cuando es periodista, m\u00e1s en provincias que est\u00e1n tomadas por el crimen. Los periodistas independientes cubren temas delicados, que pueden ponerles en riesgo en manera exponencial.<\/p>\n<p class=\"p_13\"><b>\u00bfCu\u00e1l es la norma de seguridad b\u00e1sica?<\/b><\/p>\n<p class=\"p_14\">Si alguien va a hacer cobertura en territorio, mapear el sitio, hacer contactos de confianza, buscar qu\u00e9 salidas de emergencia, si hay unidad de polic\u00eda, si hay servicios de salud. El periodismo en este punto, mientras m\u00e1s colaborativo m\u00e1s seguro. El Consejo de Comunicaci\u00f3n cre\u00f3 el mecanismo de protecci\u00f3n de periodistas, a partir de la ley reformada y el reglamento. Sin embargo, est\u00e1n con presupuesto prorrogado y el mecanismo es algo nuevo, por eso no cuentan con financiamiento. Le hemos propuesto al mecanismo realizar un trabajo conjunto.<\/p>\n<\/div>\n<div class=\"paragraph texto\">\n<p class=\"p_15\"><b>\u00bfQu\u00e9 pasa con los periodistas en exilio?<\/b><\/p>\n<p class=\"p_16\">Entre 2023 y 2024 detectamos 14 casos. De ellos, 6 fueron atendidos por Fundamedios a trav\u00e9s de una mesa de protecci\u00f3n. Pero el exilio debe ser una medida temporal, la idea es construir un plan de vida, buscar formas de subsistencia cuando est\u00e1n en exilio, siempre se debe valorar el riesgo. <strong>Fuente: Vistazo<\/strong><\/p>\n<blockquote class=\"twitter-tweet\" data-width=\"550\" data-dnt=\"true\">\n<p lang=\"es\" dir=\"ltr\"><a href=\"https:\/\/twitter.com\/hashtag\/LoM%C3%A1sLe%C3%ADdo?src=hash&amp;ref_src=twsrc%5Etfw\">#LoM\u00e1sLe\u00eddo<\/a> | El crimen de Gerardo Delgado a\u00fan sigue en impunidad. El periodista fue asesinado por equivocaci\u00f3n y los responsables intelectuales est\u00e1n relacionados con el narcolavador Leandro Norero. \u25b6\ufe0f <a href=\"https:\/\/t.co\/AM2DKDLX0G\">https:\/\/t.co\/AM2DKDLX0G<\/a> <a href=\"https:\/\/t.co\/rBbb0aNDwT\">pic.twitter.com\/rBbb0aNDwT<\/a><\/p>\n<p>&mdash; Revista Vistazo (@revistavistazo) <a href=\"https:\/\/twitter.com\/revistavistazo\/status\/1832950902094758114?ref_src=twsrc%5Etfw\">September 9, 2024<\/a><\/p><\/blockquote>\n<p><script async src=\"https:\/\/platform.twitter.com\/widgets.js\" charset=\"utf-8\"><\/script><\/p>\n<\/div>\n","protected":false},"excerpt":{"rendered":"<p>En 2023 las agresiones del crimen organizado contra periodistas crecieron en 340 por ciento. A partir de ese a\u00f1o, ya se registran casos de periodistas en exilio. Mike Cabrera. C\u00e9sar Henry Vivanco. Fernando Le\u00f3n. Los dos primeros son periodistas\u00a0asesinados\u00a0en 2022, en Manab\u00ed y El Oro, respectivamente. De Le\u00f3n\u00a0se perdi\u00f3 el rastro, luego de que saliera a una reporter\u00eda de campo en Gualaceo (Azuay), tambi\u00e9n ese a\u00f1o. Solo se hall\u00f3 su auto. Dagmar Flores, coordinadora del \u00e1rea de protecci\u00f3n de Fundamedios, explica que entre 2005 y el primer semestre de 2023 se registraron\u00a011 casos de periodistas asesinados, que est\u00e1n en impunidad. \u201cLos asesinatos de los periodistas son la forma m\u00e1s grave de vulnerar el derecho a la libertad de expresi\u00f3n y el derecho de la sociedad a estar informada sobre temas que son de inter\u00e9s p\u00fablico\u201d. Hay una constante. Las investigaciones oficiales no lograron identifica si se trat\u00f3 de cr\u00edmenes relacionados con su trabajo period\u00edstico. \u00c9sta, cita la experta, deber\u00eda ser una de las primeras l\u00edneas de investigaci\u00f3n por las que debe arrancar la fiscal\u00eda. Asesinatos de periodistas es una de las formas m\u00e1s graves de vulnerar el derecho a la libertad de prensa.\u00a0(Foto: envato ) \u00bfPor qu\u00e9 se produce el aumento en los cr\u00edmenes contra periodistas? Desde el a\u00f1o 2021 empezamos a notar un crecimiento de la violencia a nivel nacional, eso nos lleva a encontrar a actores del crimen organizado como uno de los principales agresores contra la prensa. Quiz\u00e1s el secuestro y asesinato de los periodistas de El Comercio (en 2018) pudo sentirse como un caso aislado. Despu\u00e9s, nos damos cuenta de que hay un patr\u00f3n. En 2021 hay periodistas amenazados con panfletos. En 2022 aparecen tiros en las puertas de medios de comunicaci\u00f3n. En 2022 asesinan a tres periodistas, dos en Manab\u00ed y uno en El Oro. Vemos un aumento en las agresiones. En 2023 crecen en cerca del 340 por ciento de las agresiones del crimen organizado contra periodistas, \u00e9ste es un n\u00famero muy alto. Y en 2023 ya tenemos casos de exilio de periodistas. \u00bfHay un cambio de patr\u00f3n? El\u00a0modus operandi\u00a0va cambiando. Al principio eran amenazas. Luego las organizaciones criminales ven a los medios como un canal para expandir su discurso: se preocupan si publican sus videos, si van a cubrir sus muertes. Eso es lo que pas\u00f3 con TC televisi\u00f3n este a\u00f1o, el objetivo de los terroristas era hablar en se\u00f1al en vivo, iban a mandar un mensaje al pa\u00eds, \u00e9se era el objetivo. Llegan a extorsionar a los periodistas y con esto se configura este cambio de patr\u00f3n, se busca instrumentalizar a la prensa como propagadora de mensajes. Y nos ha pasado en medios que deciden autocensurarse, ya no cubren ciertos temas como cr\u00f3nica roja. En varias provincias algunos medios deciden autocensurarse. Dagmar Flores, coordinadora del \u00e1rea de protecci\u00f3n de Fundamedios.\u00a0(Foto: cortes\u00eda ) \u00bfSon m\u00e1s vulnerables los periodistas de provincias? Definitivamente, m\u00e1s vulnerables son periodistas independientes, ha habido un auge impresionante de periodistas digitales. Hace poco pude viajar a dar talleres de autoprotecci\u00f3n para periodistas, la totalidad no sab\u00eda nada respecto a autoprotecci\u00f3n, qu\u00e9 medidas tomar frente a coberturas riesgosas, nadie ten\u00eda protocolos de seguridad, hay desconocimiento frente al riesgo que uno enfrenta cuando es periodista, m\u00e1s en provincias que est\u00e1n tomadas por el crimen. Los periodistas independientes cubren temas delicados, que pueden ponerles en riesgo en manera exponencial. \u00bfCu\u00e1l es la norma de seguridad b\u00e1sica? Si alguien va a hacer cobertura en territorio, mapear el sitio, hacer contactos de confianza, buscar qu\u00e9 salidas de emergencia, si hay unidad de polic\u00eda, si hay servicios de salud. El periodismo en este punto, mientras m\u00e1s colaborativo m\u00e1s seguro. El Consejo de Comunicaci\u00f3n cre\u00f3 el mecanismo de protecci\u00f3n de periodistas, a partir de la ley reformada y el reglamento. Sin embargo, est\u00e1n con presupuesto prorrogado y el mecanismo es algo nuevo, por eso no cuentan con financiamiento. Le hemos propuesto al mecanismo realizar un trabajo conjunto. \u00bfQu\u00e9 pasa con los periodistas en exilio? Entre 2023 y 2024 detectamos 14 casos. De ellos, 6 fueron atendidos por Fundamedios a trav\u00e9s de una mesa de protecci\u00f3n. Pero el exilio debe ser una medida temporal, la idea es construir un plan de vida, buscar formas de subsistencia cuando est\u00e1n en exilio, siempre se debe valorar el riesgo. Fuente: Vistazo #LoM\u00e1sLe\u00eddo | El crimen de Gerardo Delgado a\u00fan sigue en impunidad. El periodista fue asesinado por equivocaci\u00f3n y los responsables intelectuales est\u00e1n relacionados con el narcolavador Leandro Norero. \u25b6\ufe0f https:\/\/t.co\/AM2DKDLX0G pic.twitter.com\/rBbb0aNDwT &mdash; Revista Vistazo (@revistavistazo) September 9, 2024<\/p>\n","protected":false},"author":1,"featured_media":18630,"comment_status":"open","ping_status":"open","sticky":false,"template":"","format":"standard","meta":{"footnotes":""},"categories":[268],"tags":[],"class_list":["post-18620","post","type-post","status-publish","format-standard","has-post-thumbnail","hentry","category-nacionales"],"_links":{"self":[{"href":"https:\/\/www.elamazonico.com\/portal\/wp-json\/wp\/v2\/posts\/18620","targetHints":{"allow":["GET"]}}],"collection":[{"href":"https:\/\/www.elamazonico.com\/portal\/wp-json\/wp\/v2\/posts"}],"about":[{"href":"https:\/\/www.elamazonico.com\/portal\/wp-json\/wp\/v2\/types\/post"}],"author":[{"embeddable":true,"href":"https:\/\/www.elamazonico.com\/portal\/wp-json\/wp\/v2\/users\/1"}],"replies":[{"embeddable":true,"href":"https:\/\/www.elamazonico.com\/portal\/wp-json\/wp\/v2\/comments?post=18620"}],"version-history":[{"count":1,"href":"https:\/\/www.elamazonico.com\/portal\/wp-json\/wp\/v2\/posts\/18620\/revisions"}],"predecessor-version":[{"id":18621,"href":"https:\/\/www.elamazonico.com\/portal\/wp-json\/wp\/v2\/posts\/18620\/revisions\/18621"}],"wp:featuredmedia":[{"embeddable":true,"href":"https:\/\/www.elamazonico.com\/portal\/wp-json\/wp\/v2\/media\/18630"}],"wp:attachment":[{"href":"https:\/\/www.elamazonico.com\/portal\/wp-json\/wp\/v2\/media?parent=18620"}],"wp:term":[{"taxonomy":"category","embeddable":true,"href":"https:\/\/www.elamazonico.com\/portal\/wp-json\/wp\/v2\/categories?post=18620"},{"taxonomy":"post_tag","embeddable":true,"href":"https:\/\/www.elamazonico.com\/portal\/wp-json\/wp\/v2\/tags?post=18620"}],"curies":[{"name":"wp","href":"https:\/\/api.w.org\/{rel}","templated":true}]}}