{"id":18615,"date":"2024-09-09T11:48:08","date_gmt":"2024-09-09T16:48:08","guid":{"rendered":"https:\/\/www.elamazonico.com\/portal\/?p=18615"},"modified":"2024-09-09T11:48:08","modified_gmt":"2024-09-09T16:48:08","slug":"pretendemos-la-destitucion-de-la-vicepresidenta-veronica-abad-dice-consejera-diana-jacome","status":"publish","type":"post","link":"https:\/\/www.elamazonico.com\/portal\/pretendemos-la-destitucion-de-la-vicepresidenta-veronica-abad-dice-consejera-diana-jacome\/","title":{"rendered":"\u00abPretendemos la destituci\u00f3n de la vicepresidenta Ver\u00f3nica Abad\u00bb, dice consejera Diana J\u00e1come"},"content":{"rendered":"<p>Para el 30 de septiembre de 2024 se prev\u00e9 la audiencia para la pr\u00e1ctica de pruebas y alegatos, en la denuncia por supuesta violencia pol\u00edtica de g\u00e9nero que present\u00f3 Diana J\u00e1come, asesora presidencial, en contra de la vicepresidenta de la Rep\u00fablica, Ver\u00f3nica Abad.<\/p>\n<p>J\u00e1come anticip\u00f3 este lunes, 9 de septiembre, que a esta diligencia acudir\u00e1 acompa\u00f1ada por sus abogados para presentar los sustentos, amparada en el art\u00edculo 280, numeral 1, del C\u00f3digo de la Democracia.<\/p>\n<p>\u201cYo espero, conf\u00edo en la justicia electoral, de que acepte las pretensiones que he puesto en esta denuncia: destituci\u00f3n y suspensi\u00f3n de los derechos pol\u00edticos, y la sanci\u00f3n econ\u00f3mica que corresponda a la se\u00f1ora Abad\u201d, dijo en radio Quito.<\/p>\n<p>La defensa de Carlos P\u00f3lit pide una sentencia reducida. Su argumento: es un hombre bueno<br \/>\nJ\u00e1come mencion\u00f3 que esta acci\u00f3n es una respuesta a las tres denuncias que ha presentado Abad en su contra en el TCE, a trav\u00e9s de terceros o de manera directa, para que se suspendan sus derechos pol\u00edticos.<\/p>\n<p>\u201cNosotros esperamos que el Tribunal acoja nuestra denuncia. La pretensi\u00f3n, reitero, es la destituci\u00f3n de la se\u00f1ora vicepresidenta porque est\u00e1 afectando nuestros derechos, trata de limitar, suspender la participaci\u00f3n pol\u00edtica\u201d, remarc\u00f3.<\/p>\n<p>Con esto, sostuvo J\u00e1come, tambi\u00e9n\u00a0se busca evitar que \u201cla vieja pol\u00edtica regrese al Ecuador, hoy amparada en la Vicepresidenta, que lo que pretende es destituir al Presidente\u201d, en referencia a otra queja de Abad que incluye a Daniel Noboa y varios funcionarios.<\/p>\n<p>\u201cEs doloroso, es triste, saber que tenemos una segunda mandataria, que lo que pretende es desestabilizar al pa\u00eds, porque en su denuncia inicial, su pretensi\u00f3n es destituir al Presidente de la Rep\u00fablica, suspender los derechos pol\u00edticos y tambi\u00e9n una sanci\u00f3n econ\u00f3mica\u201d, puntualiz\u00f3 J\u00e1come. <strong>Fuente: Primicias<\/strong><\/p>\n","protected":false},"excerpt":{"rendered":"<p>Para el 30 de septiembre de 2024 se prev\u00e9 la audiencia para la pr\u00e1ctica de pruebas y alegatos, en la denuncia por supuesta violencia pol\u00edtica de g\u00e9nero que present\u00f3 Diana J\u00e1come, asesora presidencial, en contra de la vicepresidenta de la Rep\u00fablica, Ver\u00f3nica Abad. J\u00e1come anticip\u00f3 este lunes, 9 de septiembre, que a esta diligencia acudir\u00e1 acompa\u00f1ada por sus abogados para presentar los sustentos, amparada en el art\u00edculo 280, numeral 1, del C\u00f3digo de la Democracia. \u201cYo espero, conf\u00edo en la justicia electoral, de que acepte las pretensiones que he puesto en esta denuncia: destituci\u00f3n y suspensi\u00f3n de los derechos pol\u00edticos, y la sanci\u00f3n econ\u00f3mica que corresponda a la se\u00f1ora Abad\u201d, dijo en radio Quito. La defensa de Carlos P\u00f3lit pide una sentencia reducida. Su argumento: es un hombre bueno J\u00e1come mencion\u00f3 que esta acci\u00f3n es una respuesta a las tres denuncias que ha presentado Abad en su contra en el TCE, a trav\u00e9s de terceros o de manera directa, para que se suspendan sus derechos pol\u00edticos. \u201cNosotros esperamos que el Tribunal acoja nuestra denuncia. La pretensi\u00f3n, reitero, es la destituci\u00f3n de la se\u00f1ora vicepresidenta porque est\u00e1 afectando nuestros derechos, trata de limitar, suspender la participaci\u00f3n pol\u00edtica\u201d, remarc\u00f3. Con esto, sostuvo J\u00e1come, tambi\u00e9n\u00a0se busca evitar que \u201cla vieja pol\u00edtica regrese al Ecuador, hoy amparada en la Vicepresidenta, que lo que pretende es destituir al Presidente\u201d, en referencia a otra queja de Abad que incluye a Daniel Noboa y varios funcionarios. \u201cEs doloroso, es triste, saber que tenemos una segunda mandataria, que lo que pretende es desestabilizar al pa\u00eds, porque en su denuncia inicial, su pretensi\u00f3n es destituir al Presidente de la Rep\u00fablica, suspender los derechos pol\u00edticos y tambi\u00e9n una sanci\u00f3n econ\u00f3mica\u201d, puntualiz\u00f3 J\u00e1come. Fuente: Primicias<\/p>\n","protected":false},"author":1,"featured_media":18616,"comment_status":"open","ping_status":"open","sticky":false,"template":"","format":"standard","meta":{"footnotes":""},"categories":[268],"tags":[],"class_list":["post-18615","post","type-post","status-publish","format-standard","has-post-thumbnail","hentry","category-nacionales"],"_links":{"self":[{"href":"https:\/\/www.elamazonico.com\/portal\/wp-json\/wp\/v2\/posts\/18615","targetHints":{"allow":["GET"]}}],"collection":[{"href":"https:\/\/www.elamazonico.com\/portal\/wp-json\/wp\/v2\/posts"}],"about":[{"href":"https:\/\/www.elamazonico.com\/portal\/wp-json\/wp\/v2\/types\/post"}],"author":[{"embeddable":true,"href":"https:\/\/www.elamazonico.com\/portal\/wp-json\/wp\/v2\/users\/1"}],"replies":[{"embeddable":true,"href":"https:\/\/www.elamazonico.com\/portal\/wp-json\/wp\/v2\/comments?post=18615"}],"version-history":[{"count":1,"href":"https:\/\/www.elamazonico.com\/portal\/wp-json\/wp\/v2\/posts\/18615\/revisions"}],"predecessor-version":[{"id":18617,"href":"https:\/\/www.elamazonico.com\/portal\/wp-json\/wp\/v2\/posts\/18615\/revisions\/18617"}],"wp:featuredmedia":[{"embeddable":true,"href":"https:\/\/www.elamazonico.com\/portal\/wp-json\/wp\/v2\/media\/18616"}],"wp:attachment":[{"href":"https:\/\/www.elamazonico.com\/portal\/wp-json\/wp\/v2\/media?parent=18615"}],"wp:term":[{"taxonomy":"category","embeddable":true,"href":"https:\/\/www.elamazonico.com\/portal\/wp-json\/wp\/v2\/categories?post=18615"},{"taxonomy":"post_tag","embeddable":true,"href":"https:\/\/www.elamazonico.com\/portal\/wp-json\/wp\/v2\/tags?post=18615"}],"curies":[{"name":"wp","href":"https:\/\/api.w.org\/{rel}","templated":true}]}}