{"id":18612,"date":"2024-09-09T11:35:25","date_gmt":"2024-09-09T16:35:25","guid":{"rendered":"https:\/\/www.elamazonico.com\/portal\/?p=18612"},"modified":"2024-09-09T11:56:36","modified_gmt":"2024-09-09T16:56:36","slug":"daniel-noboa-y-maria-jose-pinto-los-herederos-empresariales-para-las-elecciones-2025","status":"publish","type":"post","link":"https:\/\/www.elamazonico.com\/portal\/daniel-noboa-y-maria-jose-pinto-los-herederos-empresariales-para-las-elecciones-2025\/","title":{"rendered":"Daniel Noboa y Mar\u00eda Jos\u00e9 Pinto, los herederos empresariales para las elecciones 2025"},"content":{"rendered":"<div class=\"lead destacado\">Daniel Noboa y Mar\u00eda Jos\u00e9 Pinto tienen m\u00e1s de una historia que los une: sus familias crearon imperios empresariales, la una dedicada al banano en la Costa, la otra, a los textiles en la Sierra; militaron en pol\u00edtica, pelearon con el corre\u00edsmo y se ayudaron en alg\u00fan momento. Ahora, como relevos generacionales son el binomio oficial. El Presidente logra al fin lo que no pudo en su primera candidatura: escoger a su vice y los nombres para la Asamblea. \u00bfSer\u00e1 esto suficiente para reelegirse?<\/div>\n<div class=\"paragraph texto\">\n<p class=\"p_0\">El binomio Noboa-Pinto es m\u00e1s que dos j\u00f3venes empresarios menores de 40 a\u00f1os convertidos ahora en pol\u00edticos. Los unen muchos episodios. No solo es el hecho de que las dos empresas familiares\u00a0<b>tuvieron incidentes con el gobierno de Rafael Correa<\/b>. Al Grupo Noboa le incautaron la hacienda bananera La Clementina, por deudas tributarias con el SRI, para entreg\u00e1rsela a sus trabajadores.<\/p>\n<p class=\"p_1\">Paralelamente, la empresa de<b>\u00a0textiles Pinto<\/b>\u00a0trasladaba una de sus plantas hacia Per\u00fa, ya que su personal estaba manejado por otra compa\u00f1\u00eda y el gobierno elimin\u00f3 la tercerizaci\u00f3n. A Mauricio Pinto Mancheno, padre de la ahora candidata a la Vicepresidencia, el Ministerio del Trabajo le impuso una\u00a0<b>multa\u00a0<\/b>de m\u00e1s de 400 mil d\u00f3lares, por no recontratar a los trabajadores de la planta que llev\u00f3 a Per\u00fa. Incluso hubo una ins\u00f3lita orden de\u00a0<b>prisi\u00f3n\u00a0<\/b>en su contra, que luego fue retirada. Pero la llaga qued\u00f3 latente.<\/p>\n<p class=\"p_2\">Y no es la \u00fanica coincidencia que parece unirlos. Los dos provienen de familias eminentemente pol\u00edticas. Si regresamos m\u00e1s de 30 a\u00f1os en el tiempo, cuando Mar\u00eda Jos\u00e9 y Daniel estaban apenas en el jard\u00edn de infantes o la escuela, sus pap\u00e1s se la jugaban en cargos p\u00fablicos y electorales.\u00a0<b>Mauricio Pinto<\/b>\u00a0fue ministro de Industrias, ministro de Econom\u00eda, representante ante la Junta Monetaria y hasta presidente del Consejo Nacional de Modernizaci\u00f3n del Estado, durante el gobierno de Sixto Dur\u00e1n-Ball\u00e9n.\u00a0<b>Pinto Mancheno, junto a Alberto Dahik, Augusto de la Torre\u00a0<\/b>y otros, eran los ungidos de la pol\u00edtica econ\u00f3mica de aquella administraci\u00f3n.<\/p>\n<p class=\"p_3\">Con el cambio de gobierno y Abdal\u00e1 Bucaram en el poder, el puesto de presidente de la Junta Monetaria fue entregado a<b>\u00a0\u00c1lvaro Noboa<\/b>\u00a0y, desde all\u00ed, el pap\u00e1 del ahora Presidente del Ecuador empez\u00f3 su carrera electoral con el PRE y luego con el PRIAN, aunque nunca pudo sentarse en el sill\u00f3n de Carondelet. Mientras \u00c1lvaro Noboa se consolidaba como pol\u00edtico, Mauricio Pinto no descartaba una candidatura a la\u00a0<b>Presidencia<\/b>, aunque nunca se lanz\u00f3. Finalmente, el \u00faltimo cargo p\u00fablico que ocup\u00f3 fue como concejal de Quito, durante la administraci\u00f3n de Paco Moncayo. \u00bfSer\u00e1 que la hija de Pinto llega a Carondelet como lo hizo Noboa, cumpliendo el sue\u00f1o del padre?<\/p>\n<\/div>\n<h2 class=\"h2vistazo\">EL PAP\u00c1 DE LA VICE Y EL ABUELO DEL PRESI<\/h2>\n<div class=\"paragraph texto\">\n<p class=\"p_5\">Pero hay un episodio m\u00e1s y tiene que ver con el abuelo de Daniel y el pap\u00e1 de Mar\u00eda Jos\u00e9. Empresas Pinto es una compa\u00f1\u00eda con m\u00e1s de 100 a\u00f1os de historia, que ha pasado de generaci\u00f3n en generaci\u00f3n, similar al\u00a0<b>Grupo Noboa<\/b>. Mauricio Pinto y\u00a0<b>Luis Noboa Naranjo<\/b>\u00a0se conocieron porque el segundo llam\u00f3 al primero para que asesorara en algunos temas en el Grupo Noboa, cuando Daniel y Mar\u00eda Jos\u00e9 a\u00fan no nac\u00edan.<\/p>\n<p class=\"p_6\">A\u00f1os m\u00e1s tarde, Pinto Mancheno necesitaba la\u00a0<b>garant\u00eda\u00a0<\/b>de un banco para adquirir las acciones de la empresa familiar que estaban repartidas entre \u00e9l y sus hermanas, pues el deseo de su padre era que un solo heredero manejara la compa\u00f1\u00eda. Ning\u00fan banco quer\u00eda darle la garant\u00eda, as\u00ed que recurri\u00f3 a Luis Noboa. Su nombre bastaba como toda garant\u00eda. As\u00ed lo cont\u00f3 el mismo Mauricio Pinto en una entrevista con el \u201cP\u00e1jaro\u201d Febres Cordero.<\/p>\n<p class=\"p_7\">Las acciones mayoritarias de Empresas Pinto ahora est\u00e1n en manos de las dos hijas de Mauricio, Carla y Mar\u00eda Jos\u00e9, aunque el padre sigue tomando algunas decisiones y ahora m\u00e1s, cuando una de ellas es parte del gobierno. La aspirante a\u00a0<b>vicepresidenta\u00a0<\/b>siempre mantuvo un perfil bajo. Nadie la ve\u00eda en cargos pol\u00edticos. Irrumpi\u00f3 como titular de la Secretar\u00eda T\u00e9cnica Ecuador Crece Sin Desnutrici\u00f3n Infantil, atendiendo al llamado de Daniel Noboa desde noviembre de 2023.<\/p>\n<\/div>\n<h2 class=\"h2vistazo\">\u00bfQUI\u00c9N ES MAR\u00cdA JOS\u00c9 PINTO?<\/h2>\n<div class=\"multimediaMacroWrapper img lateral\">\n<figure class=\"contentMedia art-img\">\n<div><img fetchpriority=\"high\" decoding=\"async\" class=\" lazyloaded\" title=\"Mar\u00eda Jos\u00e9 Pinto en una entrevista para Am\u00e9rica Econom\u00eda, cuando a\u00fan no pensaba en convertirse en pol\u00edtica.\" src=\"https:\/\/www.vistazo.com\/placeholder\/svg\/viewbox\/768x1039\" sizes=\"100vw\" srcset=\"\/\/www.vistazo.com\/binrepository\/768x1039\/0c0\/0d0\/none\/12727\/UBRW\/maria-jose-pinto-america-ecnomia-2022_1738366_20240908213333.jpg 768w,\/\/www.vistazo.com\/binrepository\/640x866\/0c0\/0d0\/none\/12727\/UBRL\/maria-jose-pinto-america-ecnomia-2022_1738366_20240908213333.jpg 640w,\/\/www.vistazo.com\/binrepository\/512x693\/0c0\/0d0\/none\/12727\/UBRL\/maria-jose-pinto-america-ecnomia-2022_1738366_20240908213333.jpg 512w,\/\/www.vistazo.com\/binrepository\/384x520\/0c0\/0d0\/none\/12727\/UBRJ\/maria-jose-pinto-america-ecnomia-2022_1738366_20240908213333.jpg 384w,\/\/www.vistazo.com\/binrepository\/300x406\/0c0\/0d0\/none\/12727\/UBRA\/maria-jose-pinto-america-ecnomia-2022_1738366_20240908213333.jpg 300w\" alt=\"$!Mar\u00eda Jos\u00e9 Pinto en una entrevista para Am\u00e9rica Econom\u00eda, cuando a\u00fan no pensaba en convertirse en pol\u00edtica.\" width=\"768\" height=\"1039\" data-srcset=\"\/\/www.vistazo.com\/binrepository\/768x1039\/0c0\/0d0\/none\/12727\/UBRW\/maria-jose-pinto-america-ecnomia-2022_1738366_20240908213333.jpg 768w,\/\/www.vistazo.com\/binrepository\/640x866\/0c0\/0d0\/none\/12727\/UBRL\/maria-jose-pinto-america-ecnomia-2022_1738366_20240908213333.jpg 640w,\/\/www.vistazo.com\/binrepository\/512x693\/0c0\/0d0\/none\/12727\/UBRL\/maria-jose-pinto-america-ecnomia-2022_1738366_20240908213333.jpg 512w,\/\/www.vistazo.com\/binrepository\/384x520\/0c0\/0d0\/none\/12727\/UBRJ\/maria-jose-pinto-america-ecnomia-2022_1738366_20240908213333.jpg 384w,\/\/www.vistazo.com\/binrepository\/300x406\/0c0\/0d0\/none\/12727\/UBRA\/maria-jose-pinto-america-ecnomia-2022_1738366_20240908213333.jpg 300w\" \/><\/div>\n<div class=\"cutline-byline\"><span class=\"cutline-text\">Mar\u00eda Jos\u00e9 Pinto en una entrevista para Am\u00e9rica Econom\u00eda, cuando a\u00fan no pensaba en convertirse en pol\u00edtica.<\/span>\u00a0<span class=\"byline-image\">(Foto: Ceci Puebla)<\/span><\/div>\n<\/figure>\n<\/div>\n<div class=\"paragraph texto\">\n<p class=\"p_8\">As\u00ed como nadie pensaba verla en\u00a0<b>pol\u00edtica<\/b>, hace unos 20 a\u00f1os, cuando termin\u00f3 el colegio, nadie imagin\u00f3 que Mar\u00eda Jos\u00e9 Pinto quisiera estudiar\u00a0<b>alta costura<\/b>\u00a0en Par\u00eds. Sus profesores y familiares, sobre todo su pap\u00e1, la ve\u00edan estudiando una ingenier\u00eda. Trabaj\u00f3 en una casa de modas en \u00c1msterdam y Dub\u00e1i. Regres\u00f3 a Ecuador a sus 24 a\u00f1os para laborar en la empresa familiar. Empez\u00f3 en cargos medios y cuatro a\u00f1os despu\u00e9s ocup\u00f3 la\u00a0<b>gerencia\u00a0<\/b>de Innovaci\u00f3n y luego de Producci\u00f3n.<\/p>\n<p class=\"p_9\">Entre sus\u00a0<b>estudios\u00a0<\/b>acad\u00e9micos, Pinto Gonz\u00e1lez curs\u00f3 el Master of Business Administration en el INCAE, de Costa Rica, y varios diplomados en el IDE Business School, uno de ellos el de Mujeres en Gobierno Corporativo. Justamente una de sus ambiciones ha sido la participaci\u00f3n de las\u00a0<b>mujeres\u00a0<\/b>en la alta gerencia empresarial.<\/p>\n<p class=\"p_10\">Un funcionario del gobierno confi\u00f3 a Vistazo que la elecci\u00f3n de Pinto como candidata se dio a \u00faltima hora y caus\u00f3\u00a0<b>sorpresa\u00a0<\/b>porque cuando form\u00f3 parte del gabinete hab\u00eda dicho que su trabajo ser\u00eda t\u00e9cnico y no se inmiscuir\u00eda en pol\u00edtica. Tuvo alguna experiencia trabajando desde su empresa con grupos de ni\u00f1os y mujeres, lo que fue bien visto para que dirigiera la Secretar\u00eda contra la Desnutrici\u00f3n Infantil.<\/p>\n<p class=\"p_11\">Se espera que todo ese conocimiento en territorio y desde lo social apuntalen su discurso para captar votos. Esta vez, Noboa s\u00ed har\u00e1 campa\u00f1a con su\u00a0<b>binomio\u00a0<\/b>y no como pas\u00f3 con\u00a0<b>Ver\u00f3nica Abad<\/b>, quien se convirti\u00f3 en una piedra en el zapato.<\/p>\n<div id=\"Center2\" class=\"centervist\" data-google-query-id=\"CK_axJmltogDFTU0swAdmRACzw\">\n<div id=\"google_ads_iframe_\/21839199781\/Vistazo\/Vistazo_Center2_0__container__\">En su primera candidatura presidencial, Noboa no ten\u00eda <b>partido pol\u00edtico<\/b>\u00a0de alcance nacional, lo que le oblig\u00f3 a buscar alianzas y la encontr\u00f3 en los movimientos Mover y PID. La Vicepresidenta y algunos de sus candidatos a asamble\u00edstas no los escogi\u00f3 \u00e9l, sino sus aliados, y en parte esa es la guerra que ahora libra con Ver\u00f3nica Abad, quien mantiene la esperanza de tomar el mando cuando Noboa tenga que hacer campa\u00f1a. Para estas elecciones, Noboa logr\u00f3 que el CNE inscribiera a\u00a0<b>Acci\u00f3n Democr\u00e1tica Nacional\u00a0<\/b>(ADN) y ahora s\u00ed sus opciones para vice y asamble\u00edstas los escogieron \u00e9l y su equipo de confianza. \u00bfCon Pinto ser\u00e1 diferente?<\/div>\n<\/div>\n<\/div>\n<div class=\"multimediaMacroWrapper img lateral\">\n<figure class=\"contentMedia art-img\">\n<div><img decoding=\"async\" class=\" lazyloaded\" title=\"Ver\u00f3nica Abad se termin\u00f3 convitiendo en la piedra en el zapato de Daniel Noboa, quien todav\u00eda lucha por sacarla de su camino.\" src=\"https:\/\/www.vistazo.com\/placeholder\/svg\/viewbox\/768x525\" sizes=\"100vw\" srcset=\"\/\/www.vistazo.com\/binrepository\/768x525\/0c0\/0d0\/none\/12727\/VQEK\/veronica-abad-una-piedra-en-el-zapato_1738375_20240908213642.jpg 768w,\/\/www.vistazo.com\/binrepository\/640x438\/0c0\/0d0\/none\/12727\/VQEM\/veronica-abad-una-piedra-en-el-zapato_1738375_20240908213642.jpg 640w,\/\/www.vistazo.com\/binrepository\/512x350\/0c0\/0d0\/none\/12727\/VQEB\/veronica-abad-una-piedra-en-el-zapato_1738375_20240908213642.jpg 512w,\/\/www.vistazo.com\/binrepository\/384x263\/0c0\/0d0\/none\/12727\/VQEJ\/veronica-abad-una-piedra-en-el-zapato_1738375_20240908213642.jpg 384w,\/\/www.vistazo.com\/binrepository\/300x205\/0c0\/0d0\/none\/12727\/VQEF\/veronica-abad-una-piedra-en-el-zapato_1738375_20240908213642.jpg 300w\" alt=\"$!Ver\u00f3nica Abad se termin\u00f3 convitiendo en la piedra en el zapato de Daniel Noboa, quien todav\u00eda lucha por sacarla de su camino.\" width=\"768\" height=\"525\" data-srcset=\"\/\/www.vistazo.com\/binrepository\/768x525\/0c0\/0d0\/none\/12727\/VQEK\/veronica-abad-una-piedra-en-el-zapato_1738375_20240908213642.jpg 768w,\/\/www.vistazo.com\/binrepository\/640x438\/0c0\/0d0\/none\/12727\/VQEM\/veronica-abad-una-piedra-en-el-zapato_1738375_20240908213642.jpg 640w,\/\/www.vistazo.com\/binrepository\/512x350\/0c0\/0d0\/none\/12727\/VQEB\/veronica-abad-una-piedra-en-el-zapato_1738375_20240908213642.jpg 512w,\/\/www.vistazo.com\/binrepository\/384x263\/0c0\/0d0\/none\/12727\/VQEJ\/veronica-abad-una-piedra-en-el-zapato_1738375_20240908213642.jpg 384w,\/\/www.vistazo.com\/binrepository\/300x205\/0c0\/0d0\/none\/12727\/VQEF\/veronica-abad-una-piedra-en-el-zapato_1738375_20240908213642.jpg 300w\" \/><\/div>\n<div class=\"cutline-byline\"><span class=\"cutline-text\">Ver\u00f3nica Abad se termin\u00f3 convitiendo en la piedra en el zapato de Daniel Noboa, quien todav\u00eda lucha por sacarla de su camino.<\/span>\u00a0<span class=\"byline-image\">(Foto: Presidencia de la Rep\u00fablica)<\/span><\/div>\n<\/figure>\n<\/div>\n<div class=\"paragraph texto\">\n<p class=\"p_13\">\u201cNo solo es la elecci\u00f3n de un nombre, sino una declaraci\u00f3n del tipo de Presidencia que quiere ser, del pa\u00eds para los pr\u00f3ximos a\u00f1os. Alguien cercano, de mucha\u00a0<b>confianza<\/b>, que se mueve en los mismos c\u00edrculos (empresariales)\u201d, dice Caroline \u00c1vila, doctora en Comunicaci\u00f3n Pol\u00edtica y docente de la Universidad de Cuenca. Pinto va en la l\u00ednea del mensaje del \u201cnuevo Ecuador\u201d: supuestos funcionarios j\u00f3venes que son nuevos en pol\u00edtica y que sus experiencias en la\u00a0<b>empresa\u00a0<\/b>u otros sectores los vuelven incorruptibles o incompatibles con la \u201cvieja pol\u00edtica\u201d, refiere la experta.<\/p>\n<p class=\"p_14\">A\u00f1ade que Noboa y Pinto podr\u00edan explotar el discurso de dos familias de empresarios que a pesar de los problemas con el\u00a0<b>corre\u00edsmo\u00a0<\/b>se quedaron en el pa\u00eds y han seguido creciendo, toda vez que el gobierno quiere ubicarse en el espectro anticorre\u00edsta para captar esos votos.<\/p>\n<\/div>\n<h2 class=\"h2vistazo\">\u00bfLE ALCANZAN LOS N\u00daMEROS A NOBOA?<\/h2>\n<div class=\"multimediaMacroWrapper img lateral\">\n<figure class=\"contentMedia art-img\">\n<div><img decoding=\"async\" class=\" lazyloaded\" title=\"Daniel Noboa parte como favorito en las encuestas para 2025, pero la campa\u00f1a a\u00fan no ha empezado y puede haber sorpresas.\" src=\"https:\/\/www.vistazo.com\/placeholder\/svg\/viewbox\/768x546\" sizes=\"100vw\" srcset=\"\/\/www.vistazo.com\/binrepository\/768x546\/0c0\/0d0\/none\/12727\/UFLP\/daniel-noboa-53351812300-d7252e3f5f-k_1738371_20240908213335.jpg 768w,\/\/www.vistazo.com\/binrepository\/640x455\/0c0\/0d0\/none\/12727\/UFLH\/daniel-noboa-53351812300-d7252e3f5f-k_1738371_20240908213335.jpg 640w,\/\/www.vistazo.com\/binrepository\/512x364\/0c0\/0d0\/none\/12727\/UFLG\/daniel-noboa-53351812300-d7252e3f5f-k_1738371_20240908213335.jpg 512w,\/\/www.vistazo.com\/binrepository\/384x273\/0c0\/0d0\/none\/12727\/UFLI\/daniel-noboa-53351812300-d7252e3f5f-k_1738371_20240908213335.jpg 384w,\/\/www.vistazo.com\/binrepository\/300x213\/0c0\/0d0\/none\/12727\/UFLC\/daniel-noboa-53351812300-d7252e3f5f-k_1738371_20240908213335.jpg 300w\" alt=\"$!Daniel Noboa parte como favorito en las encuestas para 2025, pero la campa\u00f1a a\u00fan no ha empezado y puede haber sorpresas.\" width=\"768\" height=\"546\" data-srcset=\"\/\/www.vistazo.com\/binrepository\/768x546\/0c0\/0d0\/none\/12727\/UFLP\/daniel-noboa-53351812300-d7252e3f5f-k_1738371_20240908213335.jpg 768w,\/\/www.vistazo.com\/binrepository\/640x455\/0c0\/0d0\/none\/12727\/UFLH\/daniel-noboa-53351812300-d7252e3f5f-k_1738371_20240908213335.jpg 640w,\/\/www.vistazo.com\/binrepository\/512x364\/0c0\/0d0\/none\/12727\/UFLG\/daniel-noboa-53351812300-d7252e3f5f-k_1738371_20240908213335.jpg 512w,\/\/www.vistazo.com\/binrepository\/384x273\/0c0\/0d0\/none\/12727\/UFLI\/daniel-noboa-53351812300-d7252e3f5f-k_1738371_20240908213335.jpg 384w,\/\/www.vistazo.com\/binrepository\/300x213\/0c0\/0d0\/none\/12727\/UFLC\/daniel-noboa-53351812300-d7252e3f5f-k_1738371_20240908213335.jpg 300w\" \/><\/div>\n<div class=\"cutline-byline\"><span class=\"cutline-text\">Daniel Noboa parte como favorito en las encuestas para 2025, pero la campa\u00f1a a\u00fan no ha empezado y puede haber sorpresas.<\/span>\u00a0<span class=\"byline-image\">(Foto: Presidencia de la Rep\u00fablica)<\/span><\/div>\n<\/figure>\n<\/div>\n<div class=\"paragraph texto\">\n<p class=\"p_15\">Aunque a Daniel Noboa le dicen en la oreja que los n\u00fameros son positivos y que las\u00a0<b>encuestas\u00a0<\/b>lo mantienen sobre el 50 por ciento de aceptaci\u00f3n para una c\u00f3moda victoria en 2025, un an\u00e1lisis m\u00e1s profundo determina la fragilidad de su electorado. Javier Rodr\u00edguez, PH.D en Sociolog\u00eda por la Universidad de Wisconsin-Madison, compar\u00f3 la votaci\u00f3n que recibi\u00f3 Daniel Noboa en la primera vuelta de 2023 y en la\u00a0<b>consulta popular\u00a0<\/b>de abril de 2024, y determin\u00f3 que su voto org\u00e1nico no creci\u00f3. Los lugares donde Noboa gan\u00f3 en primera vuelta, fue donde recibi\u00f3 m\u00e1s votos para la consulta.<\/p>\n<p class=\"p_16\">\u00bfPor qu\u00e9 no comparar con la segunda vuelta? Porque el voto de la primera vuelta es el org\u00e1nico, el que apost\u00f3 por el joven outsider. El de segunda vuelta es un electorado vol\u00e1til, que lo prefiri\u00f3 a \u00e9l en lugar del corre\u00edsmo; gran parte de esos votos provinieron de quienes confiaron en primera vuelta por Topic o por Villavicencio\/Zurita.<\/p>\n<p class=\"p_17\">Si el an\u00e1lisis hubiera determinado que gan\u00f3 presencia en la consulta popular en los lugares en los que no votaron por \u00e9l en primera vuelta, habr\u00eda significado un crecimiento de su base electoral, dice Rodr\u00edguez. Esa puede ser una explicaci\u00f3n de por qu\u00e9 su discurso est\u00e1 encaminado a la\u00a0<b>mano dura<\/b>, para captar los votos de Topic, y en posicionarse como el antagonista del corre\u00edsmo, para convencer al electorado de Villavicencio. Y en esa l\u00ednea puede reforzar Mar\u00eda Jos\u00e9 Pinto.<\/p>\n<p class=\"p_18\">Los analistas coinciden en que, si nada nuevo aparece en el mapa electoral, el corre\u00edsmo, que ha mantenido un voto duro de alrededor del 30 por ciento, y el nobo\u00edsmo, con su 23 por ciento de voto org\u00e1nico, obtenido en primera vuelta de 2023, estar\u00edan en el\u00a0<b>balotaje<\/b>, y ser\u00edan las dos mayores fuerzas en la Asamblea. Aunque la intenci\u00f3n de voto posiciona a Noboa en primer lugar y luego a Luisa Gonz\u00e1lez. Si esto se mantiene hasta las elecciones, se convertir\u00e1 en la primera vez en una d\u00e9cada y media que el corre\u00edsmo no va como favorito en primera vuelta.<\/p>\n<p class=\"p_19\">Roger Celi, coordinador del Observatorio Legislativo de FCD, recuerda que Noboa lleg\u00f3 solo con 14 legisladores y ahora tiene a 36 que votan con la bancada de ADN, algunos de ellos desertores de la Revoluci\u00f3n Ciudadana y del PSC. Ahora, con una\u00a0<b>papeleta\u00a0<\/b>para la Asamblea encabezada con el rostro de su madre,\u00a0<b>Anabella Azin<\/b>, y con algunos ministros ya conocidos se asegurar\u00e1 f\u00e1cilmente unas tres docenas de legisladores o quiz\u00e1 m\u00e1s.<\/p>\n<p class=\"p_20\">Igual, de aqu\u00ed a febrero pueden pasar muchas cosas, no basta con ser el\u00a0<b>Estado candidato<\/b>. No ha logrado resolver los problemas de inseguridad y desempleo, y la inversi\u00f3n p\u00fablica no despega.<\/p>\n<p class=\"p_21\">Para Noboa, sumar, restar o mantenerse en los mismos n\u00fameros de electores depender\u00e1 de la gesti\u00f3n del gobierno y qu\u00e9 propongan las otras candidaturas. <strong>Fuente: Vistazo<\/strong><\/p>\n<\/div>\n","protected":false},"excerpt":{"rendered":"<p>Daniel Noboa y Mar\u00eda Jos\u00e9 Pinto tienen m\u00e1s de una historia que los une: sus familias crearon imperios empresariales, la una dedicada al banano en la Costa, la otra, a los textiles en la Sierra; militaron en pol\u00edtica, pelearon con el corre\u00edsmo y se ayudaron en alg\u00fan momento. Ahora, como relevos generacionales son el binomio oficial. El Presidente logra al fin lo que no pudo en su primera candidatura: escoger a su vice y los nombres para la Asamblea. \u00bfSer\u00e1 esto suficiente para reelegirse? El binomio Noboa-Pinto es m\u00e1s que dos j\u00f3venes empresarios menores de 40 a\u00f1os convertidos ahora en pol\u00edticos. Los unen muchos episodios. No solo es el hecho de que las dos empresas familiares\u00a0tuvieron incidentes con el gobierno de Rafael Correa. Al Grupo Noboa le incautaron la hacienda bananera La Clementina, por deudas tributarias con el SRI, para entreg\u00e1rsela a sus trabajadores. Paralelamente, la empresa de\u00a0textiles Pinto\u00a0trasladaba una de sus plantas hacia Per\u00fa, ya que su personal estaba manejado por otra compa\u00f1\u00eda y el gobierno elimin\u00f3 la tercerizaci\u00f3n. A Mauricio Pinto Mancheno, padre de la ahora candidata a la Vicepresidencia, el Ministerio del Trabajo le impuso una\u00a0multa\u00a0de m\u00e1s de 400 mil d\u00f3lares, por no recontratar a los trabajadores de la planta que llev\u00f3 a Per\u00fa. Incluso hubo una ins\u00f3lita orden de\u00a0prisi\u00f3n\u00a0en su contra, que luego fue retirada. Pero la llaga qued\u00f3 latente. Y no es la \u00fanica coincidencia que parece unirlos. Los dos provienen de familias eminentemente pol\u00edticas. Si regresamos m\u00e1s de 30 a\u00f1os en el tiempo, cuando Mar\u00eda Jos\u00e9 y Daniel estaban apenas en el jard\u00edn de infantes o la escuela, sus pap\u00e1s se la jugaban en cargos p\u00fablicos y electorales.\u00a0Mauricio Pinto\u00a0fue ministro de Industrias, ministro de Econom\u00eda, representante ante la Junta Monetaria y hasta presidente del Consejo Nacional de Modernizaci\u00f3n del Estado, durante el gobierno de Sixto Dur\u00e1n-Ball\u00e9n.\u00a0Pinto Mancheno, junto a Alberto Dahik, Augusto de la Torre\u00a0y otros, eran los ungidos de la pol\u00edtica econ\u00f3mica de aquella administraci\u00f3n. Con el cambio de gobierno y Abdal\u00e1 Bucaram en el poder, el puesto de presidente de la Junta Monetaria fue entregado a\u00a0\u00c1lvaro Noboa\u00a0y, desde all\u00ed, el pap\u00e1 del ahora Presidente del Ecuador empez\u00f3 su carrera electoral con el PRE y luego con el PRIAN, aunque nunca pudo sentarse en el sill\u00f3n de Carondelet. Mientras \u00c1lvaro Noboa se consolidaba como pol\u00edtico, Mauricio Pinto no descartaba una candidatura a la\u00a0Presidencia, aunque nunca se lanz\u00f3. Finalmente, el \u00faltimo cargo p\u00fablico que ocup\u00f3 fue como concejal de Quito, durante la administraci\u00f3n de Paco Moncayo. \u00bfSer\u00e1 que la hija de Pinto llega a Carondelet como lo hizo Noboa, cumpliendo el sue\u00f1o del padre? EL PAP\u00c1 DE LA VICE Y EL ABUELO DEL PRESI Pero hay un episodio m\u00e1s y tiene que ver con el abuelo de Daniel y el pap\u00e1 de Mar\u00eda Jos\u00e9. Empresas Pinto es una compa\u00f1\u00eda con m\u00e1s de 100 a\u00f1os de historia, que ha pasado de generaci\u00f3n en generaci\u00f3n, similar al\u00a0Grupo Noboa. Mauricio Pinto y\u00a0Luis Noboa Naranjo\u00a0se conocieron porque el segundo llam\u00f3 al primero para que asesorara en algunos temas en el Grupo Noboa, cuando Daniel y Mar\u00eda Jos\u00e9 a\u00fan no nac\u00edan. A\u00f1os m\u00e1s tarde, Pinto Mancheno necesitaba la\u00a0garant\u00eda\u00a0de un banco para adquirir las acciones de la empresa familiar que estaban repartidas entre \u00e9l y sus hermanas, pues el deseo de su padre era que un solo heredero manejara la compa\u00f1\u00eda. Ning\u00fan banco quer\u00eda darle la garant\u00eda, as\u00ed que recurri\u00f3 a Luis Noboa. Su nombre bastaba como toda garant\u00eda. As\u00ed lo cont\u00f3 el mismo Mauricio Pinto en una entrevista con el \u201cP\u00e1jaro\u201d Febres Cordero. Las acciones mayoritarias de Empresas Pinto ahora est\u00e1n en manos de las dos hijas de Mauricio, Carla y Mar\u00eda Jos\u00e9, aunque el padre sigue tomando algunas decisiones y ahora m\u00e1s, cuando una de ellas es parte del gobierno. La aspirante a\u00a0vicepresidenta\u00a0siempre mantuvo un perfil bajo. Nadie la ve\u00eda en cargos pol\u00edticos. Irrumpi\u00f3 como titular de la Secretar\u00eda T\u00e9cnica Ecuador Crece Sin Desnutrici\u00f3n Infantil, atendiendo al llamado de Daniel Noboa desde noviembre de 2023. \u00bfQUI\u00c9N ES MAR\u00cdA JOS\u00c9 PINTO? Mar\u00eda Jos\u00e9 Pinto en una entrevista para Am\u00e9rica Econom\u00eda, cuando a\u00fan no pensaba en convertirse en pol\u00edtica.\u00a0(Foto: Ceci Puebla) As\u00ed como nadie pensaba verla en\u00a0pol\u00edtica, hace unos 20 a\u00f1os, cuando termin\u00f3 el colegio, nadie imagin\u00f3 que Mar\u00eda Jos\u00e9 Pinto quisiera estudiar\u00a0alta costura\u00a0en Par\u00eds. Sus profesores y familiares, sobre todo su pap\u00e1, la ve\u00edan estudiando una ingenier\u00eda. Trabaj\u00f3 en una casa de modas en \u00c1msterdam y Dub\u00e1i. Regres\u00f3 a Ecuador a sus 24 a\u00f1os para laborar en la empresa familiar. Empez\u00f3 en cargos medios y cuatro a\u00f1os despu\u00e9s ocup\u00f3 la\u00a0gerencia\u00a0de Innovaci\u00f3n y luego de Producci\u00f3n. Entre sus\u00a0estudios\u00a0acad\u00e9micos, Pinto Gonz\u00e1lez curs\u00f3 el Master of Business Administration en el INCAE, de Costa Rica, y varios diplomados en el IDE Business School, uno de ellos el de Mujeres en Gobierno Corporativo. Justamente una de sus ambiciones ha sido la participaci\u00f3n de las\u00a0mujeres\u00a0en la alta gerencia empresarial. Un funcionario del gobierno confi\u00f3 a Vistazo que la elecci\u00f3n de Pinto como candidata se dio a \u00faltima hora y caus\u00f3\u00a0sorpresa\u00a0porque cuando form\u00f3 parte del gabinete hab\u00eda dicho que su trabajo ser\u00eda t\u00e9cnico y no se inmiscuir\u00eda en pol\u00edtica. Tuvo alguna experiencia trabajando desde su empresa con grupos de ni\u00f1os y mujeres, lo que fue bien visto para que dirigiera la Secretar\u00eda contra la Desnutrici\u00f3n Infantil. Se espera que todo ese conocimiento en territorio y desde lo social apuntalen su discurso para captar votos. Esta vez, Noboa s\u00ed har\u00e1 campa\u00f1a con su\u00a0binomio\u00a0y no como pas\u00f3 con\u00a0Ver\u00f3nica Abad, quien se convirti\u00f3 en una piedra en el zapato. En su primera candidatura presidencial, Noboa no ten\u00eda partido pol\u00edtico\u00a0de alcance nacional, lo que le oblig\u00f3 a buscar alianzas y la encontr\u00f3 en los movimientos Mover y PID. La Vicepresidenta y algunos de sus candidatos a asamble\u00edstas no los escogi\u00f3 \u00e9l, sino sus aliados, y en parte esa es la guerra que ahora libra con Ver\u00f3nica Abad, quien mantiene la esperanza de tomar el mando cuando Noboa tenga que hacer campa\u00f1a. Para estas elecciones, Noboa logr\u00f3 que el CNE inscribiera a\u00a0Acci\u00f3n Democr\u00e1tica Nacional\u00a0(ADN) y ahora s\u00ed sus opciones para<\/p>\n","protected":false},"author":1,"featured_media":18613,"comment_status":"open","ping_status":"open","sticky":false,"template":"","format":"standard","meta":{"footnotes":""},"categories":[268],"tags":[],"class_list":["post-18612","post","type-post","status-publish","format-standard","has-post-thumbnail","hentry","category-nacionales"],"_links":{"self":[{"href":"https:\/\/www.elamazonico.com\/portal\/wp-json\/wp\/v2\/posts\/18612","targetHints":{"allow":["GET"]}}],"collection":[{"href":"https:\/\/www.elamazonico.com\/portal\/wp-json\/wp\/v2\/posts"}],"about":[{"href":"https:\/\/www.elamazonico.com\/portal\/wp-json\/wp\/v2\/types\/post"}],"author":[{"embeddable":true,"href":"https:\/\/www.elamazonico.com\/portal\/wp-json\/wp\/v2\/users\/1"}],"replies":[{"embeddable":true,"href":"https:\/\/www.elamazonico.com\/portal\/wp-json\/wp\/v2\/comments?post=18612"}],"version-history":[{"count":2,"href":"https:\/\/www.elamazonico.com\/portal\/wp-json\/wp\/v2\/posts\/18612\/revisions"}],"predecessor-version":[{"id":18619,"href":"https:\/\/www.elamazonico.com\/portal\/wp-json\/wp\/v2\/posts\/18612\/revisions\/18619"}],"wp:featuredmedia":[{"embeddable":true,"href":"https:\/\/www.elamazonico.com\/portal\/wp-json\/wp\/v2\/media\/18613"}],"wp:attachment":[{"href":"https:\/\/www.elamazonico.com\/portal\/wp-json\/wp\/v2\/media?parent=18612"}],"wp:term":[{"taxonomy":"category","embeddable":true,"href":"https:\/\/www.elamazonico.com\/portal\/wp-json\/wp\/v2\/categories?post=18612"},{"taxonomy":"post_tag","embeddable":true,"href":"https:\/\/www.elamazonico.com\/portal\/wp-json\/wp\/v2\/tags?post=18612"}],"curies":[{"name":"wp","href":"https:\/\/api.w.org\/{rel}","templated":true}]}}