{"id":18493,"date":"2024-09-03T06:07:13","date_gmt":"2024-09-03T11:07:13","guid":{"rendered":"https:\/\/www.elamazonico.com\/portal\/?p=18493"},"modified":"2024-09-03T06:07:13","modified_gmt":"2024-09-03T11:07:13","slug":"el-bombero-edwin-ortiz-que-sufrio-quemaduras-graves-en-incendio-en-quilanga-es-atendido-sin-el-apoyo-del-estado","status":"publish","type":"post","link":"https:\/\/www.elamazonico.com\/portal\/el-bombero-edwin-ortiz-que-sufrio-quemaduras-graves-en-incendio-en-quilanga-es-atendido-sin-el-apoyo-del-estado\/","title":{"rendered":"El Bombero Edwin Ortiz que sufri\u00f3 quemaduras graves en incendio en Quilanga es atendido sin el apoyo del Estado"},"content":{"rendered":"<p>Edwin Ortiz, bombero que result\u00f3 gravemente herido mientras combat\u00eda un incendio de m\u00e1s de 4800 kil\u00f3metros en la zona de Quilanga, contin\u00faa en estado cr\u00edtico tras haber sufrido quemaduras de segundo y tercer grado. Su padre, Franklin Ortiz, ha expresado su profunda preocupaci\u00f3n por el manejo de su atenci\u00f3n m\u00e9dica en el hospital Isidro Ayora de Loja.<\/p>\n<p>Seg\u00fan declaraciones del se\u00f1or Ortiz, aunque el Ministro de Salud, en su visita a Loja, hab\u00eda dispuesto que Edwin recibiera una atenci\u00f3n prioritaria y de calidad en el hospital, la realidad fue distinta. Relata que, en lugar de recibir el cuidado adecuado, su hijo fue sometido a procedimientos que empeoraron su condici\u00f3n. En particular, un tratamiento inadecuado de sus quemaduras, que incluy\u00f3 ser ba\u00f1ado, result\u00f3 en una infecci\u00f3n de sus heridas. Esta situaci\u00f3n ha agravado su estado, requiriendo ahora un injerto de piel para tratar las \u00e1reas afectadas.<\/p>\n<p>El traslado de Edwin al hospital Isidro Ayora se produjo despu\u00e9s de que agotara la cobertura de su seguro en la cl\u00ednica privada San Agust\u00edn, donde inicialmente fue atendido y recibi\u00f3 un trato que su familia describe como \u201cmuy bueno\u201d. Ante el deterioro de su estado en el hospital p\u00fablico, la familia, con la solidaridad de la comunidad de Zamora, logr\u00f3 reunir los recursos necesarios para trasladarlo nuevamente a la cl\u00ednica privada, donde se espera que reciba un tratamiento m\u00e1s adecuado.<\/p>\n<p>Franklin Ortiz subray\u00f3 que, a pesar de los compromisos del gobierno para asegurar una atenci\u00f3n m\u00e9dica adecuada, la realidad en los hospitales p\u00fablicos es preocupante. Adem\u00e1s, expres\u00f3 que el apoyo recibido por parte de la comunidad ha sido fundamental para poder continuar con el tratamiento en el sector privado, destacando la falta de recursos estatales para cubrir los costos en este tipo de emergencias graves.<\/p>\n<p>Esta situaci\u00f3n pone de manifiesto las deficiencias en el sistema de salud p\u00fablica, especialmente en casos complejos que requieren atenci\u00f3n especializada. Edwin Ortiz enfrenta un largo camino hacia la recuperaci\u00f3n, y su familia espera que con el apoyo continuo de la comunidad y un tratamiento m\u00e9dico adecuado, pueda superar este dif\u00edcil momento.<\/p>\n","protected":false},"excerpt":{"rendered":"<p>Edwin Ortiz, bombero que result\u00f3 gravemente herido mientras combat\u00eda un incendio de m\u00e1s de 4800 kil\u00f3metros en la zona de Quilanga, contin\u00faa en estado cr\u00edtico tras haber sufrido quemaduras de segundo y tercer grado. Su padre, Franklin Ortiz, ha expresado su profunda preocupaci\u00f3n por el manejo de su atenci\u00f3n m\u00e9dica en el hospital Isidro Ayora de Loja. Seg\u00fan declaraciones del se\u00f1or Ortiz, aunque el Ministro de Salud, en su visita a Loja, hab\u00eda dispuesto que Edwin recibiera una atenci\u00f3n prioritaria y de calidad en el hospital, la realidad fue distinta. Relata que, en lugar de recibir el cuidado adecuado, su hijo fue sometido a procedimientos que empeoraron su condici\u00f3n. En particular, un tratamiento inadecuado de sus quemaduras, que incluy\u00f3 ser ba\u00f1ado, result\u00f3 en una infecci\u00f3n de sus heridas. Esta situaci\u00f3n ha agravado su estado, requiriendo ahora un injerto de piel para tratar las \u00e1reas afectadas. El traslado de Edwin al hospital Isidro Ayora se produjo despu\u00e9s de que agotara la cobertura de su seguro en la cl\u00ednica privada San Agust\u00edn, donde inicialmente fue atendido y recibi\u00f3 un trato que su familia describe como \u201cmuy bueno\u201d. Ante el deterioro de su estado en el hospital p\u00fablico, la familia, con la solidaridad de la comunidad de Zamora, logr\u00f3 reunir los recursos necesarios para trasladarlo nuevamente a la cl\u00ednica privada, donde se espera que reciba un tratamiento m\u00e1s adecuado. Franklin Ortiz subray\u00f3 que, a pesar de los compromisos del gobierno para asegurar una atenci\u00f3n m\u00e9dica adecuada, la realidad en los hospitales p\u00fablicos es preocupante. Adem\u00e1s, expres\u00f3 que el apoyo recibido por parte de la comunidad ha sido fundamental para poder continuar con el tratamiento en el sector privado, destacando la falta de recursos estatales para cubrir los costos en este tipo de emergencias graves. Esta situaci\u00f3n pone de manifiesto las deficiencias en el sistema de salud p\u00fablica, especialmente en casos complejos que requieren atenci\u00f3n especializada. Edwin Ortiz enfrenta un largo camino hacia la recuperaci\u00f3n, y su familia espera que con el apoyo continuo de la comunidad y un tratamiento m\u00e9dico adecuado, pueda superar este dif\u00edcil momento.<\/p>\n","protected":false},"author":1,"featured_media":18494,"comment_status":"open","ping_status":"open","sticky":false,"template":"","format":"standard","meta":{"footnotes":""},"categories":[243],"tags":[],"class_list":["post-18493","post","type-post","status-publish","format-standard","has-post-thumbnail","hentry","category-noticias-zamora"],"_links":{"self":[{"href":"https:\/\/www.elamazonico.com\/portal\/wp-json\/wp\/v2\/posts\/18493","targetHints":{"allow":["GET"]}}],"collection":[{"href":"https:\/\/www.elamazonico.com\/portal\/wp-json\/wp\/v2\/posts"}],"about":[{"href":"https:\/\/www.elamazonico.com\/portal\/wp-json\/wp\/v2\/types\/post"}],"author":[{"embeddable":true,"href":"https:\/\/www.elamazonico.com\/portal\/wp-json\/wp\/v2\/users\/1"}],"replies":[{"embeddable":true,"href":"https:\/\/www.elamazonico.com\/portal\/wp-json\/wp\/v2\/comments?post=18493"}],"version-history":[{"count":1,"href":"https:\/\/www.elamazonico.com\/portal\/wp-json\/wp\/v2\/posts\/18493\/revisions"}],"predecessor-version":[{"id":18495,"href":"https:\/\/www.elamazonico.com\/portal\/wp-json\/wp\/v2\/posts\/18493\/revisions\/18495"}],"wp:featuredmedia":[{"embeddable":true,"href":"https:\/\/www.elamazonico.com\/portal\/wp-json\/wp\/v2\/media\/18494"}],"wp:attachment":[{"href":"https:\/\/www.elamazonico.com\/portal\/wp-json\/wp\/v2\/media?parent=18493"}],"wp:term":[{"taxonomy":"category","embeddable":true,"href":"https:\/\/www.elamazonico.com\/portal\/wp-json\/wp\/v2\/categories?post=18493"},{"taxonomy":"post_tag","embeddable":true,"href":"https:\/\/www.elamazonico.com\/portal\/wp-json\/wp\/v2\/tags?post=18493"}],"curies":[{"name":"wp","href":"https:\/\/api.w.org\/{rel}","templated":true}]}}