{"id":18458,"date":"2024-09-02T05:00:44","date_gmt":"2024-09-02T10:00:44","guid":{"rendered":"https:\/\/www.elamazonico.com\/portal\/?p=18458"},"modified":"2024-09-01T17:21:43","modified_gmt":"2024-09-01T22:21:43","slug":"juez-dicto-prision-preventiva-a-presunto-femicidio-por-violacion-incestuosa","status":"publish","type":"post","link":"https:\/\/www.elamazonico.com\/portal\/juez-dicto-prision-preventiva-a-presunto-femicidio-por-violacion-incestuosa\/","title":{"rendered":"Juez dict\u00f3 prisi\u00f3n preventiva a presunto femicidio por violaci\u00f3n Incestuosa"},"content":{"rendered":"<p>En un lamentable y desgarrador hecho que conmocion\u00f3 a la comunidad de Panguintza, en el cant\u00f3n Centinela del C\u00f3ndor, un juez dict\u00f3 prisi\u00f3n preventiva contra Alonso C., acusado de presunto femicidio y violaci\u00f3n incestuosa en perjuicio de su nieta de 11 a\u00f1os. El incidente tuvo lugar cerca de la vivienda del procesado, donde, seg\u00fan las investigaciones preliminares, Alonso C. habr\u00eda intentado incinerar el cuerpo de la menor tras cometer el delito.<\/p>\n<p>&nbsp;<\/p>\n<p>Este suceso ha generado gran alarma entre los habitantes del sector, quienes expresan su consternaci\u00f3n por el tr\u00e1gico desenlace de esta menor. La Fiscal\u00eda, tras iniciar una investigaci\u00f3n exhaustiva, solicit\u00f3 la medida cautelar de prisi\u00f3n preventiva para el acusado, la cual fue aceptada por el juez en una audiencia de flagrancia.<\/p>\n<p>&nbsp;<\/p>\n<p>La violencia de g\u00e9nero sigue siendo una problem\u00e1tica grave en el pa\u00eds. De acuerdo con los datos recopilados por la Alianza de Organizaciones por los Derechos Humanos, entre el 1 de enero y el 31 de mayo de 2024 se registraron 108 muertes violentas por razones de g\u00e9nero en Ecuador, tal como lo asegur\u00f3 la Fundaci\u00f3n Aldea.<\/p>\n<p>&nbsp;<\/p>\n<p>El femicidio fue tipificado como delito en Ecuador hace una d\u00e9cada, en agosto de 2014, y est\u00e1 contemplado en el C\u00f3digo Org\u00e1nico Integral Penal (COIP). La normativa establece que \u201cla persona que, como resultado de relaciones de poder manifestadas en cualquier tipo de violencia, d\u00e9 muerte a una mujer por el hecho de serlo o por su condici\u00f3n de g\u00e9nero, ser\u00e1 sancionada con pena privativa de la libertad de 22 a 26 a\u00f1os\u201d.<\/p>\n<p>&nbsp;<\/p>\n<p>Este caso pone en evidencia la necesidad urgente de continuar fortaleciendo las pol\u00edticas p\u00fablicas y acciones encaminadas a prevenir y erradicar la violencia de g\u00e9nero en todas sus formas, garantizando la protecci\u00f3n y seguridad de las mujeres y ni\u00f1as en todo el territorio nacional.<\/p>\n","protected":false},"excerpt":{"rendered":"<p>En un lamentable y desgarrador hecho que conmocion\u00f3 a la comunidad de Panguintza, en el cant\u00f3n Centinela del C\u00f3ndor, un juez dict\u00f3 prisi\u00f3n preventiva contra Alonso C., acusado de presunto femicidio y violaci\u00f3n incestuosa en perjuicio de su nieta de 11 a\u00f1os. El incidente tuvo lugar cerca de la vivienda del procesado, donde, seg\u00fan las investigaciones preliminares, Alonso C. habr\u00eda intentado incinerar el cuerpo de la menor tras cometer el delito. &nbsp; Este suceso ha generado gran alarma entre los habitantes del sector, quienes expresan su consternaci\u00f3n por el tr\u00e1gico desenlace de esta menor. La Fiscal\u00eda, tras iniciar una investigaci\u00f3n exhaustiva, solicit\u00f3 la medida cautelar de prisi\u00f3n preventiva para el acusado, la cual fue aceptada por el juez en una audiencia de flagrancia. &nbsp; La violencia de g\u00e9nero sigue siendo una problem\u00e1tica grave en el pa\u00eds. De acuerdo con los datos recopilados por la Alianza de Organizaciones por los Derechos Humanos, entre el 1 de enero y el 31 de mayo de 2024 se registraron 108 muertes violentas por razones de g\u00e9nero en Ecuador, tal como lo asegur\u00f3 la Fundaci\u00f3n Aldea. &nbsp; El femicidio fue tipificado como delito en Ecuador hace una d\u00e9cada, en agosto de 2014, y est\u00e1 contemplado en el C\u00f3digo Org\u00e1nico Integral Penal (COIP). La normativa establece que \u201cla persona que, como resultado de relaciones de poder manifestadas en cualquier tipo de violencia, d\u00e9 muerte a una mujer por el hecho de serlo o por su condici\u00f3n de g\u00e9nero, ser\u00e1 sancionada con pena privativa de la libertad de 22 a 26 a\u00f1os\u201d. &nbsp; Este caso pone en evidencia la necesidad urgente de continuar fortaleciendo las pol\u00edticas p\u00fablicas y acciones encaminadas a prevenir y erradicar la violencia de g\u00e9nero en todas sus formas, garantizando la protecci\u00f3n y seguridad de las mujeres y ni\u00f1as en todo el territorio nacional.<\/p>\n","protected":false},"author":1,"featured_media":18459,"comment_status":"open","ping_status":"open","sticky":false,"template":"","format":"standard","meta":{"footnotes":""},"categories":[243],"tags":[],"class_list":["post-18458","post","type-post","status-publish","format-standard","has-post-thumbnail","hentry","category-noticias-zamora"],"_links":{"self":[{"href":"https:\/\/www.elamazonico.com\/portal\/wp-json\/wp\/v2\/posts\/18458","targetHints":{"allow":["GET"]}}],"collection":[{"href":"https:\/\/www.elamazonico.com\/portal\/wp-json\/wp\/v2\/posts"}],"about":[{"href":"https:\/\/www.elamazonico.com\/portal\/wp-json\/wp\/v2\/types\/post"}],"author":[{"embeddable":true,"href":"https:\/\/www.elamazonico.com\/portal\/wp-json\/wp\/v2\/users\/1"}],"replies":[{"embeddable":true,"href":"https:\/\/www.elamazonico.com\/portal\/wp-json\/wp\/v2\/comments?post=18458"}],"version-history":[{"count":1,"href":"https:\/\/www.elamazonico.com\/portal\/wp-json\/wp\/v2\/posts\/18458\/revisions"}],"predecessor-version":[{"id":18460,"href":"https:\/\/www.elamazonico.com\/portal\/wp-json\/wp\/v2\/posts\/18458\/revisions\/18460"}],"wp:featuredmedia":[{"embeddable":true,"href":"https:\/\/www.elamazonico.com\/portal\/wp-json\/wp\/v2\/media\/18459"}],"wp:attachment":[{"href":"https:\/\/www.elamazonico.com\/portal\/wp-json\/wp\/v2\/media?parent=18458"}],"wp:term":[{"taxonomy":"category","embeddable":true,"href":"https:\/\/www.elamazonico.com\/portal\/wp-json\/wp\/v2\/categories?post=18458"},{"taxonomy":"post_tag","embeddable":true,"href":"https:\/\/www.elamazonico.com\/portal\/wp-json\/wp\/v2\/tags?post=18458"}],"curies":[{"name":"wp","href":"https:\/\/api.w.org\/{rel}","templated":true}]}}