{"id":18450,"date":"2024-08-30T04:00:33","date_gmt":"2024-08-30T09:00:33","guid":{"rendered":"https:\/\/www.elamazonico.com\/portal\/?p=18450"},"modified":"2024-08-29T16:39:08","modified_gmt":"2024-08-29T21:39:08","slug":"transporte-de-carga-especial-minera-se-realizara-en-horas-de-la-madrugada-en-la-via-loja-zamora-yantzaza","status":"publish","type":"post","link":"https:\/\/www.elamazonico.com\/portal\/transporte-de-carga-especial-minera-se-realizara-en-horas-de-la-madrugada-en-la-via-loja-zamora-yantzaza\/","title":{"rendered":"Transporte de carga especial minera, se realizar\u00e1 en horas de la madrugada en la v\u00eda Loja \u2013 Zamora \u2013 Yantzaza"},"content":{"rendered":"<p>Este jueves 29 de agosto de 2024, se llev\u00f3 a cabo una reuni\u00f3n de trabajo entre t\u00e9cnicos de la empresa minera Lundin Gold, el Ministerio de Transporte y Obras P\u00fablicas (#MTOP), la Agencia Nacional de Tr\u00e1nsito (#ANT), la Polic\u00eda Nacional del Ecuador, y miembros de los Gobiernos Aut\u00f3nomos Descentralizados (GAD) de la provincia. El objetivo fue abordar aspectos cr\u00edticos en la Mesa T\u00e9cnica de Movilidad, con el fin de garantizar una adecuada gesti\u00f3n de la circulaci\u00f3n en la zona.<\/p>\n<p>Durante la reuni\u00f3n, se establecieron las siguientes directrices:<\/p>\n<ol>\n<li><strong>Circulaci\u00f3n de convoyes de carga especial minera<\/strong>: A partir del 03 de septiembre de 2024, la circulaci\u00f3n de los convoyes, que transportan carga especial minera, se realizar\u00e1 exclusivamente en horas de la madrugada en la v\u00eda que conecta #Loja \u2013 #Zamora \u2013 #Yantzaza. Esta medida busca minimizar el impacto en el flujo vehicular habitual y evitar congestiones que puedan afectar la movilidad de los habitantes de la regi\u00f3n.<\/li>\n<li><strong>Minimizaci\u00f3n del impacto en el flujo vehicular<\/strong>: Se implementar\u00e1n estrategias espec\u00edficas para garantizar que la circulaci\u00f3n de los convoyes se realice de manera eficiente, asegurando el menor impacto posible en la seguridad y fluidez del tr\u00e1nsito vehicular en las \u00e1reas afectadas.<\/li>\n<li><strong>Promoci\u00f3n de una cultura vial responsable<\/strong>: Se enfatiz\u00f3 la importancia de promover una cultura de responsabilidad y seguridad vial entre los conductores y la comunidad en general, para contribuir al orden y la seguridad en las carreteras.<\/li>\n<\/ol>\n<p>Es fundamental destacar que la circulaci\u00f3n de la carga especial se llevar\u00e1 a cabo exclusivamente bajo circunstancias justificadas y no incluir\u00e1 el transporte de concentrado minero en tr\u00e1ileres, lo cual ha sido un tema de particular preocupaci\u00f3n en la zona.<\/p>\n<p>Las autoridades presentes en la reuni\u00f3n hicieron un llamado a la poblaci\u00f3n para colaborar con estas medidas, que buscan proteger la seguridad vial y el bienestar de todos los habitantes de la provincia. La coordinaci\u00f3n entre las distintas entidades involucradas continuar\u00e1 para asegurar que estas acciones se implementen de manera efectiva.<\/p>\n","protected":false},"excerpt":{"rendered":"<p>Este jueves 29 de agosto de 2024, se llev\u00f3 a cabo una reuni\u00f3n de trabajo entre t\u00e9cnicos de la empresa minera Lundin Gold, el Ministerio de Transporte y Obras P\u00fablicas (#MTOP), la Agencia Nacional de Tr\u00e1nsito (#ANT), la Polic\u00eda Nacional del Ecuador, y miembros de los Gobiernos Aut\u00f3nomos Descentralizados (GAD) de la provincia. El objetivo fue abordar aspectos cr\u00edticos en la Mesa T\u00e9cnica de Movilidad, con el fin de garantizar una adecuada gesti\u00f3n de la circulaci\u00f3n en la zona. Durante la reuni\u00f3n, se establecieron las siguientes directrices: Circulaci\u00f3n de convoyes de carga especial minera: A partir del 03 de septiembre de 2024, la circulaci\u00f3n de los convoyes, que transportan carga especial minera, se realizar\u00e1 exclusivamente en horas de la madrugada en la v\u00eda que conecta #Loja \u2013 #Zamora \u2013 #Yantzaza. Esta medida busca minimizar el impacto en el flujo vehicular habitual y evitar congestiones que puedan afectar la movilidad de los habitantes de la regi\u00f3n. Minimizaci\u00f3n del impacto en el flujo vehicular: Se implementar\u00e1n estrategias espec\u00edficas para garantizar que la circulaci\u00f3n de los convoyes se realice de manera eficiente, asegurando el menor impacto posible en la seguridad y fluidez del tr\u00e1nsito vehicular en las \u00e1reas afectadas. Promoci\u00f3n de una cultura vial responsable: Se enfatiz\u00f3 la importancia de promover una cultura de responsabilidad y seguridad vial entre los conductores y la comunidad en general, para contribuir al orden y la seguridad en las carreteras. Es fundamental destacar que la circulaci\u00f3n de la carga especial se llevar\u00e1 a cabo exclusivamente bajo circunstancias justificadas y no incluir\u00e1 el transporte de concentrado minero en tr\u00e1ileres, lo cual ha sido un tema de particular preocupaci\u00f3n en la zona. Las autoridades presentes en la reuni\u00f3n hicieron un llamado a la poblaci\u00f3n para colaborar con estas medidas, que buscan proteger la seguridad vial y el bienestar de todos los habitantes de la provincia. La coordinaci\u00f3n entre las distintas entidades involucradas continuar\u00e1 para asegurar que estas acciones se implementen de manera efectiva.<\/p>\n","protected":false},"author":1,"featured_media":18451,"comment_status":"open","ping_status":"open","sticky":false,"template":"","format":"standard","meta":{"footnotes":""},"categories":[243],"tags":[],"class_list":["post-18450","post","type-post","status-publish","format-standard","has-post-thumbnail","hentry","category-noticias-zamora"],"_links":{"self":[{"href":"https:\/\/www.elamazonico.com\/portal\/wp-json\/wp\/v2\/posts\/18450","targetHints":{"allow":["GET"]}}],"collection":[{"href":"https:\/\/www.elamazonico.com\/portal\/wp-json\/wp\/v2\/posts"}],"about":[{"href":"https:\/\/www.elamazonico.com\/portal\/wp-json\/wp\/v2\/types\/post"}],"author":[{"embeddable":true,"href":"https:\/\/www.elamazonico.com\/portal\/wp-json\/wp\/v2\/users\/1"}],"replies":[{"embeddable":true,"href":"https:\/\/www.elamazonico.com\/portal\/wp-json\/wp\/v2\/comments?post=18450"}],"version-history":[{"count":1,"href":"https:\/\/www.elamazonico.com\/portal\/wp-json\/wp\/v2\/posts\/18450\/revisions"}],"predecessor-version":[{"id":18452,"href":"https:\/\/www.elamazonico.com\/portal\/wp-json\/wp\/v2\/posts\/18450\/revisions\/18452"}],"wp:featuredmedia":[{"embeddable":true,"href":"https:\/\/www.elamazonico.com\/portal\/wp-json\/wp\/v2\/media\/18451"}],"wp:attachment":[{"href":"https:\/\/www.elamazonico.com\/portal\/wp-json\/wp\/v2\/media?parent=18450"}],"wp:term":[{"taxonomy":"category","embeddable":true,"href":"https:\/\/www.elamazonico.com\/portal\/wp-json\/wp\/v2\/categories?post=18450"},{"taxonomy":"post_tag","embeddable":true,"href":"https:\/\/www.elamazonico.com\/portal\/wp-json\/wp\/v2\/tags?post=18450"}],"curies":[{"name":"wp","href":"https:\/\/api.w.org\/{rel}","templated":true}]}}