{"id":18444,"date":"2024-08-29T15:39:01","date_gmt":"2024-08-29T20:39:01","guid":{"rendered":"https:\/\/www.elamazonico.com\/portal\/?p=18444"},"modified":"2024-08-29T15:39:50","modified_gmt":"2024-08-29T20:39:50","slug":"bomberos-informa-sobre-el-estado-de-salud-del-bombero-erwin-ortiz-y-el-operativo-en-quilanga","status":"publish","type":"post","link":"https:\/\/www.elamazonico.com\/portal\/bomberos-informa-sobre-el-estado-de-salud-del-bombero-erwin-ortiz-y-el-operativo-en-quilanga\/","title":{"rendered":"Bomberos Informa sobre el estado de salud del bombero Erwin Ortiz y el Operativo en Quilanga"},"content":{"rendered":"<p>En una rueda de prensa realizada hoy, el Subteniente Rodolfo P\u00e9rez, Comandante del Cuerpo de Bomberos, y el Cabo Gabriel V\u00e1squez informaron a la comunidad sobre el delicado estado de salud del bombero Erwin Ortiz, quien sufri\u00f3 quemaduras en el 30% de su cuerpo superior mientras combat\u00eda un incendio forestal en la zona de Quilanga.<\/p>\n<p><strong>Estado de Salud de Erwin Ortiz<\/strong><\/p>\n<p>El bombero Erwin Ortiz fue ingresado de emergencia a la cl\u00ednica San Agust\u00edn en Loja a las 16:00 horas de ayer. Tras una evaluaci\u00f3n m\u00e9dica inicial, se determin\u00f3 que el 32 al 35 por ciento de su cuerpo result\u00f3 afectado, con quemaduras que comprometen sus miembros superiores, rostro, torso y espalda. Actualmente, su estado de salud es estable. Ayer por la noche, Ortiz fue sometido a una intervenci\u00f3n quir\u00fargica para la limpieza de las \u00e1reas quemadas, y seg\u00fan el diagn\u00f3stico del m\u00e9dico cirujano, se espera que su recuperaci\u00f3n tome aproximadamente de tres a cuatro semanas.<\/p>\n<p><strong>Llamado a la Solidaridad y Operaciones en Curso<\/strong><\/p>\n<p>El Cabo Gabriel V\u00e1squez subray\u00f3 la importancia de la solidaridad en estos momentos cr\u00edticos, haciendo un llamado a la comunidad de Zamora para que colabore con v\u00edveres y agua, esenciales para los equipos que trabajan en la mitigaci\u00f3n de incendios. Sin embargo, enfatiz\u00f3 que cualquier tipo de ayuda debe ser coordinada con las autoridades competentes para asegurar su adecuada distribuci\u00f3n y evitar riesgos innecesarios en la zona afectada.<\/p>\n<p><strong>Equipamiento y Apoyo Log\u00edstico<\/strong><\/p>\n<p>El cuerpo de bomberos de Zamora cuenta con equipos de protecci\u00f3n personal en buen estado, as\u00ed como con herramientas manuales adecuadas para enfrentar los incendios forestales. Actualmente, un contingente de seis bomberos permanece desplegado en operaciones de control del incendio. Adem\u00e1s, se ha movilizado un helic\u00f3ptero de las Fuerzas Armadas, para cuyo abastecimiento de agua se ha destinado un autotanque con gran capacidad, propiedad del cuerpo de bomberos de Zamora.<\/p>\n<p>El Subteniente P\u00e9rez hizo un llamado a la ciudadan\u00eda para evitar las quemas agr\u00edcolas, ya que estas pr\u00e1cticas aumentan el riesgo de incendios forestales, afectando no solo a la flora y fauna aut\u00f3ctona, sino tambi\u00e9n a las fuentes h\u00eddricas de la regi\u00f3n. Asimismo, se recomienda que cualquier persona que desee colaborar con la situaci\u00f3n lo haga a trav\u00e9s de las instituciones a cargo y que se evite el ingreso a las zonas afectadas sin el equipo de protecci\u00f3n personal adecuado y la capacitaci\u00f3n necesaria.<\/p>\n<p>Este bolet\u00edn se emite con el prop\u00f3sito de mantener a la comunidad informada y de reforzar la coordinaci\u00f3n en las labores de mitigaci\u00f3n del incendio que afecta a Quilanga.<\/p>\n","protected":false},"excerpt":{"rendered":"<p>En una rueda de prensa realizada hoy, el Subteniente Rodolfo P\u00e9rez, Comandante del Cuerpo de Bomberos, y el Cabo Gabriel V\u00e1squez informaron a la comunidad sobre el delicado estado de salud del bombero Erwin Ortiz, quien sufri\u00f3 quemaduras en el 30% de su cuerpo superior mientras combat\u00eda un incendio forestal en la zona de Quilanga. Estado de Salud de Erwin Ortiz El bombero Erwin Ortiz fue ingresado de emergencia a la cl\u00ednica San Agust\u00edn en Loja a las 16:00 horas de ayer. Tras una evaluaci\u00f3n m\u00e9dica inicial, se determin\u00f3 que el 32 al 35 por ciento de su cuerpo result\u00f3 afectado, con quemaduras que comprometen sus miembros superiores, rostro, torso y espalda. Actualmente, su estado de salud es estable. Ayer por la noche, Ortiz fue sometido a una intervenci\u00f3n quir\u00fargica para la limpieza de las \u00e1reas quemadas, y seg\u00fan el diagn\u00f3stico del m\u00e9dico cirujano, se espera que su recuperaci\u00f3n tome aproximadamente de tres a cuatro semanas. Llamado a la Solidaridad y Operaciones en Curso El Cabo Gabriel V\u00e1squez subray\u00f3 la importancia de la solidaridad en estos momentos cr\u00edticos, haciendo un llamado a la comunidad de Zamora para que colabore con v\u00edveres y agua, esenciales para los equipos que trabajan en la mitigaci\u00f3n de incendios. Sin embargo, enfatiz\u00f3 que cualquier tipo de ayuda debe ser coordinada con las autoridades competentes para asegurar su adecuada distribuci\u00f3n y evitar riesgos innecesarios en la zona afectada. Equipamiento y Apoyo Log\u00edstico El cuerpo de bomberos de Zamora cuenta con equipos de protecci\u00f3n personal en buen estado, as\u00ed como con herramientas manuales adecuadas para enfrentar los incendios forestales. Actualmente, un contingente de seis bomberos permanece desplegado en operaciones de control del incendio. Adem\u00e1s, se ha movilizado un helic\u00f3ptero de las Fuerzas Armadas, para cuyo abastecimiento de agua se ha destinado un autotanque con gran capacidad, propiedad del cuerpo de bomberos de Zamora. El Subteniente P\u00e9rez hizo un llamado a la ciudadan\u00eda para evitar las quemas agr\u00edcolas, ya que estas pr\u00e1cticas aumentan el riesgo de incendios forestales, afectando no solo a la flora y fauna aut\u00f3ctona, sino tambi\u00e9n a las fuentes h\u00eddricas de la regi\u00f3n. Asimismo, se recomienda que cualquier persona que desee colaborar con la situaci\u00f3n lo haga a trav\u00e9s de las instituciones a cargo y que se evite el ingreso a las zonas afectadas sin el equipo de protecci\u00f3n personal adecuado y la capacitaci\u00f3n necesaria. Este bolet\u00edn se emite con el prop\u00f3sito de mantener a la comunidad informada y de reforzar la coordinaci\u00f3n en las labores de mitigaci\u00f3n del incendio que afecta a Quilanga.<\/p>\n","protected":false},"author":1,"featured_media":18445,"comment_status":"open","ping_status":"open","sticky":false,"template":"","format":"standard","meta":{"footnotes":""},"categories":[243],"tags":[],"class_list":["post-18444","post","type-post","status-publish","format-standard","has-post-thumbnail","hentry","category-noticias-zamora"],"_links":{"self":[{"href":"https:\/\/www.elamazonico.com\/portal\/wp-json\/wp\/v2\/posts\/18444","targetHints":{"allow":["GET"]}}],"collection":[{"href":"https:\/\/www.elamazonico.com\/portal\/wp-json\/wp\/v2\/posts"}],"about":[{"href":"https:\/\/www.elamazonico.com\/portal\/wp-json\/wp\/v2\/types\/post"}],"author":[{"embeddable":true,"href":"https:\/\/www.elamazonico.com\/portal\/wp-json\/wp\/v2\/users\/1"}],"replies":[{"embeddable":true,"href":"https:\/\/www.elamazonico.com\/portal\/wp-json\/wp\/v2\/comments?post=18444"}],"version-history":[{"count":1,"href":"https:\/\/www.elamazonico.com\/portal\/wp-json\/wp\/v2\/posts\/18444\/revisions"}],"predecessor-version":[{"id":18446,"href":"https:\/\/www.elamazonico.com\/portal\/wp-json\/wp\/v2\/posts\/18444\/revisions\/18446"}],"wp:featuredmedia":[{"embeddable":true,"href":"https:\/\/www.elamazonico.com\/portal\/wp-json\/wp\/v2\/media\/18445"}],"wp:attachment":[{"href":"https:\/\/www.elamazonico.com\/portal\/wp-json\/wp\/v2\/media?parent=18444"}],"wp:term":[{"taxonomy":"category","embeddable":true,"href":"https:\/\/www.elamazonico.com\/portal\/wp-json\/wp\/v2\/categories?post=18444"},{"taxonomy":"post_tag","embeddable":true,"href":"https:\/\/www.elamazonico.com\/portal\/wp-json\/wp\/v2\/tags?post=18444"}],"curies":[{"name":"wp","href":"https:\/\/api.w.org\/{rel}","templated":true}]}}