{"id":18419,"date":"2024-08-29T08:01:40","date_gmt":"2024-08-29T13:01:40","guid":{"rendered":"https:\/\/www.elamazonico.com\/portal\/?p=18419"},"modified":"2024-08-29T08:01:40","modified_gmt":"2024-08-29T13:01:40","slug":"edgardo-pablo-moreno-suarez-el-nuevo-comandante-de-la-subzona-zamora-chinchipe-n-19","status":"publish","type":"post","link":"https:\/\/www.elamazonico.com\/portal\/edgardo-pablo-moreno-suarez-el-nuevo-comandante-de-la-subzona-zamora-chinchipe-n-19\/","title":{"rendered":"Edgardo Pablo Moreno Su\u00e1rez el nuevo Comandante de la Subzona Zamora Chinchipe N\u00b0 19"},"content":{"rendered":"<p>El 28 de agosto de 2024, la Subzona Zamora Chinchipe N\u00b0 19 de la Polic\u00eda Nacional recibi\u00f3 a su nuevo Comandante, el Coronel de Polic\u00eda de E.M., Dr. Edgardo Pablo Moreno Su\u00e1rez. Con 32 a\u00f1os de servicio en la instituci\u00f3n, el Coronel Moreno Su\u00e1rez asume este nuevo reto con una trayectoria impecable y una s\u00f3lida formaci\u00f3n acad\u00e9mica y profesional que lo avalan como un l\u00edder comprometido con la seguridad ciudadana y el orden p\u00fablico.<\/p>\n<p>&nbsp;<\/p>\n<p>El Dr. Moreno Su\u00e1rez es Licenciado en Ciencias Sociales, Pol\u00edticas y Econ\u00f3micas, Abogado y Doctor en Jurisprudencia. Su dedicaci\u00f3n al servicio p\u00fablico se complementa con una especializaci\u00f3n en protecci\u00f3n de v\u00edctimas y testigos, as\u00ed como con su participaci\u00f3n en seminarios internacionales sobre delitos transnacionales e investigaci\u00f3n criminal en Colombia, reflejando su constante actualizaci\u00f3n y preparaci\u00f3n en temas de seguridad.<\/p>\n<p>&nbsp;<\/p>\n<p>A lo largo de su carrera, ha ocupado diversos cargos de responsabilidad, destac\u00e1ndose como Subcomandante en la provincia del Guayas, Jefe de Polic\u00eda en los distritos de Milagro, Santa Elena, La Florida, y Loja, adem\u00e1s de su gesti\u00f3n como Jefe de la Polic\u00eda Judicial en Zamora. Su trayectoria ha sido reconocida con condecoraciones al M\u00e9rito Profesional y felicitaciones p\u00fablicas por parte de autoridades nacionales y provinciales.<\/p>\n<p>&nbsp;<\/p>\n<p>El Coronel Moreno Su\u00e1rez expresa su firme compromiso de garantizar la seguridad ciudadana y mantener el orden p\u00fablico en la provincia de Zamora Chinchipe, con el objetivo de asegurar la paz y la convivencia ciudadana. Su experiencia y preparaci\u00f3n lo posicionan como un l\u00edder capaz de enfrentar los desaf\u00edos que esta responsabilidad conlleva, siempre en defensa del bienestar de la comunidad.<\/p>\n","protected":false},"excerpt":{"rendered":"<p>El 28 de agosto de 2024, la Subzona Zamora Chinchipe N\u00b0 19 de la Polic\u00eda Nacional recibi\u00f3 a su nuevo Comandante, el Coronel de Polic\u00eda de E.M., Dr. Edgardo Pablo Moreno Su\u00e1rez. Con 32 a\u00f1os de servicio en la instituci\u00f3n, el Coronel Moreno Su\u00e1rez asume este nuevo reto con una trayectoria impecable y una s\u00f3lida formaci\u00f3n acad\u00e9mica y profesional que lo avalan como un l\u00edder comprometido con la seguridad ciudadana y el orden p\u00fablico. &nbsp; El Dr. Moreno Su\u00e1rez es Licenciado en Ciencias Sociales, Pol\u00edticas y Econ\u00f3micas, Abogado y Doctor en Jurisprudencia. Su dedicaci\u00f3n al servicio p\u00fablico se complementa con una especializaci\u00f3n en protecci\u00f3n de v\u00edctimas y testigos, as\u00ed como con su participaci\u00f3n en seminarios internacionales sobre delitos transnacionales e investigaci\u00f3n criminal en Colombia, reflejando su constante actualizaci\u00f3n y preparaci\u00f3n en temas de seguridad. &nbsp; A lo largo de su carrera, ha ocupado diversos cargos de responsabilidad, destac\u00e1ndose como Subcomandante en la provincia del Guayas, Jefe de Polic\u00eda en los distritos de Milagro, Santa Elena, La Florida, y Loja, adem\u00e1s de su gesti\u00f3n como Jefe de la Polic\u00eda Judicial en Zamora. Su trayectoria ha sido reconocida con condecoraciones al M\u00e9rito Profesional y felicitaciones p\u00fablicas por parte de autoridades nacionales y provinciales. &nbsp; El Coronel Moreno Su\u00e1rez expresa su firme compromiso de garantizar la seguridad ciudadana y mantener el orden p\u00fablico en la provincia de Zamora Chinchipe, con el objetivo de asegurar la paz y la convivencia ciudadana. Su experiencia y preparaci\u00f3n lo posicionan como un l\u00edder capaz de enfrentar los desaf\u00edos que esta responsabilidad conlleva, siempre en defensa del bienestar de la comunidad.<\/p>\n","protected":false},"author":1,"featured_media":18420,"comment_status":"open","ping_status":"open","sticky":false,"template":"","format":"standard","meta":{"footnotes":""},"categories":[243],"tags":[],"class_list":["post-18419","post","type-post","status-publish","format-standard","has-post-thumbnail","hentry","category-noticias-zamora"],"_links":{"self":[{"href":"https:\/\/www.elamazonico.com\/portal\/wp-json\/wp\/v2\/posts\/18419","targetHints":{"allow":["GET"]}}],"collection":[{"href":"https:\/\/www.elamazonico.com\/portal\/wp-json\/wp\/v2\/posts"}],"about":[{"href":"https:\/\/www.elamazonico.com\/portal\/wp-json\/wp\/v2\/types\/post"}],"author":[{"embeddable":true,"href":"https:\/\/www.elamazonico.com\/portal\/wp-json\/wp\/v2\/users\/1"}],"replies":[{"embeddable":true,"href":"https:\/\/www.elamazonico.com\/portal\/wp-json\/wp\/v2\/comments?post=18419"}],"version-history":[{"count":1,"href":"https:\/\/www.elamazonico.com\/portal\/wp-json\/wp\/v2\/posts\/18419\/revisions"}],"predecessor-version":[{"id":18421,"href":"https:\/\/www.elamazonico.com\/portal\/wp-json\/wp\/v2\/posts\/18419\/revisions\/18421"}],"wp:featuredmedia":[{"embeddable":true,"href":"https:\/\/www.elamazonico.com\/portal\/wp-json\/wp\/v2\/media\/18420"}],"wp:attachment":[{"href":"https:\/\/www.elamazonico.com\/portal\/wp-json\/wp\/v2\/media?parent=18419"}],"wp:term":[{"taxonomy":"category","embeddable":true,"href":"https:\/\/www.elamazonico.com\/portal\/wp-json\/wp\/v2\/categories?post=18419"},{"taxonomy":"post_tag","embeddable":true,"href":"https:\/\/www.elamazonico.com\/portal\/wp-json\/wp\/v2\/tags?post=18419"}],"curies":[{"name":"wp","href":"https:\/\/api.w.org\/{rel}","templated":true}]}}