{"id":18412,"date":"2024-08-29T04:15:00","date_gmt":"2024-08-29T09:15:00","guid":{"rendered":"https:\/\/www.elamazonico.com\/portal\/?p=18412"},"modified":"2024-08-28T16:11:51","modified_gmt":"2024-08-28T21:11:51","slug":"salvador-quishpe-un-defensor-inquebrantable-de-la-identidad-y-los-derechos","status":"publish","type":"post","link":"https:\/\/www.elamazonico.com\/portal\/salvador-quishpe-un-defensor-inquebrantable-de-la-identidad-y-los-derechos\/","title":{"rendered":"Salvador Quishpe, un defensor inquebrantable de la identidad y los derechos"},"content":{"rendered":"<p>En el coraz\u00f3n de la selva amaz\u00f3nica ecuatoriana, un 15 de marzo de 1971, en la peque\u00f1a comunidad de Piuntza, parroquia Guadalupe del cant\u00f3n Zamora, naci\u00f3 Salvador Quishpe. Proveniente de una familia profundamente arraigada en la cultura Quichua Saraguro, Salvador es el fruto de una herencia ancestral que sus padres, Manuel Asunci\u00f3n Quishpe y Mar\u00eda Francisca Lozano Gual\u00e1n, transmitieron a sus nueve hijos. Hoy, Salvador es un hombre que ha sabido amalgamar esa herencia con un firme compromiso social y pol\u00edtico, dedicando su vida a la defensa de los derechos humanos y colectivos.<\/p>\n<p>Los primeros a\u00f1os de Salvador se desarrollaron en el seno de una comunidad donde la cultura y la tradici\u00f3n Quichua eran el n\u00facleo de la vida diaria. A pesar de las limitaciones de su entorno, Salvador mostr\u00f3 desde temprano una inquebrantable sed de conocimiento. Comenz\u00f3 su educaci\u00f3n primaria en la Escuela Fiscal Rumi\u00f1ahui de la parroquia San Lucas, cant\u00f3n Loja. Su recorrido acad\u00e9mico fue diverso y exigente, pasando por instituciones como el Colegio Miguel Riofr\u00edo, el Instituto Superior No. 16 de Zamora, y culminando su bachillerato en el Instituto Intercultural Biling\u00fce Quilloac en Ca\u00f1ar en 1991.<\/p>\n<p>La b\u00fasqueda de conocimiento llev\u00f3 a Salvador a la Universidad San Francisco de Quito en 1994, donde decidi\u00f3 estudiar Sociolog\u00eda para el Desarrollo, complementando sus estudios con una subespecialidad en ingl\u00e9s. Su tiempo en la universidad no solo ampli\u00f3 su horizonte acad\u00e9mico, sino que tambi\u00e9n lo expuso a nuevas culturas e ideas a trav\u00e9s de un programa de intercambio en la Eastern Mennonite University, en Harrisonburg, Virginia, Estados Unidos, durante el a\u00f1o lectivo 1995-1996. Este viaje acad\u00e9mico fortaleci\u00f3 su visi\u00f3n de la justicia social y lo prepar\u00f3 para los retos que enfrentar\u00eda en su retorno a Ecuador, donde se gradu\u00f3 como soci\u00f3logo en 1999 y, posteriormente, en 2018, obtuvo una maestr\u00eda en Gesti\u00f3n y Desarrollo Social en la Universidad T\u00e9cnica Particular de Loja.<\/p>\n<p>Desde sus primeras experiencias laborales en 1992 como docente en la Escuela Fiscal Intercultural Biling\u00fce \u201cEstados Unidos\u201d en Jambu\u00e9 Bajo, Salvador ha dedicado su vida a la educaci\u00f3n y la pol\u00edtica. Su trayectoria incluye roles significativos como asesor del Consejo Provincial de Cotopaxi en 2001 y asesor de la bancada de Pachakutik en la Asamblea Nacional Constituyente en Montecristi en 2008. En 2020, asumi\u00f3 el reto de liderar la Cooperativa de Transportes Uni\u00f3n Yantzaza como su gerente, demostrando su capacidad para enfrentar desaf\u00edos en diversos \u00e1mbitos.<\/p>\n<p>La vocaci\u00f3n de Salvador por el servicio p\u00fablico lo ha llevado a ocupar cargos de gran relevancia en la estructura organizativa ind\u00edgena y pol\u00edtica del pa\u00eds. Desde su elecci\u00f3n en 1992 como dirigente de Tierras y Territorios de la Federaci\u00f3n de Saraguros ZAMASKIJAT, su liderazgo ha sido constante, siendo vicepresidente y luego presidente de ECUARUNARI, as\u00ed como dirigente de Organizaci\u00f3n y Pol\u00edtica de la CONAIE. Su incansable lucha por los derechos de su pueblo lo llev\u00f3 a ser electo diputado por Pachakutik en 2002, cargo en el que fue reelecto en 2006. Su gesti\u00f3n como prefecto de Zamora Chinchipe entre 2009 y 2019 dej\u00f3 una huella imborrable en la provincia, reflejando su compromiso con el desarrollo y el bienestar de su comunidad.<\/p>\n<p>M\u00e1s all\u00e1 de su carrera pol\u00edtica, Salvador es un hombre profundamente conectado con sus ra\u00edces. Aunque no se considera un deportista, disfruta del ecua volley, un deporte popular en su tierra, y evita disciplinas como el boxeo. Su verdadera pasi\u00f3n reside en la preservaci\u00f3n y promoci\u00f3n de las culturas y tradiciones ancestrales. La gastronom\u00eda, la m\u00fasica y la lengua Quichua son elementos que Salvador valora y que busca transmitir a las nuevas generaciones ind\u00edgenas, incentivando a la juventud a fortalecer una identidad cultural milenaria.<\/p>\n<p>En su tiempo libre, Salvador se dedica a la agroecolog\u00eda en su finca en San Marcos, cerca de Zamora. Aqu\u00ed, se sumerge en la reforestaci\u00f3n y el cuidado de los bosques, pr\u00e1cticas que reflejan su profundo respeto por la naturaleza y su compromiso con la sostenibilidad.<\/p>\n<p>Hoy, Salvador Quishpe se encuentra ante un nuevo desaf\u00edo: su posible candidatura a asamble\u00edsta por la provincia de Zamora Chinchipe. Esta propuesta, a\u00fan en evaluaci\u00f3n, podr\u00eda darle la oportunidad de llevar la voz de su provincia al escenario nacional, defendiendo los derechos y necesidades de su gente en temas tan cruciales como la infraestructura vial, la salud, la educaci\u00f3n y el medio ambiente. Con la convicci\u00f3n de que el activismo social es esencial para el cambio, Salvador planea impulsar asambleas provinciales para coordinar estrategias con las organizaciones sociales, autoridades y ciudadanos, con el fin de garantizar los derechos de Zamora Chinchipe.<\/p>\n<p>La vida de Salvador Quishpe es de perseverancia, de lucha y amor por su tierra. Su historia es la de un hombre que, fiel a sus ra\u00edces, ha sabido enfrentarse a los desaf\u00edos de su tiempo, siempre con la mirada puesta en el bienestar de su comunidad y la defensa de los derechos de su pueblo.<\/p>\n","protected":false},"excerpt":{"rendered":"<p>En el coraz\u00f3n de la selva amaz\u00f3nica ecuatoriana, un 15 de marzo de 1971, en la peque\u00f1a comunidad de Piuntza, parroquia Guadalupe del cant\u00f3n Zamora, naci\u00f3 Salvador Quishpe. Proveniente de una familia profundamente arraigada en la cultura Quichua Saraguro, Salvador es el fruto de una herencia ancestral que sus padres, Manuel Asunci\u00f3n Quishpe y Mar\u00eda Francisca Lozano Gual\u00e1n, transmitieron a sus nueve hijos. Hoy, Salvador es un hombre que ha sabido amalgamar esa herencia con un firme compromiso social y pol\u00edtico, dedicando su vida a la defensa de los derechos humanos y colectivos. Los primeros a\u00f1os de Salvador se desarrollaron en el seno de una comunidad donde la cultura y la tradici\u00f3n Quichua eran el n\u00facleo de la vida diaria. A pesar de las limitaciones de su entorno, Salvador mostr\u00f3 desde temprano una inquebrantable sed de conocimiento. Comenz\u00f3 su educaci\u00f3n primaria en la Escuela Fiscal Rumi\u00f1ahui de la parroquia San Lucas, cant\u00f3n Loja. Su recorrido acad\u00e9mico fue diverso y exigente, pasando por instituciones como el Colegio Miguel Riofr\u00edo, el Instituto Superior No. 16 de Zamora, y culminando su bachillerato en el Instituto Intercultural Biling\u00fce Quilloac en Ca\u00f1ar en 1991. La b\u00fasqueda de conocimiento llev\u00f3 a Salvador a la Universidad San Francisco de Quito en 1994, donde decidi\u00f3 estudiar Sociolog\u00eda para el Desarrollo, complementando sus estudios con una subespecialidad en ingl\u00e9s. Su tiempo en la universidad no solo ampli\u00f3 su horizonte acad\u00e9mico, sino que tambi\u00e9n lo expuso a nuevas culturas e ideas a trav\u00e9s de un programa de intercambio en la Eastern Mennonite University, en Harrisonburg, Virginia, Estados Unidos, durante el a\u00f1o lectivo 1995-1996. Este viaje acad\u00e9mico fortaleci\u00f3 su visi\u00f3n de la justicia social y lo prepar\u00f3 para los retos que enfrentar\u00eda en su retorno a Ecuador, donde se gradu\u00f3 como soci\u00f3logo en 1999 y, posteriormente, en 2018, obtuvo una maestr\u00eda en Gesti\u00f3n y Desarrollo Social en la Universidad T\u00e9cnica Particular de Loja. Desde sus primeras experiencias laborales en 1992 como docente en la Escuela Fiscal Intercultural Biling\u00fce \u201cEstados Unidos\u201d en Jambu\u00e9 Bajo, Salvador ha dedicado su vida a la educaci\u00f3n y la pol\u00edtica. Su trayectoria incluye roles significativos como asesor del Consejo Provincial de Cotopaxi en 2001 y asesor de la bancada de Pachakutik en la Asamblea Nacional Constituyente en Montecristi en 2008. En 2020, asumi\u00f3 el reto de liderar la Cooperativa de Transportes Uni\u00f3n Yantzaza como su gerente, demostrando su capacidad para enfrentar desaf\u00edos en diversos \u00e1mbitos. La vocaci\u00f3n de Salvador por el servicio p\u00fablico lo ha llevado a ocupar cargos de gran relevancia en la estructura organizativa ind\u00edgena y pol\u00edtica del pa\u00eds. Desde su elecci\u00f3n en 1992 como dirigente de Tierras y Territorios de la Federaci\u00f3n de Saraguros ZAMASKIJAT, su liderazgo ha sido constante, siendo vicepresidente y luego presidente de ECUARUNARI, as\u00ed como dirigente de Organizaci\u00f3n y Pol\u00edtica de la CONAIE. Su incansable lucha por los derechos de su pueblo lo llev\u00f3 a ser electo diputado por Pachakutik en 2002, cargo en el que fue reelecto en 2006. Su gesti\u00f3n como prefecto de Zamora Chinchipe entre 2009 y 2019 dej\u00f3 una huella imborrable en la provincia, reflejando su compromiso con el desarrollo y el bienestar de su comunidad. M\u00e1s all\u00e1 de su carrera pol\u00edtica, Salvador es un hombre profundamente conectado con sus ra\u00edces. Aunque no se considera un deportista, disfruta del ecua volley, un deporte popular en su tierra, y evita disciplinas como el boxeo. Su verdadera pasi\u00f3n reside en la preservaci\u00f3n y promoci\u00f3n de las culturas y tradiciones ancestrales. La gastronom\u00eda, la m\u00fasica y la lengua Quichua son elementos que Salvador valora y que busca transmitir a las nuevas generaciones ind\u00edgenas, incentivando a la juventud a fortalecer una identidad cultural milenaria. En su tiempo libre, Salvador se dedica a la agroecolog\u00eda en su finca en San Marcos, cerca de Zamora. Aqu\u00ed, se sumerge en la reforestaci\u00f3n y el cuidado de los bosques, pr\u00e1cticas que reflejan su profundo respeto por la naturaleza y su compromiso con la sostenibilidad. Hoy, Salvador Quishpe se encuentra ante un nuevo desaf\u00edo: su posible candidatura a asamble\u00edsta por la provincia de Zamora Chinchipe. Esta propuesta, a\u00fan en evaluaci\u00f3n, podr\u00eda darle la oportunidad de llevar la voz de su provincia al escenario nacional, defendiendo los derechos y necesidades de su gente en temas tan cruciales como la infraestructura vial, la salud, la educaci\u00f3n y el medio ambiente. Con la convicci\u00f3n de que el activismo social es esencial para el cambio, Salvador planea impulsar asambleas provinciales para coordinar estrategias con las organizaciones sociales, autoridades y ciudadanos, con el fin de garantizar los derechos de Zamora Chinchipe. La vida de Salvador Quishpe es de perseverancia, de lucha y amor por su tierra. Su historia es la de un hombre que, fiel a sus ra\u00edces, ha sabido enfrentarse a los desaf\u00edos de su tiempo, siempre con la mirada puesta en el bienestar de su comunidad y la defensa de los derechos de su pueblo.<\/p>\n","protected":false},"author":1,"featured_media":18413,"comment_status":"open","ping_status":"open","sticky":false,"template":"","format":"standard","meta":{"footnotes":""},"categories":[243],"tags":[],"class_list":["post-18412","post","type-post","status-publish","format-standard","has-post-thumbnail","hentry","category-noticias-zamora"],"_links":{"self":[{"href":"https:\/\/www.elamazonico.com\/portal\/wp-json\/wp\/v2\/posts\/18412","targetHints":{"allow":["GET"]}}],"collection":[{"href":"https:\/\/www.elamazonico.com\/portal\/wp-json\/wp\/v2\/posts"}],"about":[{"href":"https:\/\/www.elamazonico.com\/portal\/wp-json\/wp\/v2\/types\/post"}],"author":[{"embeddable":true,"href":"https:\/\/www.elamazonico.com\/portal\/wp-json\/wp\/v2\/users\/1"}],"replies":[{"embeddable":true,"href":"https:\/\/www.elamazonico.com\/portal\/wp-json\/wp\/v2\/comments?post=18412"}],"version-history":[{"count":1,"href":"https:\/\/www.elamazonico.com\/portal\/wp-json\/wp\/v2\/posts\/18412\/revisions"}],"predecessor-version":[{"id":18414,"href":"https:\/\/www.elamazonico.com\/portal\/wp-json\/wp\/v2\/posts\/18412\/revisions\/18414"}],"wp:featuredmedia":[{"embeddable":true,"href":"https:\/\/www.elamazonico.com\/portal\/wp-json\/wp\/v2\/media\/18413"}],"wp:attachment":[{"href":"https:\/\/www.elamazonico.com\/portal\/wp-json\/wp\/v2\/media?parent=18412"}],"wp:term":[{"taxonomy":"category","embeddable":true,"href":"https:\/\/www.elamazonico.com\/portal\/wp-json\/wp\/v2\/categories?post=18412"},{"taxonomy":"post_tag","embeddable":true,"href":"https:\/\/www.elamazonico.com\/portal\/wp-json\/wp\/v2\/tags?post=18412"}],"curies":[{"name":"wp","href":"https:\/\/api.w.org\/{rel}","templated":true}]}}