{"id":18409,"date":"2024-08-29T04:10:04","date_gmt":"2024-08-29T09:10:04","guid":{"rendered":"https:\/\/www.elamazonico.com\/portal\/?p=18409"},"modified":"2024-08-29T11:05:43","modified_gmt":"2024-08-29T16:05:43","slug":"reportaje-manuel-agustin-marquez-salinas-106-anos-de-historia-viva","status":"publish","type":"post","link":"https:\/\/www.elamazonico.com\/portal\/reportaje-manuel-agustin-marquez-salinas-106-anos-de-historia-viva\/","title":{"rendered":"Reportaje: Manuel Agust\u00edn M\u00e1rquez Salinas, 106 a\u00f1os de Historia Viva"},"content":{"rendered":"<p>En la historia de Zamora, pocas figuras han dejado una huella tan profunda y duradera como la de Manuel Agust\u00edn M\u00e1rquez Salinas, quien este 29 de agosto celebra 106 a\u00f1os de vida. Su existencia es un testimonio de un siglo de transformaciones, desaf\u00edos y logros, tanto en su vida personal como en el desarrollo de la provincia.<\/p>\n<p>Manuel Agust\u00edn lleg\u00f3 en un tiempo en que la vida en Zamora era simple pero exigente, rodeada de la exuberante naturaleza amaz\u00f3nica y de la rica cultura shuar. En marzo de 1921, su familia, liderada por su abuelo paterno, lleg\u00f3 a esta provincia, don Celestino M\u00e1rquez Morales, lleg\u00f3 a esta parte, conocida como puerta de entrada al coraz\u00f3n de la Amazon\u00eda, cargando consigo las esperanzas y las dificultades de la \u00e9poca. A\u00f1os m\u00e1s tarde, lleg\u00f3 a la tierna edad de tres a\u00f1os Manuel Agust\u00edn M\u00e1rquez Salinas,\u00a0 fue tra\u00eddo en brazos a esta tierra prometedora, que a\u00fan estaba en proceso de colonizaci\u00f3n, con pocas familias asentadas y una vasta poblaci\u00f3n Shuar.<\/p>\n<p>Con el paso de los a\u00f1os, Manuel Agust\u00edn no solo se convirti\u00f3 en testigo del desarrollo de Zamora, sino en un actor clave en su historia. Durante los a\u00f1os 1944 a 1948, desempe\u00f1\u00f3 el cargo de presidente de la Junta Cantonal de Zamora, liderando con dedicaci\u00f3n y visi\u00f3n. Posteriormente, con la creaci\u00f3n de la provincia el 10 de noviembre de 1953, fue parte del primer cabildo democr\u00e1tico, una instituci\u00f3n que comenz\u00f3 a funcionar el 4 de diciembre de 1954. Junto a Juan Izquierdo en calidad de presidente, V\u00edctor Reyes C\u00e1rdenas vicepresidente, Hugo Arias Benavides y Adolfo de Jes\u00fas Rodas concejales. Manuel Agust\u00edn se dedic\u00f3 a consolidar las bases de la joven provincia. Hoy, \u00e9l es el \u00fanico sobreviviente de esa \u00e9poca fundacional, un libro viviente de los primeros pasos de Zamora Chinchipe como provincia.<\/p>\n<p>Manuel Agust\u00edn no solo destac\u00f3 en la pol\u00edtica, sino tambi\u00e9n en la vida cotidiana. Su habilidad para la carpinter\u00eda lo convirti\u00f3 en un maestro en la construcci\u00f3n de canoas y bateas, un arte que compart\u00eda con otros bogas destacados de la provincia como Rafael Lupercio, qui\u00e9n viv\u00eda en la cabecera parroquial de Cumbaratza y un hombre de apellido Pizarro, fundador de Paquisha. Las rutas acu\u00e1ticas de Zamora \u2013 Nangaritza, Zamora \u2013 Yacuambi y Zamora \u2013 Gualaquiza, que \u00e9l conoc\u00eda al dedillo, eran su hogar. Con sus propias manos, constru\u00eda las embarcaciones que luego guiaba con destreza por los r\u00edos de la regi\u00f3n, enfrentando las corrientes y la selva con el coraje y la sabidur\u00eda que solo los a\u00f1os y la experiencia pueden otorgar.<\/p>\n<p>El legado de Manuel Agust\u00edn M\u00e1rquez Salinas no se limita a sus logros en vida, sino que se extiende a trav\u00e9s de su familia y la comunidad que ayud\u00f3 a formar. Su hijo, el Doctor Nelson M\u00e1rquez, record\u00f3 con orgullo las contribuciones de su padre y agradeci\u00f3 al cabildo Zamorano, liderado por el alcalde Manuel Gonz\u00e1lez y concejales, por reconocer el aporte invaluable de su padre a la historia del cant\u00f3n. La ceremonia en su honor fue m\u00e1s que un homenaje; fue un acto de justicia hist\u00f3rica, un reconocimiento al hombre que, con su esfuerzo y dedicaci\u00f3n, ayud\u00f3 a forjar la identidad de Zamora.<\/p>\n<p>A sus 106 a\u00f1os, Manuel Agust\u00edn M\u00e1rquez Salinas sigue siendo un ejemplo de vida para quienes lo rodean. Su historia es la historia de Zamora, una historia de lucha, de progreso y de amor por la tierra que lo vio crecer. Su legado perdurar\u00e1 en la memoria colectiva de una provincia que sigue mirando hacia el futuro, inspirada por la fuerza y el esp\u00edritu indomable de uno de sus hijos m\u00e1s ilustres.<\/p>\n","protected":false},"excerpt":{"rendered":"<p>En la historia de Zamora, pocas figuras han dejado una huella tan profunda y duradera como la de Manuel Agust\u00edn M\u00e1rquez Salinas, quien este 29 de agosto celebra 106 a\u00f1os de vida. Su existencia es un testimonio de un siglo de transformaciones, desaf\u00edos y logros, tanto en su vida personal como en el desarrollo de la provincia. Manuel Agust\u00edn lleg\u00f3 en un tiempo en que la vida en Zamora era simple pero exigente, rodeada de la exuberante naturaleza amaz\u00f3nica y de la rica cultura shuar. En marzo de 1921, su familia, liderada por su abuelo paterno, lleg\u00f3 a esta provincia, don Celestino M\u00e1rquez Morales, lleg\u00f3 a esta parte, conocida como puerta de entrada al coraz\u00f3n de la Amazon\u00eda, cargando consigo las esperanzas y las dificultades de la \u00e9poca. A\u00f1os m\u00e1s tarde, lleg\u00f3 a la tierna edad de tres a\u00f1os Manuel Agust\u00edn M\u00e1rquez Salinas,\u00a0 fue tra\u00eddo en brazos a esta tierra prometedora, que a\u00fan estaba en proceso de colonizaci\u00f3n, con pocas familias asentadas y una vasta poblaci\u00f3n Shuar. Con el paso de los a\u00f1os, Manuel Agust\u00edn no solo se convirti\u00f3 en testigo del desarrollo de Zamora, sino en un actor clave en su historia. Durante los a\u00f1os 1944 a 1948, desempe\u00f1\u00f3 el cargo de presidente de la Junta Cantonal de Zamora, liderando con dedicaci\u00f3n y visi\u00f3n. Posteriormente, con la creaci\u00f3n de la provincia el 10 de noviembre de 1953, fue parte del primer cabildo democr\u00e1tico, una instituci\u00f3n que comenz\u00f3 a funcionar el 4 de diciembre de 1954. Junto a Juan Izquierdo en calidad de presidente, V\u00edctor Reyes C\u00e1rdenas vicepresidente, Hugo Arias Benavides y Adolfo de Jes\u00fas Rodas concejales. Manuel Agust\u00edn se dedic\u00f3 a consolidar las bases de la joven provincia. Hoy, \u00e9l es el \u00fanico sobreviviente de esa \u00e9poca fundacional, un libro viviente de los primeros pasos de Zamora Chinchipe como provincia. Manuel Agust\u00edn no solo destac\u00f3 en la pol\u00edtica, sino tambi\u00e9n en la vida cotidiana. Su habilidad para la carpinter\u00eda lo convirti\u00f3 en un maestro en la construcci\u00f3n de canoas y bateas, un arte que compart\u00eda con otros bogas destacados de la provincia como Rafael Lupercio, qui\u00e9n viv\u00eda en la cabecera parroquial de Cumbaratza y un hombre de apellido Pizarro, fundador de Paquisha. Las rutas acu\u00e1ticas de Zamora \u2013 Nangaritza, Zamora \u2013 Yacuambi y Zamora \u2013 Gualaquiza, que \u00e9l conoc\u00eda al dedillo, eran su hogar. Con sus propias manos, constru\u00eda las embarcaciones que luego guiaba con destreza por los r\u00edos de la regi\u00f3n, enfrentando las corrientes y la selva con el coraje y la sabidur\u00eda que solo los a\u00f1os y la experiencia pueden otorgar. El legado de Manuel Agust\u00edn M\u00e1rquez Salinas no se limita a sus logros en vida, sino que se extiende a trav\u00e9s de su familia y la comunidad que ayud\u00f3 a formar. Su hijo, el Doctor Nelson M\u00e1rquez, record\u00f3 con orgullo las contribuciones de su padre y agradeci\u00f3 al cabildo Zamorano, liderado por el alcalde Manuel Gonz\u00e1lez y concejales, por reconocer el aporte invaluable de su padre a la historia del cant\u00f3n. La ceremonia en su honor fue m\u00e1s que un homenaje; fue un acto de justicia hist\u00f3rica, un reconocimiento al hombre que, con su esfuerzo y dedicaci\u00f3n, ayud\u00f3 a forjar la identidad de Zamora. A sus 106 a\u00f1os, Manuel Agust\u00edn M\u00e1rquez Salinas sigue siendo un ejemplo de vida para quienes lo rodean. Su historia es la historia de Zamora, una historia de lucha, de progreso y de amor por la tierra que lo vio crecer. Su legado perdurar\u00e1 en la memoria colectiva de una provincia que sigue mirando hacia el futuro, inspirada por la fuerza y el esp\u00edritu indomable de uno de sus hijos m\u00e1s ilustres.<\/p>\n","protected":false},"author":1,"featured_media":18410,"comment_status":"open","ping_status":"open","sticky":false,"template":"","format":"standard","meta":{"footnotes":""},"categories":[243],"tags":[],"class_list":["post-18409","post","type-post","status-publish","format-standard","has-post-thumbnail","hentry","category-noticias-zamora"],"_links":{"self":[{"href":"https:\/\/www.elamazonico.com\/portal\/wp-json\/wp\/v2\/posts\/18409","targetHints":{"allow":["GET"]}}],"collection":[{"href":"https:\/\/www.elamazonico.com\/portal\/wp-json\/wp\/v2\/posts"}],"about":[{"href":"https:\/\/www.elamazonico.com\/portal\/wp-json\/wp\/v2\/types\/post"}],"author":[{"embeddable":true,"href":"https:\/\/www.elamazonico.com\/portal\/wp-json\/wp\/v2\/users\/1"}],"replies":[{"embeddable":true,"href":"https:\/\/www.elamazonico.com\/portal\/wp-json\/wp\/v2\/comments?post=18409"}],"version-history":[{"count":3,"href":"https:\/\/www.elamazonico.com\/portal\/wp-json\/wp\/v2\/posts\/18409\/revisions"}],"predecessor-version":[{"id":18431,"href":"https:\/\/www.elamazonico.com\/portal\/wp-json\/wp\/v2\/posts\/18409\/revisions\/18431"}],"wp:featuredmedia":[{"embeddable":true,"href":"https:\/\/www.elamazonico.com\/portal\/wp-json\/wp\/v2\/media\/18410"}],"wp:attachment":[{"href":"https:\/\/www.elamazonico.com\/portal\/wp-json\/wp\/v2\/media?parent=18409"}],"wp:term":[{"taxonomy":"category","embeddable":true,"href":"https:\/\/www.elamazonico.com\/portal\/wp-json\/wp\/v2\/categories?post=18409"},{"taxonomy":"post_tag","embeddable":true,"href":"https:\/\/www.elamazonico.com\/portal\/wp-json\/wp\/v2\/tags?post=18409"}],"curies":[{"name":"wp","href":"https:\/\/api.w.org\/{rel}","templated":true}]}}