{"id":18387,"date":"2024-08-28T06:04:10","date_gmt":"2024-08-28T11:04:10","guid":{"rendered":"https:\/\/www.elamazonico.com\/portal\/?p=18387"},"modified":"2024-08-28T06:06:49","modified_gmt":"2024-08-28T11:06:49","slug":"diego-fernando-esparza-aguirre-un-profesional-forjado-en-la-humildad-y-la-lucha-social","status":"publish","type":"post","link":"https:\/\/www.elamazonico.com\/portal\/diego-fernando-esparza-aguirre-un-profesional-forjado-en-la-humildad-y-la-lucha-social\/","title":{"rendered":"Diego Fernando Esparza Aguirre: Un profesional forjado en la humildad y la lucha social"},"content":{"rendered":"<p>Diego Fernando Esparza Aguirre, nacido en Zamora, provincia de Zamora Chinchipe, el 25 de septiembre de 1981, es un destacado ejemplo de c\u00f3mo la intrepidez y el compromiso con el bienestar social pueden mejorar vidas. Proveniente de un hogar humilde, hijo de los artesanos Jos\u00e9 Gabriel Esparza y Arminda Aguirre I\u00f1iguez, Diego es el menor de ocho hermanos en un n\u00facleo familiar numeroso que le inculc\u00f3 valores de trabajo y perseverancia desde una edad temprana.<\/p>\n<p>Formaci\u00f3n Acad\u00e9mica y Profesional<br \/>\nDesde sus inicios en la Escuela Eloy Alfaro de Zamora, pasando por la Escuela Camilo Gallegos, y posteriormente en el Colegio 12 de Febrero, donde se gradu\u00f3 como Bachiller en Ciencias Sociales, Diego Esparza siempre mostr\u00f3 un inter\u00e9s profundo por la educaci\u00f3n como herramienta de cambio. Su convicci\u00f3n de que la educaci\u00f3n es el pilar fundamental del desarrollo de la sociedad lo llev\u00f3 a continuar sus estudios en la ciudad de Loja, donde se gradu\u00f3 como Licenciado en Ciencias de la Comunicaci\u00f3n Social, obteniendo adem\u00e1s un Diplomado en Comunicaci\u00f3n P\u00fablica de la Ciencia, una Maestr\u00eda en Comunicaci\u00f3n P\u00fablica de la Ciencia y Tecnolog\u00eda, y finalmente, un t\u00edtulo de Abogado por la Universidad Nacional de Loja.<\/p>\n<p>En su vida profesional, Diego ha ocupado roles importantes como Relacionador P\u00fablico en varias instituciones; Direcci\u00f3n de Educaci\u00f3n Hispana de Zamora Chinchipe, en el Gobierno Municipal de Yantzaza, en el Instituto de la Ni\u00f1ez y la Familia (INFA), y el Ministerio de Inclusi\u00f3n Econ\u00f3mica y Social (MIES). Adem\u00e1s, su trabajo en el Consejo Nacional de Igualdad de Discapacidades (CONADIS) fue crucial para la visibilizaci\u00f3n de las personas con discapacidad y los grupos de atenci\u00f3n prioritaria. Como reportero y periodista, ha contribuido a la difusi\u00f3n de informaci\u00f3n en medios de comunicaci\u00f3n de Loja y Zamora Chinchipe, y es autor de dos libros: Ciudad de Papel y Caminos del Tiempo.<\/p>\n<p>Trayectoria Pol\u00edtica y Compromiso Social<br \/>\nDesde su adolescencia, Diego Esparza ha estado vinculado al Partido Socialista Ecuatoriano (PSE), movido por su pasi\u00f3n por la pol\u00edtica y su deseo de contribuir al desarrollo de su provincia y su pa\u00eds. En 2014, fue nombrado Gobernador de Zamora Chinchipe, y en 2021, fue electo Asamble\u00edsta Provincial, destac\u00e1ndose en la Asamblea Nacional por su elocuencia y compromiso bajo el lema \u00abZamora Chinchipe con Voz\u00bb. Su incursi\u00f3n en la pol\u00edtica fue impulsada por la necesidad de recuperar la confianza en la clase pol\u00edtica y demostrar que es posible hacer pol\u00edtica con honestidad, alej\u00e1ndose de pr\u00e1cticas corruptas y deshonestas.<\/p>\n<p>Diego Esparza, adem\u00e1s de su carrera pol\u00edtica, ha sido un entusiasta deportista, habiendo sido seleccionado en su juventud para representar a su provincia en la disciplina de baloncesto, un deporte que sigue practicando hasta la actualidad.<\/p>\n<p>Visi\u00f3n y Motivaci\u00f3n<br \/>\nLa motivaci\u00f3n de Diego Esparza para proyectarse hacia la Asamblea Nacional est\u00e1 enraizada en su firme creencia de que la pol\u00edtica debe estar al servicio del bien com\u00fan. Su mayor sue\u00f1o es ver una nueva generaci\u00f3n de pol\u00edticos honestos, con valores humanos y una formaci\u00f3n ideol\u00f3gica s\u00f3lida, que est\u00e9n alejados de las improvisaciones y del uso del poder para obtener beneficios personales.<\/p>\n<p>Quienes lo conocen saben que Diego Esparza es un hombre de origen humilde, que ha trabajado arduamente para ganarse un lugar en la sociedad. \u00abSoy un apasionado de la pol\u00edtica, y estar\u00e9 siempre para apoyar las luchas sociales que signifiquen garantizar derechos y mejorar las condiciones de vida de la gente, porque por encima de todo, creo en el ser humano y deseo lo mejor para mi tierra, porque llevo marcado en mi pecho a Zamora Chinchipe\u00bb, afirma.<\/p>\n<p>Diego Esparza Aguirre es, sin duda, un ciudadano comprometido con su provincia y su pa\u00eds, un hombre que ha sabido forjar su camino desde la humildad y que hoy lucha por un futuro mejor para las pr\u00f3ximas generaciones. Su vida y trayectoria son un ejemplo de que, con trabajo y dedicaci\u00f3n, es posible transformar la realidad de una comunidad y dejar un legado de honestidad y justicia.<\/p>\n","protected":false},"excerpt":{"rendered":"<p>Diego Fernando Esparza Aguirre, nacido en Zamora, provincia de Zamora Chinchipe, el 25 de septiembre de 1981, es un destacado ejemplo de c\u00f3mo la intrepidez y el compromiso con el bienestar social pueden mejorar vidas. Proveniente de un hogar humilde, hijo de los artesanos Jos\u00e9 Gabriel Esparza y Arminda Aguirre I\u00f1iguez, Diego es el menor de ocho hermanos en un n\u00facleo familiar numeroso que le inculc\u00f3 valores de trabajo y perseverancia desde una edad temprana. Formaci\u00f3n Acad\u00e9mica y Profesional Desde sus inicios en la Escuela Eloy Alfaro de Zamora, pasando por la Escuela Camilo Gallegos, y posteriormente en el Colegio 12 de Febrero, donde se gradu\u00f3 como Bachiller en Ciencias Sociales, Diego Esparza siempre mostr\u00f3 un inter\u00e9s profundo por la educaci\u00f3n como herramienta de cambio. Su convicci\u00f3n de que la educaci\u00f3n es el pilar fundamental del desarrollo de la sociedad lo llev\u00f3 a continuar sus estudios en la ciudad de Loja, donde se gradu\u00f3 como Licenciado en Ciencias de la Comunicaci\u00f3n Social, obteniendo adem\u00e1s un Diplomado en Comunicaci\u00f3n P\u00fablica de la Ciencia, una Maestr\u00eda en Comunicaci\u00f3n P\u00fablica de la Ciencia y Tecnolog\u00eda, y finalmente, un t\u00edtulo de Abogado por la Universidad Nacional de Loja. En su vida profesional, Diego ha ocupado roles importantes como Relacionador P\u00fablico en varias instituciones; Direcci\u00f3n de Educaci\u00f3n Hispana de Zamora Chinchipe, en el Gobierno Municipal de Yantzaza, en el Instituto de la Ni\u00f1ez y la Familia (INFA), y el Ministerio de Inclusi\u00f3n Econ\u00f3mica y Social (MIES). Adem\u00e1s, su trabajo en el Consejo Nacional de Igualdad de Discapacidades (CONADIS) fue crucial para la visibilizaci\u00f3n de las personas con discapacidad y los grupos de atenci\u00f3n prioritaria. Como reportero y periodista, ha contribuido a la difusi\u00f3n de informaci\u00f3n en medios de comunicaci\u00f3n de Loja y Zamora Chinchipe, y es autor de dos libros: Ciudad de Papel y Caminos del Tiempo. Trayectoria Pol\u00edtica y Compromiso Social Desde su adolescencia, Diego Esparza ha estado vinculado al Partido Socialista Ecuatoriano (PSE), movido por su pasi\u00f3n por la pol\u00edtica y su deseo de contribuir al desarrollo de su provincia y su pa\u00eds. En 2014, fue nombrado Gobernador de Zamora Chinchipe, y en 2021, fue electo Asamble\u00edsta Provincial, destac\u00e1ndose en la Asamblea Nacional por su elocuencia y compromiso bajo el lema \u00abZamora Chinchipe con Voz\u00bb. Su incursi\u00f3n en la pol\u00edtica fue impulsada por la necesidad de recuperar la confianza en la clase pol\u00edtica y demostrar que es posible hacer pol\u00edtica con honestidad, alej\u00e1ndose de pr\u00e1cticas corruptas y deshonestas. Diego Esparza, adem\u00e1s de su carrera pol\u00edtica, ha sido un entusiasta deportista, habiendo sido seleccionado en su juventud para representar a su provincia en la disciplina de baloncesto, un deporte que sigue practicando hasta la actualidad. Visi\u00f3n y Motivaci\u00f3n La motivaci\u00f3n de Diego Esparza para proyectarse hacia la Asamblea Nacional est\u00e1 enraizada en su firme creencia de que la pol\u00edtica debe estar al servicio del bien com\u00fan. Su mayor sue\u00f1o es ver una nueva generaci\u00f3n de pol\u00edticos honestos, con valores humanos y una formaci\u00f3n ideol\u00f3gica s\u00f3lida, que est\u00e9n alejados de las improvisaciones y del uso del poder para obtener beneficios personales. Quienes lo conocen saben que Diego Esparza es un hombre de origen humilde, que ha trabajado arduamente para ganarse un lugar en la sociedad. \u00abSoy un apasionado de la pol\u00edtica, y estar\u00e9 siempre para apoyar las luchas sociales que signifiquen garantizar derechos y mejorar las condiciones de vida de la gente, porque por encima de todo, creo en el ser humano y deseo lo mejor para mi tierra, porque llevo marcado en mi pecho a Zamora Chinchipe\u00bb, afirma. Diego Esparza Aguirre es, sin duda, un ciudadano comprometido con su provincia y su pa\u00eds, un hombre que ha sabido forjar su camino desde la humildad y que hoy lucha por un futuro mejor para las pr\u00f3ximas generaciones. Su vida y trayectoria son un ejemplo de que, con trabajo y dedicaci\u00f3n, es posible transformar la realidad de una comunidad y dejar un legado de honestidad y justicia.<\/p>\n","protected":false},"author":1,"featured_media":18388,"comment_status":"open","ping_status":"open","sticky":false,"template":"","format":"standard","meta":{"footnotes":""},"categories":[243],"tags":[],"class_list":["post-18387","post","type-post","status-publish","format-standard","has-post-thumbnail","hentry","category-noticias-zamora"],"_links":{"self":[{"href":"https:\/\/www.elamazonico.com\/portal\/wp-json\/wp\/v2\/posts\/18387","targetHints":{"allow":["GET"]}}],"collection":[{"href":"https:\/\/www.elamazonico.com\/portal\/wp-json\/wp\/v2\/posts"}],"about":[{"href":"https:\/\/www.elamazonico.com\/portal\/wp-json\/wp\/v2\/types\/post"}],"author":[{"embeddable":true,"href":"https:\/\/www.elamazonico.com\/portal\/wp-json\/wp\/v2\/users\/1"}],"replies":[{"embeddable":true,"href":"https:\/\/www.elamazonico.com\/portal\/wp-json\/wp\/v2\/comments?post=18387"}],"version-history":[{"count":1,"href":"https:\/\/www.elamazonico.com\/portal\/wp-json\/wp\/v2\/posts\/18387\/revisions"}],"predecessor-version":[{"id":18389,"href":"https:\/\/www.elamazonico.com\/portal\/wp-json\/wp\/v2\/posts\/18387\/revisions\/18389"}],"wp:featuredmedia":[{"embeddable":true,"href":"https:\/\/www.elamazonico.com\/portal\/wp-json\/wp\/v2\/media\/18388"}],"wp:attachment":[{"href":"https:\/\/www.elamazonico.com\/portal\/wp-json\/wp\/v2\/media?parent=18387"}],"wp:term":[{"taxonomy":"category","embeddable":true,"href":"https:\/\/www.elamazonico.com\/portal\/wp-json\/wp\/v2\/categories?post=18387"},{"taxonomy":"post_tag","embeddable":true,"href":"https:\/\/www.elamazonico.com\/portal\/wp-json\/wp\/v2\/tags?post=18387"}],"curies":[{"name":"wp","href":"https:\/\/api.w.org\/{rel}","templated":true}]}}