{"id":18379,"date":"2024-08-27T11:17:04","date_gmt":"2024-08-27T16:17:04","guid":{"rendered":"https:\/\/www.elamazonico.com\/portal\/?p=18379"},"modified":"2024-08-27T11:17:04","modified_gmt":"2024-08-27T16:17:04","slug":"nuevo-complejo-deportivo-para-la-atencion-de-ninos-y-jovenes-de-zamora-chinchipe","status":"publish","type":"post","link":"https:\/\/www.elamazonico.com\/portal\/nuevo-complejo-deportivo-para-la-atencion-de-ninos-y-jovenes-de-zamora-chinchipe\/","title":{"rendered":"Nuevo Complejo Deportivo para la Atenci\u00f3n de ni\u00f1os y j\u00f3venes de Zamora Chinchipe"},"content":{"rendered":"<p style=\"font-weight: 400;\">La Prefectura de Zamora Chinchipe, encabezada por la prefecta Karla Re\u00e1tegui, realiz\u00f3 la entrega de las llaves del nuevo Complejo Deportivo, Sala de Potenciaci\u00f3n y Gimnasio para la Atenci\u00f3n de ni\u00f1os y j\u00f3venes, para el servicio de los deportistas de Federaci\u00f3n Deportiva de Zamora Chinchipe. Esta administraci\u00f3n aport\u00f3 con $\u00a0<strong>263.103,27\u00a0<\/strong>de los $\u00a0<strong>432.574,12\u00a0<\/strong>valor total del proyecto.<\/p>\n<p style=\"font-weight: 400;\">El complejo deportivo est\u00e1 ubicado en la Av. Alonso de Mercadillo y P\u00edo Jaramillo (parque lineal) de la ciudad de Zamora y cuenta con espacios multifuncionales para que los ni\u00f1os y j\u00f3venes puedan entrenar y mejorar su rendimiento, con el prop\u00f3sito de incrementar la producci\u00f3n de potencia y disminuyendo el riesgo de lesi\u00f3n en sus participaciones deportivas.<\/p>\n<p style=\"font-weight: 400;\">Jonathan Alberca, entrenador de levantamiento de pesas expres\u00f3 su alegr\u00eda y profundo agradecimiento a la Prefecta por preocuparse y apoyar al \u00e1mbito deportivo\u00a0<strong><em>\u201cnuestro deporte actualmente est\u00e1 un poquito golpeado por la situaci\u00f3n econ\u00f3mica, pero dando gracias a Dios, tenemos el apoyo de las autoridades que nos ayudan con estas obras, dando cumplimiento de ellas\u201d,\u00a0<\/em><\/strong>mencion\u00f3.<\/p>\n<p style=\"font-weight: 400;\">Por su parte, la prefecta Karla Re\u00e1tegui, con cari\u00f1o y alegr\u00eda se dirigi\u00f3 a los deportistas y personal administrativo de Federaci\u00f3n Deportiva manifestando\u00a0<strong><em>\u201clo importante es que nuestros ni\u00f1os y j\u00f3venes tengan un buen uso de su tiempo y el deporte es uno de aquellos espacios en los que podemos garantizar que nuestros ni\u00f1os vayan form\u00e1ndose en disciplina y un deporte que, adem\u00e1s, puede generar glorias para cada uno de ustedes y sobre todo para la provincia\u2026\u201d.<\/em><\/strong><\/p>\n<p style=\"font-weight: 400;\">As\u00ed como se apoya con la culminaci\u00f3n de obras importantes para los ni\u00f1os, ni\u00f1as y adolescentes de la provincia, la Prefectura de Zamora Chinchipe, aporta con dos monitores mensuales para todas las Ligas Deportivas Cantonales de la provincia, adem\u00e1s de reforzar los entrenamientos en siete disciplinas con implementos deportivos.<\/p>\n","protected":false},"excerpt":{"rendered":"<p>La Prefectura de Zamora Chinchipe, encabezada por la prefecta Karla Re\u00e1tegui, realiz\u00f3 la entrega de las llaves del nuevo Complejo Deportivo, Sala de Potenciaci\u00f3n y Gimnasio para la Atenci\u00f3n de ni\u00f1os y j\u00f3venes, para el servicio de los deportistas de Federaci\u00f3n Deportiva de Zamora Chinchipe. Esta administraci\u00f3n aport\u00f3 con $\u00a0263.103,27\u00a0de los $\u00a0432.574,12\u00a0valor total del proyecto. El complejo deportivo est\u00e1 ubicado en la Av. Alonso de Mercadillo y P\u00edo Jaramillo (parque lineal) de la ciudad de Zamora y cuenta con espacios multifuncionales para que los ni\u00f1os y j\u00f3venes puedan entrenar y mejorar su rendimiento, con el prop\u00f3sito de incrementar la producci\u00f3n de potencia y disminuyendo el riesgo de lesi\u00f3n en sus participaciones deportivas. Jonathan Alberca, entrenador de levantamiento de pesas expres\u00f3 su alegr\u00eda y profundo agradecimiento a la Prefecta por preocuparse y apoyar al \u00e1mbito deportivo\u00a0\u201cnuestro deporte actualmente est\u00e1 un poquito golpeado por la situaci\u00f3n econ\u00f3mica, pero dando gracias a Dios, tenemos el apoyo de las autoridades que nos ayudan con estas obras, dando cumplimiento de ellas\u201d,\u00a0mencion\u00f3. Por su parte, la prefecta Karla Re\u00e1tegui, con cari\u00f1o y alegr\u00eda se dirigi\u00f3 a los deportistas y personal administrativo de Federaci\u00f3n Deportiva manifestando\u00a0\u201clo importante es que nuestros ni\u00f1os y j\u00f3venes tengan un buen uso de su tiempo y el deporte es uno de aquellos espacios en los que podemos garantizar que nuestros ni\u00f1os vayan form\u00e1ndose en disciplina y un deporte que, adem\u00e1s, puede generar glorias para cada uno de ustedes y sobre todo para la provincia\u2026\u201d. As\u00ed como se apoya con la culminaci\u00f3n de obras importantes para los ni\u00f1os, ni\u00f1as y adolescentes de la provincia, la Prefectura de Zamora Chinchipe, aporta con dos monitores mensuales para todas las Ligas Deportivas Cantonales de la provincia, adem\u00e1s de reforzar los entrenamientos en siete disciplinas con implementos deportivos.<\/p>\n","protected":false},"author":1,"featured_media":18380,"comment_status":"open","ping_status":"open","sticky":false,"template":"","format":"standard","meta":{"footnotes":""},"categories":[243],"tags":[],"class_list":["post-18379","post","type-post","status-publish","format-standard","has-post-thumbnail","hentry","category-noticias-zamora"],"_links":{"self":[{"href":"https:\/\/www.elamazonico.com\/portal\/wp-json\/wp\/v2\/posts\/18379","targetHints":{"allow":["GET"]}}],"collection":[{"href":"https:\/\/www.elamazonico.com\/portal\/wp-json\/wp\/v2\/posts"}],"about":[{"href":"https:\/\/www.elamazonico.com\/portal\/wp-json\/wp\/v2\/types\/post"}],"author":[{"embeddable":true,"href":"https:\/\/www.elamazonico.com\/portal\/wp-json\/wp\/v2\/users\/1"}],"replies":[{"embeddable":true,"href":"https:\/\/www.elamazonico.com\/portal\/wp-json\/wp\/v2\/comments?post=18379"}],"version-history":[{"count":1,"href":"https:\/\/www.elamazonico.com\/portal\/wp-json\/wp\/v2\/posts\/18379\/revisions"}],"predecessor-version":[{"id":18381,"href":"https:\/\/www.elamazonico.com\/portal\/wp-json\/wp\/v2\/posts\/18379\/revisions\/18381"}],"wp:featuredmedia":[{"embeddable":true,"href":"https:\/\/www.elamazonico.com\/portal\/wp-json\/wp\/v2\/media\/18380"}],"wp:attachment":[{"href":"https:\/\/www.elamazonico.com\/portal\/wp-json\/wp\/v2\/media?parent=18379"}],"wp:term":[{"taxonomy":"category","embeddable":true,"href":"https:\/\/www.elamazonico.com\/portal\/wp-json\/wp\/v2\/categories?post=18379"},{"taxonomy":"post_tag","embeddable":true,"href":"https:\/\/www.elamazonico.com\/portal\/wp-json\/wp\/v2\/tags?post=18379"}],"curies":[{"name":"wp","href":"https:\/\/api.w.org\/{rel}","templated":true}]}}